{"id":844,"date":"2023-11-02T09:27:20","date_gmt":"2023-11-02T08:27:20","guid":{"rendered":"https:\/\/agora.xtec.cat\/escolaandersen\/?p=844"},"modified":"2023-11-27T10:15:58","modified_gmt":"2023-11-27T09:15:58","slug":"celebrem-la-castanyada","status":"publish","type":"post","link":"https:\/\/agora.xtec.cat\/escolaandersen\/general\/celebrem-la-castanyada\/","title":{"rendered":"Celebrem la Castanyada"},"content":{"rendered":"<p>El dimarts a la tarda vam celebrar la Castanyada a l&#8217;escola. Els m\u00e9s petits van gaudir de la companyia de les castanyeres que els hi van repartir les castanyes i van ballar amb ells. L&#8217;alumnat m\u00e9s gran va participar en diferents jocs i despr\u00e9s tota l&#8217;escola va poder degustar un petit tastet de productes de tardor fets pels mateixos infants. M\u00e9s tard, a partir de les 17h l&#8217;AFA va oferir castanyes i amb la col\u00b7laboraci\u00f3 de totes les fam\u00edlies es va compartir un berenar delici\u00f3s.\u00a0Si us ve de gust veure les fotos podeu anar a la carpeta del Drive amb el nom <em>Fam\u00edlies Fotos Escola<\/em> dins la carpeta <em>Castanyada<\/em>, us deixem l&#8217;enlla\u00e7:<\/p>\n<p>&nbsp;<\/p>\n<p style=\"text-align: center;\"><a href=\"https:\/\/agora.xtec.cat\/escolaandersen\/wp-content\/uploads\/usu2380\/2023\/11\/descarga.jpg\"><img loading=\"lazy\" decoding=\"async\" class=\"alignnone size-full wp-image-845\" src=\"https:\/\/agora.xtec.cat\/escolaandersen\/wp-content\/uploads\/usu2380\/2023\/11\/descarga.jpg\" alt=\"\" width=\"259\" height=\"194\" srcset=\"https:\/\/agora.xtec.cat\/escolaandersen\/wp-content\/uploads\/usu2380\/2023\/11\/descarga.jpg 259w, https:\/\/agora.xtec.cat\/escolaandersen\/wp-content\/uploads\/usu2380\/2023\/11\/descarga-200x150.jpg 200w\" sizes=\"auto, (max-width: 259px) 100vw, 259px\" \/><\/a><\/p>\n<p style=\"text-align: center;\"><a href=\"https:\/\/drive.google.com\/drive\/u\/2\/folders\/1zHkfsQQpaVRnkoPrTYBsMrN5tdg7qV3F\" target=\"_blank\" rel=\"noopener\">Fotos castanyada<\/a><\/p>\n<p>&nbsp;<\/p>\n","protected":false},"excerpt":{"rendered":"<p>El dimarts a la tarda vam celebrar la Castanyada a l&#8217;escola. Els m\u00e9s petits van gaudir de la companyia de les castanyeres que els hi van repartir les castanyes i van ballar amb ells. L&#8217;alumnat m\u00e9s gran va participar en diferents jocs i despr\u00e9s tota&hellip;  <a href=\"https:\/\/agora.xtec.cat\/escolaandersen\/general\/celebrem-la-castanyada\/\" title=\"Read Celebrem la Castanyada\">Llegeix m\u00e9s\u00bb<\/a><\/p>\n","protected":false},"author":1,"featured_media":0,"comment_status":"open","ping_status":"closed","sticky":false,"template":"","format":"standard","meta":{"_bbp_topic_count":0,"_bbp_reply_count":0,"_bbp_total_topic_count":0,"_bbp_total_reply_count":0,"_bbp_voice_count":0,"_bbp_anonymous_reply_count":0,"_bbp_topic_count_hidden":0,"_bbp_reply_count_hidden":0,"_bbp_forum_subforum_count":0,"footnotes":""},"categories":[1,4],"tags":[108,79,71,109,75,69],"class_list":["post-844","post","type-post","status-publish","format-standard","hentry","category-general","category-portada","tag-castanyada","tag-educacio","tag-escola","tag-festes","tag-osona","tag-vic"],"post_mailing_queue_ids":[],"_links":{"self":[{"href":"https:\/\/agora.xtec.cat\/escolaandersen\/wp-json\/wp\/v2\/posts\/844","targetHints":{"allow":["GET"]}}],"collection":[{"href":"https:\/\/agora.xtec.cat\/escolaandersen\/wp-json\/wp\/v2\/posts"}],"about":[{"href":"https:\/\/agora.xtec.cat\/escolaandersen\/wp-json\/wp\/v2\/types\/post"}],"author":[{"embeddable":true,"href":"https:\/\/agora.xtec.cat\/escolaandersen\/wp-json\/wp\/v2\/users\/1"}],"replies":[{"embeddable":true,"href":"https:\/\/agora.xtec.cat\/escolaandersen\/wp-json\/wp\/v2\/comments?post=844"}],"version-history":[{"count":1,"href":"https:\/\/agora.xtec.cat\/escolaandersen\/wp-json\/wp\/v2\/posts\/844\/revisions"}],"predecessor-version":[{"id":846,"href":"https:\/\/agora.xtec.cat\/escolaandersen\/wp-json\/wp\/v2\/posts\/844\/revisions\/846"}],"wp:attachment":[{"href":"https:\/\/agora.xtec.cat\/escolaandersen\/wp-json\/wp\/v2\/media?parent=844"}],"wp:term":[{"taxonomy":"category","embeddable":true,"href":"https:\/\/agora.xtec.cat\/escolaandersen\/wp-json\/wp\/v2\/categories?post=844"},{"taxonomy":"post_tag","embeddable":true,"href":"https:\/\/agora.xtec.cat\/escolaandersen\/wp-json\/wp\/v2\/tags?post=844"}],"curies":[{"name":"wp","href":"https:\/\/api.w.org\/{rel}","templated":true}]}}