{"id":829,"date":"2023-10-25T15:25:22","date_gmt":"2023-10-25T13:25:22","guid":{"rendered":"https:\/\/agora.xtec.cat\/escolaandersen\/?p=829"},"modified":"2023-10-26T20:46:37","modified_gmt":"2023-10-26T18:46:37","slug":"colonies-4t-a-lestartit-ultim-dia","status":"publish","type":"post","link":"https:\/\/agora.xtec.cat\/escolaandersen\/general\/colonies-4t-a-lestartit-ultim-dia\/","title":{"rendered":"COL\u00d2NIES 4t A L\u2019ESTARTIT &#8211; \u00daltim dia"},"content":{"rendered":"<p>Bona tarda, fam\u00edlies!<\/p>\n<p>Avui tamb\u00e9 hem passat un fant\u00e0stic dia. Amb les fotos podreu veure quin mat\u00ed tan espectacular hem tingut. Hem pogut disfrutar d\u2019una passejada per les Illes Medes amb el vaixell Nautilus i hem pogut veure el fons mar\u00ed.<\/p>\n<p>Ara ja estem al bus de tornada a l\u2019escola. Ens veiem d\u2019aqu\u00ed una estoneta!<\/p>\n<p>Recordeu que podeu veure les fotos a la carpeta compartida del Drive<a href=\"https:\/\/drive.google.com\/drive\/folders\/1TOYr_LaN4jvYkbDQFEQEvV0uN_xGeWGQ\" target=\"_blank\" rel=\"noopener\">carpeta compartida del Drive<\/a>!<\/p>\n<p><a href=\"https:\/\/agora.xtec.cat\/escolaandersen\/wp-content\/uploads\/usu2380\/2023\/10\/IMG_4460.jpeg\"><img loading=\"lazy\" decoding=\"async\" class=\"size-large wp-image-830 aligncenter\" src=\"https:\/\/agora.xtec.cat\/escolaandersen\/wp-content\/uploads\/usu2380\/2023\/10\/IMG_4460-1024x755.jpeg\" alt=\"\" width=\"1024\" height=\"755\" srcset=\"https:\/\/agora.xtec.cat\/escolaandersen\/wp-content\/uploads\/usu2380\/2023\/10\/IMG_4460-1024x755.jpeg 1024w, https:\/\/agora.xtec.cat\/escolaandersen\/wp-content\/uploads\/usu2380\/2023\/10\/IMG_4460-300x221.jpeg 300w, https:\/\/agora.xtec.cat\/escolaandersen\/wp-content\/uploads\/usu2380\/2023\/10\/IMG_4460-768x566.jpeg 768w, https:\/\/agora.xtec.cat\/escolaandersen\/wp-content\/uploads\/usu2380\/2023\/10\/IMG_4460.jpeg 1125w\" sizes=\"auto, (max-width: 1024px) 100vw, 1024px\" \/><\/a><\/p>\n","protected":false},"excerpt":{"rendered":"<p>Bona tarda, fam\u00edlies!<br \/>\nAvui tamb\u00e9 hem passat un fant\u00e0stic dia. Amb les fotos podreu veure quin mat\u00ed tan espectacular hem tingut. Hem pogut disfrutar d\u2019una passejada per les Illes Medes amb el vaixell Nautilus i hem pogut veure el fons mar\u00ed.<br \/>\nAra ja estem al bus de&hellip;  <a href=\"https:\/\/agora.xtec.cat\/escolaandersen\/general\/colonies-4t-a-lestartit-ultim-dia\/\" title=\"Read COL\u00d2NIES 4t A L\u2019ESTARTIT &#8211; \u00daltim dia\">Llegeix m\u00e9s\u00bb<\/a><\/p>\n","protected":false},"author":6,"featured_media":0,"comment_status":"closed","ping_status":"closed","sticky":false,"template":"","format":"standard","meta":{"_bbp_topic_count":0,"_bbp_reply_count":0,"_bbp_total_topic_count":0,"_bbp_total_reply_count":0,"_bbp_voice_count":0,"_bbp_anonymous_reply_count":0,"_bbp_topic_count_hidden":0,"_bbp_reply_count_hidden":0,"_bbp_forum_subforum_count":0,"footnotes":""},"categories":[1,4],"tags":[70,68,71,77,75,69],"class_list":["post-829","post","type-post","status-publish","format-standard","hentry","category-general","category-portada","tag-andersen","tag-colonies","tag-escola","tag-estartit","tag-osona","tag-vic"],"post_mailing_queue_ids":[],"_links":{"self":[{"href":"https:\/\/agora.xtec.cat\/escolaandersen\/wp-json\/wp\/v2\/posts\/829","targetHints":{"allow":["GET"]}}],"collection":[{"href":"https:\/\/agora.xtec.cat\/escolaandersen\/wp-json\/wp\/v2\/posts"}],"about":[{"href":"https:\/\/agora.xtec.cat\/escolaandersen\/wp-json\/wp\/v2\/types\/post"}],"author":[{"embeddable":true,"href":"https:\/\/agora.xtec.cat\/escolaandersen\/wp-json\/wp\/v2\/users\/6"}],"replies":[{"embeddable":true,"href":"https:\/\/agora.xtec.cat\/escolaandersen\/wp-json\/wp\/v2\/comments?post=829"}],"version-history":[{"count":1,"href":"https:\/\/agora.xtec.cat\/escolaandersen\/wp-json\/wp\/v2\/posts\/829\/revisions"}],"predecessor-version":[{"id":831,"href":"https:\/\/agora.xtec.cat\/escolaandersen\/wp-json\/wp\/v2\/posts\/829\/revisions\/831"}],"wp:attachment":[{"href":"https:\/\/agora.xtec.cat\/escolaandersen\/wp-json\/wp\/v2\/media?parent=829"}],"wp:term":[{"taxonomy":"category","embeddable":true,"href":"https:\/\/agora.xtec.cat\/escolaandersen\/wp-json\/wp\/v2\/categories?post=829"},{"taxonomy":"post_tag","embeddable":true,"href":"https:\/\/agora.xtec.cat\/escolaandersen\/wp-json\/wp\/v2\/tags?post=829"}],"curies":[{"name":"wp","href":"https:\/\/api.w.org\/{rel}","templated":true}]}}