{"id":824,"date":"2023-10-24T23:41:52","date_gmt":"2023-10-24T21:41:52","guid":{"rendered":"https:\/\/agora.xtec.cat\/escolaandersen\/?p=824"},"modified":"2023-10-26T20:46:18","modified_gmt":"2023-10-26T18:46:18","slug":"colonies-4t-a-lestartit-2n-dia","status":"publish","type":"post","link":"https:\/\/agora.xtec.cat\/escolaandersen\/general\/colonies-4t-a-lestartit-2n-dia\/","title":{"rendered":"COL\u00d2NIES 4t A L&#8217;ESTARTIT &#8211; 2n DIA"},"content":{"rendered":"<p>Bona nit, fam\u00edlies!<\/p>\n<p>Avui hem passat un meravell\u00f3s segon dia de col\u00f2nies! Ha fet un temps espl\u00e8ndid que ens ha perm\u00e8s fer totes les activitats previstes.<\/p>\n<p>Ens hem divertit molt fent construccions de sorra i jocs a la platja, activitats d&#8217;aventura (tirolina i pont tibet\u00e0) i tir amb arc.<\/p>\n<p>Despr\u00e9s de sopar hem fet un bon &#8220;bailoteo&#8221; a la disco!<\/p>\n<p>Recordeu que podeu veure les fotos a la <a href=\"https:\/\/drive.google.com\/drive\/folders\/1y6ZicR-Whr1kANgYzE6Dj_qQDt97QeX4?usp=drive_link\" target=\"_blank\" rel=\"noopener\">carpeta compartida del Drive<\/a>.<\/p>\n<p><a href=\"https:\/\/agora.xtec.cat\/escolaandersen\/wp-content\/uploads\/usu2380\/2023\/10\/2N-DIA.jpg\"><img loading=\"lazy\" decoding=\"async\" class=\"wp-image-826 aligncenter\" src=\"https:\/\/agora.xtec.cat\/escolaandersen\/wp-content\/uploads\/usu2380\/2023\/10\/2N-DIA.jpg\" alt=\"\" width=\"561\" height=\"421\" srcset=\"https:\/\/agora.xtec.cat\/escolaandersen\/wp-content\/uploads\/usu2380\/2023\/10\/2N-DIA.jpg 970w, https:\/\/agora.xtec.cat\/escolaandersen\/wp-content\/uploads\/usu2380\/2023\/10\/2N-DIA-300x225.jpg 300w, https:\/\/agora.xtec.cat\/escolaandersen\/wp-content\/uploads\/usu2380\/2023\/10\/2N-DIA-768x577.jpg 768w, https:\/\/agora.xtec.cat\/escolaandersen\/wp-content\/uploads\/usu2380\/2023\/10\/2N-DIA-200x150.jpg 200w\" sizes=\"auto, (max-width: 561px) 100vw, 561px\" \/><\/a><\/p>\n","protected":false},"excerpt":{"rendered":"<p>Bona nit, fam\u00edlies!<br \/>\nAvui hem passat un meravell\u00f3s segon dia de col\u00f2nies! Ha fet un temps espl\u00e8ndid que ens ha perm\u00e8s fer totes les activitats previstes.<br \/>\nEns hem divertit molt fent construccions de sorra i jocs a la platja, activitats d&#8217;aventura (tirolina i pont tibet\u00e0) i tir&hellip;  <a href=\"https:\/\/agora.xtec.cat\/escolaandersen\/general\/colonies-4t-a-lestartit-2n-dia\/\" title=\"Read COL\u00d2NIES 4t A L&#8217;ESTARTIT &#8211; 2n DIA\">Llegeix m\u00e9s\u00bb<\/a><\/p>\n","protected":false},"author":6,"featured_media":0,"comment_status":"closed","ping_status":"closed","sticky":false,"template":"","format":"standard","meta":{"_bbp_topic_count":0,"_bbp_reply_count":0,"_bbp_total_topic_count":0,"_bbp_total_reply_count":0,"_bbp_voice_count":0,"_bbp_anonymous_reply_count":0,"_bbp_topic_count_hidden":0,"_bbp_reply_count_hidden":0,"_bbp_forum_subforum_count":0,"footnotes":""},"categories":[1,4],"tags":[70,68,71,77,75,69],"class_list":["post-824","post","type-post","status-publish","format-standard","hentry","category-general","category-portada","tag-andersen","tag-colonies","tag-escola","tag-estartit","tag-osona","tag-vic"],"post_mailing_queue_ids":[],"_links":{"self":[{"href":"https:\/\/agora.xtec.cat\/escolaandersen\/wp-json\/wp\/v2\/posts\/824","targetHints":{"allow":["GET"]}}],"collection":[{"href":"https:\/\/agora.xtec.cat\/escolaandersen\/wp-json\/wp\/v2\/posts"}],"about":[{"href":"https:\/\/agora.xtec.cat\/escolaandersen\/wp-json\/wp\/v2\/types\/post"}],"author":[{"embeddable":true,"href":"https:\/\/agora.xtec.cat\/escolaandersen\/wp-json\/wp\/v2\/users\/6"}],"replies":[{"embeddable":true,"href":"https:\/\/agora.xtec.cat\/escolaandersen\/wp-json\/wp\/v2\/comments?post=824"}],"version-history":[{"count":2,"href":"https:\/\/agora.xtec.cat\/escolaandersen\/wp-json\/wp\/v2\/posts\/824\/revisions"}],"predecessor-version":[{"id":828,"href":"https:\/\/agora.xtec.cat\/escolaandersen\/wp-json\/wp\/v2\/posts\/824\/revisions\/828"}],"wp:attachment":[{"href":"https:\/\/agora.xtec.cat\/escolaandersen\/wp-json\/wp\/v2\/media?parent=824"}],"wp:term":[{"taxonomy":"category","embeddable":true,"href":"https:\/\/agora.xtec.cat\/escolaandersen\/wp-json\/wp\/v2\/categories?post=824"},{"taxonomy":"post_tag","embeddable":true,"href":"https:\/\/agora.xtec.cat\/escolaandersen\/wp-json\/wp\/v2\/tags?post=824"}],"curies":[{"name":"wp","href":"https:\/\/api.w.org\/{rel}","templated":true}]}}