{"id":815,"date":"2023-10-24T00:12:01","date_gmt":"2023-10-23T22:12:01","guid":{"rendered":"https:\/\/agora.xtec.cat\/escolaandersen\/?p=815"},"modified":"2023-10-24T10:47:00","modified_gmt":"2023-10-24T08:47:00","slug":"colonies-4t-a-lestartit-1r-dia","status":"publish","type":"post","link":"https:\/\/agora.xtec.cat\/escolaandersen\/general\/colonies-4t-a-lestartit-1r-dia\/","title":{"rendered":"COL\u00d2NIES 4t A L&#8217;ESTARTIT &#8211; 1r Dia"},"content":{"rendered":"<p>Bona nit, fam\u00edlies!<\/p>\n<p>Ja hem gaudit del primer dia de col\u00f2nies. Ha anat tot molt b\u00e9 i ens ho hem passat genial.<\/p>\n<p>Al mat\u00ed, quan hem arribat, ens hem instal\u00b7lat a les habitacions. Hem tingut una estona per con\u00e8ixer l&#8217;entorn i jugar. Despr\u00e9s de dinar hem fet cam\u00ed cap al port de l&#8217;Estartit per fer l&#8217;activitat del litoral roc\u00f3s on, tot i que el mar estava molt mogut, hem tingut l&#8217;oportunitat de jugar amb l&#8217;aigua, buscar animals marins i observar de ben a prop un eri\u00e7\u00f3 de mar i un pop.<\/p>\n<p>Despr\u00e9s de sopar hem fet un joc de nit i ara ja estem tots a punt per dormir.<\/p>\n<p><strong>Recordeu que podeu veure totes les fotos a la <a href=\"https:\/\/drive.google.com\/drive\/folders\/1mjEk19l7CawelNAQGnwN9QiqpVttoEss?usp=sharing\" target=\"_blank\" rel=\"noopener\">carpeta compartida del Drive!<\/a><\/strong><\/p>\n<p><a href=\"https:\/\/agora.xtec.cat\/escolaandersen\/wp-content\/uploads\/usu2380\/2023\/10\/IMG_4259-1-rotated.jpg\"><img loading=\"lazy\" decoding=\"async\" class=\"wp-image-816 aligncenter\" src=\"https:\/\/agora.xtec.cat\/escolaandersen\/wp-content\/uploads\/usu2380\/2023\/10\/IMG_4259-1-768x1024.jpg\" alt=\"\" width=\"480\" height=\"640\" srcset=\"https:\/\/agora.xtec.cat\/escolaandersen\/wp-content\/uploads\/usu2380\/2023\/10\/IMG_4259-1-768x1024.jpg 768w, https:\/\/agora.xtec.cat\/escolaandersen\/wp-content\/uploads\/usu2380\/2023\/10\/IMG_4259-1-225x300.jpg 225w, https:\/\/agora.xtec.cat\/escolaandersen\/wp-content\/uploads\/usu2380\/2023\/10\/IMG_4259-1-1152x1536.jpg 1152w, https:\/\/agora.xtec.cat\/escolaandersen\/wp-content\/uploads\/usu2380\/2023\/10\/IMG_4259-1-rotated.jpg 1512w\" sizes=\"auto, (max-width: 480px) 100vw, 480px\" \/><\/a><\/p>\n<p>&nbsp;<\/p>\n","protected":false},"excerpt":{"rendered":"<p>Bona nit, fam\u00edlies!<br \/>\nJa hem gaudit del primer dia de col\u00f2nies. Ha anat tot molt b\u00e9 i ens ho hem passat genial.<br \/>\nAl mat\u00ed, quan hem arribat, ens hem instal\u00b7lat a les habitacions. Hem tingut una estona per con\u00e8ixer l&#8217;entorn i jugar. Despr\u00e9s de dinar hem fet&hellip;  <a href=\"https:\/\/agora.xtec.cat\/escolaandersen\/general\/colonies-4t-a-lestartit-1r-dia\/\" title=\"Read COL\u00d2NIES 4t A L&#8217;ESTARTIT &#8211; 1r Dia\">Llegeix m\u00e9s\u00bb<\/a><\/p>\n","protected":false},"author":6,"featured_media":0,"comment_status":"closed","ping_status":"closed","sticky":false,"template":"","format":"standard","meta":{"_bbp_topic_count":0,"_bbp_reply_count":0,"_bbp_total_topic_count":0,"_bbp_total_reply_count":0,"_bbp_voice_count":0,"_bbp_anonymous_reply_count":0,"_bbp_topic_count_hidden":0,"_bbp_reply_count_hidden":0,"_bbp_forum_subforum_count":0,"footnotes":""},"categories":[1,4],"tags":[70,73,68,71,72,74,69],"class_list":["post-815","post","type-post","status-publish","format-standard","hentry","category-general","category-portada","tag-andersen","tag-cicle-mitja","tag-colonies","tag-escola","tag-primaria","tag-quart","tag-vic"],"post_mailing_queue_ids":[],"_links":{"self":[{"href":"https:\/\/agora.xtec.cat\/escolaandersen\/wp-json\/wp\/v2\/posts\/815","targetHints":{"allow":["GET"]}}],"collection":[{"href":"https:\/\/agora.xtec.cat\/escolaandersen\/wp-json\/wp\/v2\/posts"}],"about":[{"href":"https:\/\/agora.xtec.cat\/escolaandersen\/wp-json\/wp\/v2\/types\/post"}],"author":[{"embeddable":true,"href":"https:\/\/agora.xtec.cat\/escolaandersen\/wp-json\/wp\/v2\/users\/6"}],"replies":[{"embeddable":true,"href":"https:\/\/agora.xtec.cat\/escolaandersen\/wp-json\/wp\/v2\/comments?post=815"}],"version-history":[{"count":2,"href":"https:\/\/agora.xtec.cat\/escolaandersen\/wp-json\/wp\/v2\/posts\/815\/revisions"}],"predecessor-version":[{"id":818,"href":"https:\/\/agora.xtec.cat\/escolaandersen\/wp-json\/wp\/v2\/posts\/815\/revisions\/818"}],"wp:attachment":[{"href":"https:\/\/agora.xtec.cat\/escolaandersen\/wp-json\/wp\/v2\/media?parent=815"}],"wp:term":[{"taxonomy":"category","embeddable":true,"href":"https:\/\/agora.xtec.cat\/escolaandersen\/wp-json\/wp\/v2\/categories?post=815"},{"taxonomy":"post_tag","embeddable":true,"href":"https:\/\/agora.xtec.cat\/escolaandersen\/wp-json\/wp\/v2\/tags?post=815"}],"curies":[{"name":"wp","href":"https:\/\/api.w.org\/{rel}","templated":true}]}}