{"id":2651,"date":"2026-04-17T09:12:37","date_gmt":"2026-04-17T07:12:37","guid":{"rendered":"https:\/\/agora.xtec.cat\/escolaandersen\/?p=2651"},"modified":"2026-04-17T09:12:37","modified_gmt":"2026-04-17T07:12:37","slug":"setmana-de-les-lletres","status":"publish","type":"post","link":"https:\/\/agora.xtec.cat\/escolaandersen\/portada\/setmana-de-les-lletres\/","title":{"rendered":"Setmana de les lletres"},"content":{"rendered":"<div>\n<p>Benvolgudes fam\u00edlies,<\/p>\n<p>Ens plau compartir amb vosaltres les activitats previstes per a la <strong>Setmana de les Lletres<\/strong>, que celebrarem la setmana vinent a l\u2019escola.<\/p>\n<ul>\n<li><strong>Dilluns 20<\/strong>, iniciarem la setmana descobrint l\u2019escriptor que ens visitar\u00e0: en <b>Miquel Desclot<\/b>, avi d&#8217;en Lloren\u00e7 i la Blanca de l\u2019escola. Cada dia llegirem un dels seus poemes, i l\u2019alumnat que ho desitgi podr\u00e0 preparar-ne la lectura per compartir-la a l\u2019aula.<\/li>\n<li><b>Dimarts 21<\/b>, l&#8217;alumnat de 5\u00e8 rebr\u00e0 la visita de l\u2019autora <strong>Gisela Pou, <\/strong>dins el programa <i>Autors a les aules<\/i><strong>.\u00a0<\/strong>\u00a0Es\u00a0prepararan preguntes per con\u00e8ixer-la millor i comentaran aspectes del seu llibre <em>Palmira i l\u2019efecte cris\u00e0lide<\/em>.<\/li>\n<li><strong>Dijous 23 al mat\u00ed<\/strong>, celebrarem l\u2019acte de lliurament de premis de la Setmana de les Lletres i gaudirem de l\u2019obra de teatre de l&#8217;alumnat de 4t, que representar\u00e0\u00a0<em>La llegenda de Sant Jordi<\/em>. A la tarda, l\u2019obra s\u2019oferir\u00e0 a les seves fam\u00edlies i, tot seguit, tindr\u00e0 lloc l\u2019arribada del cavaller per v\u00e8ncer el drac. <i>Us esperem a les <strong>16 h<\/strong> per compartir aquest moment tan especial!<\/i><\/li>\n<li><strong>Divendres 24 d\u2019abril al mat\u00ed<\/strong>, en Miquel Desclot compartir\u00e0 una estona amb tot l\u2019alumnat de l&#8217;escola. Coneixeran de primera m\u00e0 com s&#8217;escriu un llibre i com es creen poemes que fan volar la imaginaci\u00f3.<\/li>\n<li><b>DURANT AQUESTA SETMANA\u00a0<\/b>us convidem a visitar l&#8217;<b>exposici\u00f3 liter\u00e0ria\u00a0<\/b>que trobareu <b>als porxos <\/b>de l&#8217;escola on podreu <b>llegir els poemes<\/b> que han descobert els vostres fills i filles a les aules, com tamb\u00e9 els treballs que han presentat al concurs literari de l&#8217;escola.<\/li>\n<\/ul>\n<p>Esperem que sigui una setmana plena de literatura, emocions i moments compartits.<\/p>\n<p>Moltes gr\u00e0cies per la vostra col\u00b7laboraci\u00f3 i participaci\u00f3.<\/p>\n<p>Atentament,<\/p>\n<p>Equip Directiu<\/p>\n<\/div>\n","protected":false},"excerpt":{"rendered":"<p>Benvolgudes fam\u00edlies,<br \/>\nEns plau compartir amb vosaltres les activitats previstes per a la Setmana de les Lletres, que celebrarem la setmana vinent a l\u2019escola.<\/p>\n<ul>\n<li>Dilluns 20, iniciarem la setmana descobrint l\u2019escriptor que ens visitar\u00e0: en Miquel Desclot, avi d&#8217;en Lloren\u00e7 i la Blanca de l\u2019escola. Cada dia&hellip;  <a href=\"https:\/\/agora.xtec.cat\/escolaandersen\/portada\/setmana-de-les-lletres\/\" title=\"Read Setmana de les lletres\">Llegeix m\u00e9s\u00bb<\/a><br \/>\n","protected":false},"author":4,"featured_media":2652,"comment_status":"open","ping_status":"open","sticky":false,"template":"","format":"standard","meta":{"_bbp_topic_count":0,"_bbp_reply_count":0,"_bbp_total_topic_count":0,"_bbp_total_reply_count":0,"_bbp_voice_count":0,"_bbp_anonymous_reply_count":0,"_bbp_topic_count_hidden":0,"_bbp_reply_count_hidden":0,"_bbp_forum_subforum_count":0,"footnotes":""},"categories":[4],"tags":[],"class_list":["post-2651","post","type-post","status-publish","format-standard","has-post-thumbnail","hentry","category-portada"],"post_mailing_queue_ids":[],"_links":{"self":[{"href":"https:\/\/agora.xtec.cat\/escolaandersen\/wp-json\/wp\/v2\/posts\/2651","targetHints":{"allow":["GET"]}}],"collection":[{"href":"https:\/\/agora.xtec.cat\/escolaandersen\/wp-json\/wp\/v2\/posts"}],"about":[{"href":"https:\/\/agora.xtec.cat\/escolaandersen\/wp-json\/wp\/v2\/types\/post"}],"author":[{"embeddable":true,"href":"https:\/\/agora.xtec.cat\/escolaandersen\/wp-json\/wp\/v2\/users\/4"}],"replies":[{"embeddable":true,"href":"https:\/\/agora.xtec.cat\/escolaandersen\/wp-json\/wp\/v2\/comments?post=2651"}],"version-history":[{"count":1,"href":"https:\/\/agora.xtec.cat\/escolaandersen\/wp-json\/wp\/v2\/posts\/2651\/revisions"}],"predecessor-version":[{"id":2653,"href":"https:\/\/agora.xtec.cat\/escolaandersen\/wp-json\/wp\/v2\/posts\/2651\/revisions\/2653"}],"wp:featuredmedia":[{"embeddable":true,"href":"https:\/\/agora.xtec.cat\/escolaandersen\/wp-json\/wp\/v2\/media\/2652"}],"wp:attachment":[{"href":"https:\/\/agora.xtec.cat\/escolaandersen\/wp-json\/wp\/v2\/media?parent=2651"}],"wp:term":[{"taxonomy":"category","embeddable":true,"href":"https:\/\/agora.xtec.cat\/escolaandersen\/wp-json\/wp\/v2\/categories?post=2651"},{"taxonomy":"post_tag","embeddable":true,"href":"https:\/\/agora.xtec.cat\/escolaandersen\/wp-json\/wp\/v2\/tags?post=2651"}],"curies":[{"name":"wp","href":"https:\/\/api.w.org\/{rel}","templated":true}]}}