{"id":2648,"date":"2026-04-16T16:19:22","date_gmt":"2026-04-16T14:19:22","guid":{"rendered":"https:\/\/agora.xtec.cat\/escolaandersen\/?p=2648"},"modified":"2026-04-16T16:19:22","modified_gmt":"2026-04-16T14:19:22","slug":"preinscripcio-curs-2026-2027","status":"publish","type":"post","link":"https:\/\/agora.xtec.cat\/escolaandersen\/general\/preinscripcio-curs-2026-2027\/","title":{"rendered":"Preinscripci\u00f3 curs 2026-2027"},"content":{"rendered":"<h4>Dates de preinscripci\u00f3: del 4 al 18 de mar\u00e7 de 2026<\/h4>\n<hr \/>\n<div class=\"elementor-element elementor-element-6ba3fa2 elementor-widget elementor-widget-text-editor\" data-id=\"6ba3fa2\" data-element_type=\"text-editor.default\">\n<div class=\"elementor-widget-container\">\n<div class=\"elementor-text-editor elementor-clearfix\">\n<div class=\"FW_sPregunta FW_sImpacte\">\n<div class=\"FW_sArticleFoto\">\n<div class=\"FW_sEditPro\">\n<div class=\"FW_sPregunta FW_sImpacte\">\n<div class=\"FW_sArticleFoto\">\n<div class=\"FW_sEditPro\">\n<ul>\n<li>Publicaci\u00f3 de l\u2019oferta inicial:\u00a0<a href=\"https:\/\/drive.google.com\/file\/d\/1uIMXlrSfdWjDftx9Deqk5L4n7mPv1SCb\/view?usp=sharing\" target=\"_blank\" rel=\"noopener\">Veure.<\/a><\/li>\n<li>Presentaci\u00f3 de sol\u00b7licituds:\u00a0<strong>del 4 al 18 de mar\u00e7<\/strong><\/li>\n<li>Llista de sol\u00b7licituds amb la puntuaci\u00f3 provisional: 15 d\u2019abril.\u00a0<a href=\"https:\/\/drive.google.com\/file\/d\/1KnS1r2qwGEzF_b1-wnP6jiCfWXcCFMan\/view?usp=sharing\" target=\"_blank\" rel=\"noopener\">Veure<\/a><\/li>\n<li>Presentaci\u00f3 de reclamacions: del 15 al 20 d\u2019abril.<\/li>\n<li>Llista de sol\u00b7licituds resoltes les reclamacions: 23 d\u2019abril. Veure<strong><br \/>\n<\/strong><\/li>\n<li>Sorteig del n\u00famero de desempat: 28 d\u2019abril<\/li>\n<li>Llista ordenada definitiva: 29 d\u2019abril. Veure<\/li>\n<li>Llista d\u2019alumnes preinscrits, admesos \u00a0i llista d\u2019espera: 10 de juny<\/li>\n<\/ul>\n<h4>Matr\u00edcula del 22 al 30 de juny<\/h4>\n<\/div>\n<\/div>\n<\/div>\n<\/div>\n<\/div>\n<\/div>\n<\/div>\n<\/div>\n<\/div>\n","protected":false},"excerpt":{"rendered":"<p>Dates de preinscripci\u00f3: del 4 al 18 de mar\u00e7 de 2026<\/p>\n<ul>\n<li>Publicaci\u00f3 de l\u2019oferta inicial:\u00a0<a href=\"https:\/\/drive.google.com\/file\/d\/1uIMXlrSfdWjDftx9Deqk5L4n7mPv1SCb\/view?usp=sharing\" target=\"_blank\" rel=\"noopener\">Veure.<\/a><\/li>\n<li>Presentaci\u00f3 de sol\u00b7licituds:\u00a0del 4 al 18 de mar\u00e7<\/li>\n<li>Llista de sol\u00b7licituds amb la puntuaci\u00f3 provisional: 15 d\u2019abril.\u00a0<a href=\"https:\/\/drive.google.com\/file\/d\/1KnS1r2qwGEzF_b1-wnP6jiCfWXcCFMan\/view?usp=sharing\" target=\"_blank\" rel=\"noopener\">Veure<\/a><\/li>\n<li>Presentaci\u00f3 de reclamacions: del 15 al 20 d\u2019abril.<\/li>\n<li>Llista de sol\u00b7licituds resoltes&hellip;  <a href=\"https:\/\/agora.xtec.cat\/escolaandersen\/general\/preinscripcio-curs-2026-2027\/\" title=\"Read Preinscripci\u00f3 curs 2026-2027\">Llegeix m\u00e9s\u00bb<\/a><br \/>\n","protected":false},"author":4,"featured_media":0,"comment_status":"open","ping_status":"open","sticky":false,"template":"","format":"standard","meta":{"_bbp_topic_count":0,"_bbp_reply_count":0,"_bbp_total_topic_count":0,"_bbp_total_reply_count":0,"_bbp_voice_count":0,"_bbp_anonymous_reply_count":0,"_bbp_topic_count_hidden":0,"_bbp_reply_count_hidden":0,"_bbp_forum_subforum_count":0,"footnotes":""},"categories":[1,4,137],"tags":[],"class_list":["post-2648","post","type-post","status-publish","format-standard","hentry","category-general","category-portada","category-preinscripcio26-27"],"post_mailing_queue_ids":[],"_links":{"self":[{"href":"https:\/\/agora.xtec.cat\/escolaandersen\/wp-json\/wp\/v2\/posts\/2648","targetHints":{"allow":["GET"]}}],"collection":[{"href":"https:\/\/agora.xtec.cat\/escolaandersen\/wp-json\/wp\/v2\/posts"}],"about":[{"href":"https:\/\/agora.xtec.cat\/escolaandersen\/wp-json\/wp\/v2\/types\/post"}],"author":[{"embeddable":true,"href":"https:\/\/agora.xtec.cat\/escolaandersen\/wp-json\/wp\/v2\/users\/4"}],"replies":[{"embeddable":true,"href":"https:\/\/agora.xtec.cat\/escolaandersen\/wp-json\/wp\/v2\/comments?post=2648"}],"version-history":[{"count":2,"href":"https:\/\/agora.xtec.cat\/escolaandersen\/wp-json\/wp\/v2\/posts\/2648\/revisions"}],"predecessor-version":[{"id":2650,"href":"https:\/\/agora.xtec.cat\/escolaandersen\/wp-json\/wp\/v2\/posts\/2648\/revisions\/2650"}],"wp:attachment":[{"href":"https:\/\/agora.xtec.cat\/escolaandersen\/wp-json\/wp\/v2\/media?parent=2648"}],"wp:term":[{"taxonomy":"category","embeddable":true,"href":"https:\/\/agora.xtec.cat\/escolaandersen\/wp-json\/wp\/v2\/categories?post=2648"},{"taxonomy":"post_tag","embeddable":true,"href":"https:\/\/agora.xtec.cat\/escolaandersen\/wp-json\/wp\/v2\/tags?post=2648"}],"curies":[{"name":"wp","href":"https:\/\/api.w.org\/{rel}","templated":true}]}}