{"id":2618,"date":"2026-03-06T10:27:20","date_gmt":"2026-03-06T09:27:20","guid":{"rendered":"https:\/\/agora.xtec.cat\/escolaandersen\/?p=2618"},"modified":"2026-03-12T11:26:46","modified_gmt":"2026-03-12T10:26:46","slug":"ultims-dies-a-les-obagues","status":"publish","type":"post","link":"https:\/\/agora.xtec.cat\/escolaandersen\/general\/ultims-dies-a-les-obagues\/","title":{"rendered":"\u00daltims dies a Les Obagues"},"content":{"rendered":"<p><a href=\"https:\/\/agora.xtec.cat\/escolaandersen\/wp-content\/uploads\/usu2380\/2026\/03\/88161892-8610-428A-8C27-888A79266716.jpeg\"><img loading=\"lazy\" decoding=\"async\" class=\"alignnone size-large wp-image-2619 aligncenter\" src=\"https:\/\/agora.xtec.cat\/escolaandersen\/wp-content\/uploads\/usu2380\/2026\/03\/88161892-8610-428A-8C27-888A79266716-768x1024.jpeg\" alt=\"\" width=\"768\" height=\"1024\" srcset=\"https:\/\/agora.xtec.cat\/escolaandersen\/wp-content\/uploads\/usu2380\/2026\/03\/88161892-8610-428A-8C27-888A79266716-768x1024.jpeg 768w, https:\/\/agora.xtec.cat\/escolaandersen\/wp-content\/uploads\/usu2380\/2026\/03\/88161892-8610-428A-8C27-888A79266716-225x300.jpeg 225w, https:\/\/agora.xtec.cat\/escolaandersen\/wp-content\/uploads\/usu2380\/2026\/03\/88161892-8610-428A-8C27-888A79266716-1152x1536.jpeg 1152w, https:\/\/agora.xtec.cat\/escolaandersen\/wp-content\/uploads\/usu2380\/2026\/03\/88161892-8610-428A-8C27-888A79266716.jpeg 1530w\" sizes=\"auto, (max-width: 768px) 100vw, 768px\" \/><\/a><\/p>\n<p>Ja estem a l&#8217;\u00faltim dia!<\/p>\n<p>Han sigut unes col\u00f2nies brutals! Tots i totes ens ho hem passat molt b\u00e9 i marxem de Les Obagues amb molt bons records. Al final la pluja s&#8217;ha portat molt b\u00e9 i ens ha deixat jugar molt per aquest entorn.<\/p>\n<p>Fam\u00edlies, tornem molt cansats, per\u00f2 molt contents!!!<\/p>\n","protected":false},"excerpt":{"rendered":"<p><a href=\"https:\/\/agora.xtec.cat\/escolaandersen\/wp-content\/uploads\/usu2380\/2026\/03\/88161892-8610-428A-8C27-888A79266716.jpeg\"><\/a><br \/>\nJa estem a l&#8217;\u00faltim dia!<br \/>\nHan sigut unes col\u00f2nies brutals! Tots i totes ens ho hem passat molt b\u00e9 i marxem de Les Obagues amb molt bons records. Al final la pluja s&#8217;ha portat molt b\u00e9 i ens ha deixat jugar molt per aquest entorn.<br \/>\nFam\u00edlies,&hellip;  <a href=\"https:\/\/agora.xtec.cat\/escolaandersen\/general\/ultims-dies-a-les-obagues\/\" title=\"Read \u00daltims dies a Les Obagues\">Llegeix m\u00e9s\u00bb<\/a><\/p>\n","protected":false},"author":6,"featured_media":0,"comment_status":"open","ping_status":"open","sticky":false,"template":"","format":"standard","meta":{"_bbp_topic_count":0,"_bbp_reply_count":0,"_bbp_total_topic_count":0,"_bbp_total_reply_count":0,"_bbp_voice_count":0,"_bbp_anonymous_reply_count":0,"_bbp_topic_count_hidden":0,"_bbp_reply_count_hidden":0,"_bbp_forum_subforum_count":0,"footnotes":""},"categories":[136,1],"tags":[],"class_list":["post-2618","post","type-post","status-publish","format-standard","hentry","category-cicle-superior","category-general"],"post_mailing_queue_ids":[],"_links":{"self":[{"href":"https:\/\/agora.xtec.cat\/escolaandersen\/wp-json\/wp\/v2\/posts\/2618","targetHints":{"allow":["GET"]}}],"collection":[{"href":"https:\/\/agora.xtec.cat\/escolaandersen\/wp-json\/wp\/v2\/posts"}],"about":[{"href":"https:\/\/agora.xtec.cat\/escolaandersen\/wp-json\/wp\/v2\/types\/post"}],"author":[{"embeddable":true,"href":"https:\/\/agora.xtec.cat\/escolaandersen\/wp-json\/wp\/v2\/users\/6"}],"replies":[{"embeddable":true,"href":"https:\/\/agora.xtec.cat\/escolaandersen\/wp-json\/wp\/v2\/comments?post=2618"}],"version-history":[{"count":2,"href":"https:\/\/agora.xtec.cat\/escolaandersen\/wp-json\/wp\/v2\/posts\/2618\/revisions"}],"predecessor-version":[{"id":2621,"href":"https:\/\/agora.xtec.cat\/escolaandersen\/wp-json\/wp\/v2\/posts\/2618\/revisions\/2621"}],"wp:attachment":[{"href":"https:\/\/agora.xtec.cat\/escolaandersen\/wp-json\/wp\/v2\/media?parent=2618"}],"wp:term":[{"taxonomy":"category","embeddable":true,"href":"https:\/\/agora.xtec.cat\/escolaandersen\/wp-json\/wp\/v2\/categories?post=2618"},{"taxonomy":"post_tag","embeddable":true,"href":"https:\/\/agora.xtec.cat\/escolaandersen\/wp-json\/wp\/v2\/tags?post=2618"}],"curies":[{"name":"wp","href":"https:\/\/api.w.org\/{rel}","templated":true}]}}