{"id":2584,"date":"2026-02-27T17:53:53","date_gmt":"2026-02-27T16:53:53","guid":{"rendered":"https:\/\/agora.xtec.cat\/escolaandersen\/?p=2584"},"modified":"2026-02-27T17:53:53","modified_gmt":"2026-02-27T16:53:53","slug":"afa-informa-55","status":"publish","type":"post","link":"https:\/\/agora.xtec.cat\/escolaandersen\/afa\/afa-informa-55\/","title":{"rendered":"AFA Informa 55"},"content":{"rendered":"<p><a href=\"https:\/\/agora.xtec.cat\/escolaandersen\/wp-content\/uploads\/usu2380\/2023\/11\/cap_afainforma.png\"><img loading=\"lazy\" decoding=\"async\" class=\"alignnone size-full wp-image-904\" src=\"https:\/\/agora.xtec.cat\/escolaandersen\/wp-content\/uploads\/usu2380\/2023\/11\/cap_afainforma.png\" alt=\"\" width=\"1280\" height=\"222\" srcset=\"https:\/\/agora.xtec.cat\/escolaandersen\/wp-content\/uploads\/usu2380\/2023\/11\/cap_afainforma.png 1280w, https:\/\/agora.xtec.cat\/escolaandersen\/wp-content\/uploads\/usu2380\/2023\/11\/cap_afainforma-300x52.png 300w, https:\/\/agora.xtec.cat\/escolaandersen\/wp-content\/uploads\/usu2380\/2023\/11\/cap_afainforma-1024x178.png 1024w, https:\/\/agora.xtec.cat\/escolaandersen\/wp-content\/uploads\/usu2380\/2023\/11\/cap_afainforma-768x133.png 768w\" sizes=\"auto, (max-width: 1280px) 100vw, 1280px\" \/><\/a><\/p>\n<p>&nbsp;<\/p>\n<p dir=\"ltr\" role=\"presentation\"><a href=\"#seccio-1\">CARNESTOLTES DE LA CIUTAT<\/a><\/p>\n<p dir=\"ltr\" role=\"presentation\"><a href=\"#seccio-2\">LOTERIA<\/a><\/p>\n<p dir=\"ltr\" role=\"presentation\"><a href=\"#seccio-3\">AGENDA<\/a><\/p>\n<hr \/>\n<p>&nbsp;<\/p>\n<h1 dir=\"ltr\"><a id=\"seccio-1\"><\/a>CARNESTOLTES DE LA CIUTAT<\/h1>\n<p>Benvolgudes fam\u00edlies,<\/p>\n<p>Us volem agrair de tot cor la vostra participaci\u00f3 al Carnestoltes de la ciutat. Va ser una jornada molt especial, plena d\u2019alegria, on petits i grans vam gaudir plegats.<\/p>\n<p>Aquest \u00e9s el segon any que hi participem com a escola, i ens fa molta il\u00b7lusi\u00f3 veure que cada any som m\u00e9s fam\u00edlies implicades.<\/p>\n<p>Volem fer un agra\u00efment especial a totes les persones que vau aportar materials, temps i el remolc per fer possible la carrossa. Sense vosaltres no hauria estat possible!<\/p>\n<p>Us deixem una imatge de la nostra compar\u00e7a, &#8220;Tot per construir&#8221;!<\/p>\n<p>&nbsp;<\/p>\n<p><a href=\"https:\/\/agora.xtec.cat\/escolaandersen\/wp-content\/uploads\/usu2380\/2026\/02\/comparca-carnaval-2.jpg\"><img loading=\"lazy\" decoding=\"async\" class=\"alignnone wp-image-2588\" src=\"https:\/\/agora.xtec.cat\/escolaandersen\/wp-content\/uploads\/usu2380\/2026\/02\/comparca-carnaval-2.jpg\" alt=\"\" width=\"714\" height=\"1460\" \/><\/a><\/p>\n<hr \/>\n<p>&nbsp;<\/p>\n<h1 dir=\"ltr\"><a id=\"seccio-2\"><\/a>LOTERIA<\/h1>\n<p>La recaptaci\u00f3 amb la Loteria de l&#8217;AFA obtinguda aquest any \u00e9s de 1178 \u20ac provinents de la venta de butlletes, m\u00e9s els 480 \u20ac del premi dels dos reintegraments. Els diners seran per millores a la nostra escola,\u00a0 de totes maneres l&#8217;equip directiu encara no ens ha fet saber amb qu\u00e8 els voldr\u00e0 invertir.<\/p>\n<p>Un agra\u00efment sincer a totes les fam\u00edlies que hi han participat!<\/p>\n<hr \/>\n<p>&nbsp;<\/p>\n<h1 dir=\"ltr\"><a id=\"seccio-3\"><\/a>AGENDA<\/h1>\n<p><a href=\"https:\/\/agora.xtec.cat\/escolaandersen\/wp-content\/uploads\/usu2380\/2026\/02\/Yellow-Post-it-Note-Class-Reminder-Classroom-Announcement-1.png\"><img loading=\"lazy\" decoding=\"async\" class=\"alignnone wp-image-2591\" src=\"https:\/\/agora.xtec.cat\/escolaandersen\/wp-content\/uploads\/usu2380\/2026\/02\/Yellow-Post-it-Note-Class-Reminder-Classroom-Announcement-1.png\" alt=\"\" width=\"623\" height=\"644\" \/><\/a><\/p>\n<p>&nbsp;<\/p>\n<hr \/>\n<p>&nbsp;<\/p>\n","protected":false},"excerpt":{"rendered":"<p><a href=\"https:\/\/agora.xtec.cat\/escolaandersen\/wp-content\/uploads\/usu2380\/2023\/11\/cap_afainforma.png\"><\/a><br \/>\n&nbsp;<br \/>\n<a href=\"#seccio-1\">CARNESTOLTES DE LA CIUTAT<\/a><br \/>\n<a href=\"#seccio-2\">LOTERIA<\/a><br \/>\n<a href=\"#seccio-3\">AGENDA<\/a><\/p>\n<p>&nbsp;<br \/>\n<a id=\"seccio-1\"><\/a>CARNESTOLTES DE LA CIUTAT<br \/>\nBenvolgudes fam\u00edlies,<br \/>\nUs volem agrair de tot cor la vostra participaci\u00f3 al Carnestoltes de la ciutat. Va ser una jornada molt especial, plena d\u2019alegria, on petits i grans vam gaudir plegats.<br \/>\nAquest \u00e9s el segon any&hellip;  <a href=\"https:\/\/agora.xtec.cat\/escolaandersen\/afa\/afa-informa-55\/\" title=\"Read AFA Informa 55\">Llegeix m\u00e9s\u00bb<\/a><\/p>\n","protected":false},"author":3,"featured_media":0,"comment_status":"open","ping_status":"open","sticky":false,"template":"","format":"standard","meta":{"_bbp_topic_count":0,"_bbp_reply_count":0,"_bbp_total_topic_count":0,"_bbp_total_reply_count":0,"_bbp_voice_count":0,"_bbp_anonymous_reply_count":0,"_bbp_topic_count_hidden":0,"_bbp_reply_count_hidden":0,"_bbp_forum_subforum_count":0,"footnotes":""},"categories":[7],"tags":[],"class_list":["post-2584","post","type-post","status-publish","format-standard","hentry","category-afa"],"post_mailing_queue_ids":[],"_links":{"self":[{"href":"https:\/\/agora.xtec.cat\/escolaandersen\/wp-json\/wp\/v2\/posts\/2584","targetHints":{"allow":["GET"]}}],"collection":[{"href":"https:\/\/agora.xtec.cat\/escolaandersen\/wp-json\/wp\/v2\/posts"}],"about":[{"href":"https:\/\/agora.xtec.cat\/escolaandersen\/wp-json\/wp\/v2\/types\/post"}],"author":[{"embeddable":true,"href":"https:\/\/agora.xtec.cat\/escolaandersen\/wp-json\/wp\/v2\/users\/3"}],"replies":[{"embeddable":true,"href":"https:\/\/agora.xtec.cat\/escolaandersen\/wp-json\/wp\/v2\/comments?post=2584"}],"version-history":[{"count":6,"href":"https:\/\/agora.xtec.cat\/escolaandersen\/wp-json\/wp\/v2\/posts\/2584\/revisions"}],"predecessor-version":[{"id":2594,"href":"https:\/\/agora.xtec.cat\/escolaandersen\/wp-json\/wp\/v2\/posts\/2584\/revisions\/2594"}],"wp:attachment":[{"href":"https:\/\/agora.xtec.cat\/escolaandersen\/wp-json\/wp\/v2\/media?parent=2584"}],"wp:term":[{"taxonomy":"category","embeddable":true,"href":"https:\/\/agora.xtec.cat\/escolaandersen\/wp-json\/wp\/v2\/categories?post=2584"},{"taxonomy":"post_tag","embeddable":true,"href":"https:\/\/agora.xtec.cat\/escolaandersen\/wp-json\/wp\/v2\/tags?post=2584"}],"curies":[{"name":"wp","href":"https:\/\/api.w.org\/{rel}","templated":true}]}}