{"id":2572,"date":"2026-02-09T15:48:30","date_gmt":"2026-02-09T14:48:30","guid":{"rendered":"https:\/\/agora.xtec.cat\/escolaandersen\/?p=2572"},"modified":"2026-02-09T15:48:30","modified_gmt":"2026-02-09T14:48:30","slug":"carnestoltes-a-lescola","status":"publish","type":"post","link":"https:\/\/agora.xtec.cat\/escolaandersen\/portada\/carnestoltes-a-lescola\/","title":{"rendered":"Carnestoltes a l&#8217;escola"},"content":{"rendered":"<p>Aquest mat\u00ed ha arribat a l\u2019escola el Rei Carnestoltes amb la tem\u00e0tica\u00a0<strong>\u201cLa crisi de l\u2019habitatge\u201d<\/strong>, i ha donat el tret de sortida a una setmana plena d\u2019alegria, xerinola i gresca.<\/p>\n<p>Volem aprofitar per agrair molt sincerament la gran feina feta per l&#8217;alumnat de\u00a0<strong>5\u00e8<\/strong>, que han preparat amb tanta il\u00b7lusi\u00f3, cura i dedicaci\u00f3 tot el que comporta aquesta festa. Gr\u00e0cies al seu esfor\u00e7, podem gaudir d\u2019un\u00a0Carnestoltes ben especial.<\/p>\n<p>El Rei Carnestoltes ens ha fet arribar les\u00a0<strong>consignes per a cada dia de la setmana<\/strong>, que trobareu adjuntes en aquest mateix correu.<\/p>\n<p>Ens espera una setmana ben divertida que segur que gaudirem plegats!<\/p>\n<p><a href=\"https:\/\/agora.xtec.cat\/escolaandersen\/wp-content\/uploads\/usu2380\/2026\/02\/WhatsApp-Image-2026-02-09-at-11.41.48.jpeg\"><img loading=\"lazy\" decoding=\"async\" class=\"alignnone size-large wp-image-2574\" src=\"https:\/\/agora.xtec.cat\/escolaandersen\/wp-content\/uploads\/usu2380\/2026\/02\/WhatsApp-Image-2026-02-09-at-11.41.48-1024x768.jpeg\" alt=\"\" width=\"1024\" height=\"768\" srcset=\"https:\/\/agora.xtec.cat\/escolaandersen\/wp-content\/uploads\/usu2380\/2026\/02\/WhatsApp-Image-2026-02-09-at-11.41.48-1024x768.jpeg 1024w, https:\/\/agora.xtec.cat\/escolaandersen\/wp-content\/uploads\/usu2380\/2026\/02\/WhatsApp-Image-2026-02-09-at-11.41.48-300x225.jpeg 300w, https:\/\/agora.xtec.cat\/escolaandersen\/wp-content\/uploads\/usu2380\/2026\/02\/WhatsApp-Image-2026-02-09-at-11.41.48-768x576.jpeg 768w, https:\/\/agora.xtec.cat\/escolaandersen\/wp-content\/uploads\/usu2380\/2026\/02\/WhatsApp-Image-2026-02-09-at-11.41.48-1536x1152.jpeg 1536w, https:\/\/agora.xtec.cat\/escolaandersen\/wp-content\/uploads\/usu2380\/2026\/02\/WhatsApp-Image-2026-02-09-at-11.41.48-200x150.jpeg 200w, https:\/\/agora.xtec.cat\/escolaandersen\/wp-content\/uploads\/usu2380\/2026\/02\/WhatsApp-Image-2026-02-09-at-11.41.48.jpeg 1600w\" sizes=\"auto, (max-width: 1024px) 100vw, 1024px\" \/><\/a><\/p>\n<p>&nbsp;<\/p>\n","protected":false},"excerpt":{"rendered":"<p>Aquest mat\u00ed ha arribat a l\u2019escola el Rei Carnestoltes amb la tem\u00e0tica\u00a0\u201cLa crisi de l\u2019habitatge\u201d, i ha donat el tret de sortida a una setmana plena d\u2019alegria, xerinola i gresca.<br \/>\nVolem aprofitar per agrair molt sincerament la gran feina feta per l&#8217;alumnat de\u00a05\u00e8, que han preparat&hellip;  <a href=\"https:\/\/agora.xtec.cat\/escolaandersen\/portada\/carnestoltes-a-lescola\/\" title=\"Read Carnestoltes a l&#8217;escola\">Llegeix m\u00e9s\u00bb<\/a><\/p>\n","protected":false},"author":4,"featured_media":2573,"comment_status":"open","ping_status":"open","sticky":false,"template":"","format":"standard","meta":{"_bbp_topic_count":0,"_bbp_reply_count":0,"_bbp_total_topic_count":0,"_bbp_total_reply_count":0,"_bbp_voice_count":0,"_bbp_anonymous_reply_count":0,"_bbp_topic_count_hidden":0,"_bbp_reply_count_hidden":0,"_bbp_forum_subforum_count":0,"footnotes":""},"categories":[4],"tags":[],"class_list":["post-2572","post","type-post","status-publish","format-standard","has-post-thumbnail","hentry","category-portada"],"post_mailing_queue_ids":[],"_links":{"self":[{"href":"https:\/\/agora.xtec.cat\/escolaandersen\/wp-json\/wp\/v2\/posts\/2572","targetHints":{"allow":["GET"]}}],"collection":[{"href":"https:\/\/agora.xtec.cat\/escolaandersen\/wp-json\/wp\/v2\/posts"}],"about":[{"href":"https:\/\/agora.xtec.cat\/escolaandersen\/wp-json\/wp\/v2\/types\/post"}],"author":[{"embeddable":true,"href":"https:\/\/agora.xtec.cat\/escolaandersen\/wp-json\/wp\/v2\/users\/4"}],"replies":[{"embeddable":true,"href":"https:\/\/agora.xtec.cat\/escolaandersen\/wp-json\/wp\/v2\/comments?post=2572"}],"version-history":[{"count":1,"href":"https:\/\/agora.xtec.cat\/escolaandersen\/wp-json\/wp\/v2\/posts\/2572\/revisions"}],"predecessor-version":[{"id":2575,"href":"https:\/\/agora.xtec.cat\/escolaandersen\/wp-json\/wp\/v2\/posts\/2572\/revisions\/2575"}],"wp:featuredmedia":[{"embeddable":true,"href":"https:\/\/agora.xtec.cat\/escolaandersen\/wp-json\/wp\/v2\/media\/2573"}],"wp:attachment":[{"href":"https:\/\/agora.xtec.cat\/escolaandersen\/wp-json\/wp\/v2\/media?parent=2572"}],"wp:term":[{"taxonomy":"category","embeddable":true,"href":"https:\/\/agora.xtec.cat\/escolaandersen\/wp-json\/wp\/v2\/categories?post=2572"},{"taxonomy":"post_tag","embeddable":true,"href":"https:\/\/agora.xtec.cat\/escolaandersen\/wp-json\/wp\/v2\/tags?post=2572"}],"curies":[{"name":"wp","href":"https:\/\/api.w.org\/{rel}","templated":true}]}}