{"id":2550,"date":"2026-01-08T16:50:35","date_gmt":"2026-01-08T15:50:35","guid":{"rendered":"https:\/\/agora.xtec.cat\/escolaandersen\/?p=2550"},"modified":"2026-01-08T16:56:52","modified_gmt":"2026-01-08T15:56:52","slug":"el-cau-de-les-estrelles","status":"publish","type":"post","link":"https:\/\/agora.xtec.cat\/escolaandersen\/portada\/el-cau-de-les-estrelles\/","title":{"rendered":"EL CAU DE LES ESTRELLES"},"content":{"rendered":"<h3 data-start=\"167\" data-end=\"237\">EL CAU DE LES ESTRELLES: un espai acollidor per cr\u00e9ixer i aprendre<\/h3>\n<p data-start=\"239\" data-end=\"434\">A la nostra escola hem posat en marxa &#8220;<strong data-start=\"277\" data-end=\"304\">El cau de les estrelles&#8221;<\/strong>, un espai pensat per atendre l\u2019alumnat amb necessitats educatives especials en un entorn tranquil, segur i acollidor.<\/p>\n<p data-start=\"436\" data-end=\"713\">Recentment, l\u2019espai s\u2019ha <strong data-start=\"461\" data-end=\"473\">reformat<\/strong> amb l\u2019objectiu de crear un ambient c\u00e0lid i relaxat que afavoreixi el benestar emocional i l\u2019aprenentatge. El nou disseny permet dur a terme un treball dist\u00e8s, respectant els ritmes de cada\u00a0infant i fomentant la concentraci\u00f3 i la calma.<\/p>\n<p data-start=\"715\" data-end=\"1064\">Paral\u00b7lelament, estem immersos en la <strong data-start=\"752\" data-end=\"792\">creaci\u00f3 i classificaci\u00f3 de materials<\/strong> per construir un <strong data-start=\"810\" data-end=\"830\">banc de recursos<\/strong> que sigui \u00fatil i accessible per a tot l\u2019alumnat que ho necessiti. Aquests materials estan pensats per donar resposta a diferents necessitats educatives, facilitant l\u2019adaptaci\u00f3 de les activitats i promovent una educaci\u00f3 m\u00e9s inclusiva.<\/p>\n<p data-start=\"1066\" data-end=\"1258\">El cau de les estrelles neix amb la voluntat de ser un <strong data-start=\"1121\" data-end=\"1170\">espai de suport, acompanyament i oportunitats<\/strong>, on cada infant pugui sentir-se valorat, escoltat i capa\u00e7 de brillar amb llum pr\u00f2pia.<\/p>\n<div style=\"width: 800px;\" class=\"wp-video\"><!--[if lt IE 9]><script>document.createElement('video');<\/script><![endif]-->\n<video class=\"wp-video-shortcode\" id=\"video-2550-1\" width=\"800\" height=\"424\" preload=\"metadata\" controls=\"controls\"><source type=\"video\/mp4\" src=\"https:\/\/agora.xtec.cat\/escolaandersen\/wp-content\/uploads\/usu2380\/2026\/01\/WhatsApp-Video-2026-01-08-at-16.45.31.mp4?_=1\" \/><a href=\"https:\/\/agora.xtec.cat\/escolaandersen\/wp-content\/uploads\/usu2380\/2026\/01\/WhatsApp-Video-2026-01-08-at-16.45.31.mp4\">https:\/\/agora.xtec.cat\/escolaandersen\/wp-content\/uploads\/usu2380\/2026\/01\/WhatsApp-Video-2026-01-08-at-16.45.31.mp4<\/a><\/video><\/div>\n","protected":false},"excerpt":{"rendered":"<p>EL CAU DE LES ESTRELLES: un espai acollidor per cr\u00e9ixer i aprendre<br \/>\nA la nostra escola hem posat en marxa &#8220;El cau de les estrelles&#8221;, un espai pensat per atendre l\u2019alumnat amb necessitats educatives especials en un entorn tranquil, segur i acollidor.<br \/>\nRecentment, l\u2019espai s\u2019ha reformat amb&hellip;  <a href=\"https:\/\/agora.xtec.cat\/escolaandersen\/portada\/el-cau-de-les-estrelles\/\" title=\"Read EL CAU DE LES ESTRELLES\">Llegeix m\u00e9s\u00bb<\/a><\/p>\n","protected":false},"author":4,"featured_media":2558,"comment_status":"open","ping_status":"open","sticky":false,"template":"","format":"standard","meta":{"_bbp_topic_count":0,"_bbp_reply_count":0,"_bbp_total_topic_count":0,"_bbp_total_reply_count":0,"_bbp_voice_count":0,"_bbp_anonymous_reply_count":0,"_bbp_topic_count_hidden":0,"_bbp_reply_count_hidden":0,"_bbp_forum_subforum_count":0,"footnotes":""},"categories":[4],"tags":[],"class_list":["post-2550","post","type-post","status-publish","format-standard","has-post-thumbnail","hentry","category-portada"],"post_mailing_queue_ids":[],"_links":{"self":[{"href":"https:\/\/agora.xtec.cat\/escolaandersen\/wp-json\/wp\/v2\/posts\/2550","targetHints":{"allow":["GET"]}}],"collection":[{"href":"https:\/\/agora.xtec.cat\/escolaandersen\/wp-json\/wp\/v2\/posts"}],"about":[{"href":"https:\/\/agora.xtec.cat\/escolaandersen\/wp-json\/wp\/v2\/types\/post"}],"author":[{"embeddable":true,"href":"https:\/\/agora.xtec.cat\/escolaandersen\/wp-json\/wp\/v2\/users\/4"}],"replies":[{"embeddable":true,"href":"https:\/\/agora.xtec.cat\/escolaandersen\/wp-json\/wp\/v2\/comments?post=2550"}],"version-history":[{"count":6,"href":"https:\/\/agora.xtec.cat\/escolaandersen\/wp-json\/wp\/v2\/posts\/2550\/revisions"}],"predecessor-version":[{"id":2563,"href":"https:\/\/agora.xtec.cat\/escolaandersen\/wp-json\/wp\/v2\/posts\/2550\/revisions\/2563"}],"wp:featuredmedia":[{"embeddable":true,"href":"https:\/\/agora.xtec.cat\/escolaandersen\/wp-json\/wp\/v2\/media\/2558"}],"wp:attachment":[{"href":"https:\/\/agora.xtec.cat\/escolaandersen\/wp-json\/wp\/v2\/media?parent=2550"}],"wp:term":[{"taxonomy":"category","embeddable":true,"href":"https:\/\/agora.xtec.cat\/escolaandersen\/wp-json\/wp\/v2\/categories?post=2550"},{"taxonomy":"post_tag","embeddable":true,"href":"https:\/\/agora.xtec.cat\/escolaandersen\/wp-json\/wp\/v2\/tags?post=2550"}],"curies":[{"name":"wp","href":"https:\/\/api.w.org\/{rel}","templated":true}]}}