{"id":2527,"date":"2025-12-18T15:00:10","date_gmt":"2025-12-18T14:00:10","guid":{"rendered":"https:\/\/agora.xtec.cat\/escolaandersen\/?p=2527"},"modified":"2025-12-18T15:00:10","modified_gmt":"2025-12-18T14:00:10","slug":"afa-informa-54","status":"publish","type":"post","link":"https:\/\/agora.xtec.cat\/escolaandersen\/afa\/afa-informa-54\/","title":{"rendered":"AFA Informa 54"},"content":{"rendered":"<p><a href=\"https:\/\/agora.xtec.cat\/escolaandersen\/wp-content\/uploads\/usu2380\/2023\/11\/cap_afainforma.png\"><img loading=\"lazy\" decoding=\"async\" class=\"alignnone size-full wp-image-904\" src=\"https:\/\/agora.xtec.cat\/escolaandersen\/wp-content\/uploads\/usu2380\/2023\/11\/cap_afainforma.png\" alt=\"\" width=\"1280\" height=\"222\" srcset=\"https:\/\/agora.xtec.cat\/escolaandersen\/wp-content\/uploads\/usu2380\/2023\/11\/cap_afainforma.png 1280w, https:\/\/agora.xtec.cat\/escolaandersen\/wp-content\/uploads\/usu2380\/2023\/11\/cap_afainforma-300x52.png 300w, https:\/\/agora.xtec.cat\/escolaandersen\/wp-content\/uploads\/usu2380\/2023\/11\/cap_afainforma-1024x178.png 1024w, https:\/\/agora.xtec.cat\/escolaandersen\/wp-content\/uploads\/usu2380\/2023\/11\/cap_afainforma-768x133.png 768w\" sizes=\"auto, (max-width: 1280px) 100vw, 1280px\" \/><\/a><\/p>\n<p dir=\"ltr\" role=\"presentation\"><a href=\"#seccio-1\">VALORACI\u00d3 MERCAT DE LES 5R<\/a><\/p>\n<p dir=\"ltr\" role=\"presentation\"><a href=\"#seccio-2\">BIBLIOTECA DE LES COSES<\/a><\/p>\n<p dir=\"ltr\" role=\"presentation\"><a href=\"#seccio-3\">CARNESTOLTES DE LA CIUTAT<\/a><\/p>\n<p dir=\"ltr\" role=\"presentation\"><a href=\"#seccio-4\">FELICITACI\u00d3<\/a><\/p>\n<hr \/>\n<h1 dir=\"ltr\"><a id=\"seccio-1\"><\/a>VALORACI\u00d3 MERCAT DE LES 5R<\/h1>\n<p>El passat diumenge 30 de novembre es va celebrar <strong>la dissetena edici\u00f3 del Mercat de les 5R<\/strong> (Reduir, Reutilitzar, Reciclar, Reparar i Recuperar). Com ja \u00e9s habitual, els alumnes de 4t, 5\u00e8 i 6\u00e8 van treballar de valent per poder oferir al p\u00fablic unes parades ben decorades amb materials reciclats i amb clars missatges referents a la cura que hem de tenir del nostre planeta. Es van vendre molts jocs i joguines, disfresses, roba, llibres i altres materials que encara poden tenir una segona vida perqu\u00e8 es troben en bon estat.<\/p>\n<p>A banda de les parades dels infants, els <strong>Amics de l\u2019Andersen<\/strong> van preparar xocolata calenta per fer passar millor el fred que feia i les fam\u00edlies van portar pastissos casolans que es van vendre a la mateixa parada dels Amics.<\/p>\n<p>Igual com els darrers anys, es va valorar totes les parades tenint en compte: els materials utilitzats i la seva decoraci\u00f3; els productes a vendre i la seva col\u00b7locaci\u00f3 en la parada; el treball en equip dels \u201cparadistes\u201d; i finalment, les estrat\u00e8gies utilitzades per vendre els seus productes.<\/p>\n<p>Despr\u00e9s d\u2019una dif\u00edcil valoraci\u00f3 de totes les parades es va donar com a guanyadora la parada \u201cMar Brillant\u201d. Enguany, com a premi a la millor parada, el regal va ser una samarreta de l\u2019Andersen per a cadasc\u00fa dels membres de la parada guanyadora.<\/p>\n<p><a href=\"https:\/\/agora.xtec.cat\/escolaandersen\/wp-content\/uploads\/usu2380\/2025\/12\/Picture1.png\"><img loading=\"lazy\" decoding=\"async\" class=\"alignnone size-full wp-image-2532\" src=\"https:\/\/agora.xtec.cat\/escolaandersen\/wp-content\/uploads\/usu2380\/2025\/12\/Picture1.png\" alt=\"\" width=\"939\" height=\"702\" srcset=\"https:\/\/agora.xtec.cat\/escolaandersen\/wp-content\/uploads\/usu2380\/2025\/12\/Picture1.png 939w, https:\/\/agora.xtec.cat\/escolaandersen\/wp-content\/uploads\/usu2380\/2025\/12\/Picture1-300x224.png 300w, https:\/\/agora.xtec.cat\/escolaandersen\/wp-content\/uploads\/usu2380\/2025\/12\/Picture1-768x574.png 768w, https:\/\/agora.xtec.cat\/escolaandersen\/wp-content\/uploads\/usu2380\/2025\/12\/Picture1-200x150.png 200w\" sizes=\"auto, (max-width: 939px) 100vw, 939px\" \/><\/a><\/p>\n<p>En aquesta edici\u00f3 del Mercat de les 5R entre totes les parades es va recaptar un total de<strong> 1.505,21 \u20ac<\/strong> i pels donatius de la xocolatada i la venda de pastissos es van recaptar <strong>376,61\u202f\u20ac<\/strong>. Aquests diners es destinaran a millores de l\u2019escola durant el Dia del Pencaire.<br \/>\nEls objectes que no es van vendre al mercat els ha recollit <strong>l\u2019associaci\u00f3 Ashes de Vic.<\/strong><\/p>\n<p>Moltes gr\u00e0cies per fer-ho possible!<\/p>\n<hr \/>\n<h1 dir=\"ltr\"><a id=\"seccio-2\"><\/a>BIBLIOTECA DE LES COSES<\/h1>\n<p>Arrel de la visita de la *Biblioteca de les coses* al mercat de les 5R us presentem el projecte&#8230;<\/p>\n<p>\ud83d\ude80 *Imagina una biblioteca&#8230; per\u00f2 de coses!*\ud83d\udcda\u2728<\/p>\n<p>Us presentem la *Xarxa de Biblioteques de les Coses de Vic* \ud83d\udccd: un projecte comunitari que us permet *agafar en pr\u00e9stec objectes* enlloc de comprar-los, reduint residus i fomentant una economia m\u00e9s circular i comunit\u00e0ria.<\/p>\n<p>*Per qu\u00e8 us pot interessar com a fam\u00edlia?*<br \/>\n\u2705 *Estalvieu diners i espai:* Demaneu en pr\u00e9stec all\u00f2 que necessiteu puntualment (des d\u2019una fondue fins a jocs de taula o eines espec\u00edfiques).<br \/>\n\u2705 *Eduquem en valors:* Compartim la cultura de la *reutilitzaci\u00f3, la reparaci\u00f3 i el consum responsable.*<br \/>\n\u2705 Accediu un *cat\u00e0leg ple d&#8217;objectes* de les diferents Biblioteques:<br \/>\n&#8211; \ud83d\udce6 Biblioteca dels *Mobles* (cadires, taules&#8230; per a celebracions)<br \/>\n&#8211; \ud83c\udfae Biblioteca dels *Jocs* (per a sobretaules divertides)<br \/>\n&#8211; \ud83d\udd27 Biblioteca de les *Eines* (per a feines casolanes)<br \/>\n&#8211; \ud83e\uddf5 Biblioteca de la *Roba* (encara no disponible, obrir\u00e0 ben aviat!)<br \/>\n&#8211; \ud83d\udc99 Biblioteca de les *Cures* (ajuts per a mobilitat o cura)<br \/>\n\u2705 Gaudiu *d\u2019activitats per a fer barri i aprendre:* Tallers de reparaci\u00f3 (com La Renova), mercats de reutilitzaci\u00f3, i molt m\u00e9s.<\/p>\n<p>\u2049\ufe0f *Com funciona?*<br \/>\n1\ufe0f\u20e3 Us feu s\u00f2cies gratu\u00eftament (a trav\u00e9s del web).<br \/>\n2\ufe0f\u20e3 Consulteu el cat\u00e0leg online.<br \/>\n3\ufe0f\u20e3 Reserveu i recolliu all\u00f2 que necessiteu.<\/p>\n<p>\ud83d\udc49 Feu-vos s\u00f2cies i descobriu totes les biblioteques i l\u2019agenda al web:<br \/>\n<a title=\"https:\/\/www.bibliotecadelescosesvic.cat\/\" href=\"https:\/\/www.bibliotecadelescosesvic.cat\/\" target=\"_blank\" rel=\"noopener noreferrer\" data-auth=\"NotApplicable\" data-linkindex=\"0\">https:\/\/www.bibliotecadelescosesvic.cat\/<\/a><\/p>\n<p>\ud83c\udf1f Perqu\u00e8 compartir ens fa m\u00e9s forts, i cuidar el planeta \u00e9s cosa de tots.<br \/>\nUs esperem! \ud83c\udf0d\ud83d\udc9a<\/p>\n<hr \/>\n<h1 dir=\"ltr\"><a id=\"seccio-3\"><\/a>CARNESTOLTES DE LA CIUTAT<\/h1>\n<p>Un any m\u00e9s participarem com a fam\u00edlies al Carnestoltes que organitza l&#8217;ajuntament de \u00a0Vic per a les escoles de la ciutat. Pr\u00f2ximament informarem de com ens organitzarem per fer les disfresses per tots els nens que hi vulguin participar, per\u00f2 ens agradaria que si teniu ganes de col\u00b7laborar en el disseny I elaboraci\u00f3 de la disfressa us poses en contacte amb alg\u00fa de la junta de l&#8217;AFA. Animeu-vos que ens faltaran idees i mans!<\/p>\n<hr \/>\n<h1 dir=\"ltr\"><a id=\"seccio-4\"><\/a>FELICITACI\u00d3 NADAL<\/h1>\n<p>Des de l&#8217;AFA us volem desitjar \u00a0que tingueu un Bon Nadal i passeu unes Bones Festes! Ens retrobarem el gener 2026!<\/p>\n<p><a href=\"https:\/\/agora.xtec.cat\/escolaandersen\/wp-content\/uploads\/usu2380\/2025\/12\/pstal-2025.jpg\"><img loading=\"lazy\" decoding=\"async\" class=\"alignnone size-full wp-image-2536\" src=\"https:\/\/agora.xtec.cat\/escolaandersen\/wp-content\/uploads\/usu2380\/2025\/12\/pstal-2025.jpg\" alt=\"\" width=\"1544\" height=\"1076\" srcset=\"https:\/\/agora.xtec.cat\/escolaandersen\/wp-content\/uploads\/usu2380\/2025\/12\/pstal-2025.jpg 1544w, https:\/\/agora.xtec.cat\/escolaandersen\/wp-content\/uploads\/usu2380\/2025\/12\/pstal-2025-300x209.jpg 300w, https:\/\/agora.xtec.cat\/escolaandersen\/wp-content\/uploads\/usu2380\/2025\/12\/pstal-2025-1024x714.jpg 1024w, https:\/\/agora.xtec.cat\/escolaandersen\/wp-content\/uploads\/usu2380\/2025\/12\/pstal-2025-768x535.jpg 768w, https:\/\/agora.xtec.cat\/escolaandersen\/wp-content\/uploads\/usu2380\/2025\/12\/pstal-2025-1536x1070.jpg 1536w\" sizes=\"auto, (max-width: 1544px) 100vw, 1544px\" \/><\/a><\/p>\n","protected":false},"excerpt":{"rendered":"<p><a href=\"https:\/\/agora.xtec.cat\/escolaandersen\/wp-content\/uploads\/usu2380\/2023\/11\/cap_afainforma.png\"><\/a><br \/>\n<a href=\"#seccio-1\">VALORACI\u00d3 MERCAT DE LES 5R<\/a><br \/>\n<a href=\"#seccio-2\">BIBLIOTECA DE LES COSES<\/a><br \/>\n<a href=\"#seccio-3\">CARNESTOLTES DE LA CIUTAT<\/a><br \/>\n<a href=\"#seccio-4\">FELICITACI\u00d3<\/a><\/p>\n<p><a id=\"seccio-1\"><\/a>VALORACI\u00d3 MERCAT DE LES 5R<br \/>\nEl passat diumenge 30 de novembre es va celebrar la dissetena edici\u00f3 del Mercat de les 5R (Reduir, Reutilitzar, Reciclar, Reparar i Recuperar). Com ja&hellip;  <a href=\"https:\/\/agora.xtec.cat\/escolaandersen\/afa\/afa-informa-54\/\" title=\"Read AFA Informa 54\">Llegeix m\u00e9s\u00bb<\/a><\/p>\n","protected":false},"author":3,"featured_media":0,"comment_status":"open","ping_status":"open","sticky":false,"template":"","format":"standard","meta":{"_bbp_topic_count":0,"_bbp_reply_count":0,"_bbp_total_topic_count":0,"_bbp_total_reply_count":0,"_bbp_voice_count":0,"_bbp_anonymous_reply_count":0,"_bbp_topic_count_hidden":0,"_bbp_reply_count_hidden":0,"_bbp_forum_subforum_count":0,"footnotes":""},"categories":[7],"tags":[],"class_list":["post-2527","post","type-post","status-publish","format-standard","hentry","category-afa"],"post_mailing_queue_ids":[],"_links":{"self":[{"href":"https:\/\/agora.xtec.cat\/escolaandersen\/wp-json\/wp\/v2\/posts\/2527","targetHints":{"allow":["GET"]}}],"collection":[{"href":"https:\/\/agora.xtec.cat\/escolaandersen\/wp-json\/wp\/v2\/posts"}],"about":[{"href":"https:\/\/agora.xtec.cat\/escolaandersen\/wp-json\/wp\/v2\/types\/post"}],"author":[{"embeddable":true,"href":"https:\/\/agora.xtec.cat\/escolaandersen\/wp-json\/wp\/v2\/users\/3"}],"replies":[{"embeddable":true,"href":"https:\/\/agora.xtec.cat\/escolaandersen\/wp-json\/wp\/v2\/comments?post=2527"}],"version-history":[{"count":6,"href":"https:\/\/agora.xtec.cat\/escolaandersen\/wp-json\/wp\/v2\/posts\/2527\/revisions"}],"predecessor-version":[{"id":2543,"href":"https:\/\/agora.xtec.cat\/escolaandersen\/wp-json\/wp\/v2\/posts\/2527\/revisions\/2543"}],"wp:attachment":[{"href":"https:\/\/agora.xtec.cat\/escolaandersen\/wp-json\/wp\/v2\/media?parent=2527"}],"wp:term":[{"taxonomy":"category","embeddable":true,"href":"https:\/\/agora.xtec.cat\/escolaandersen\/wp-json\/wp\/v2\/categories?post=2527"},{"taxonomy":"post_tag","embeddable":true,"href":"https:\/\/agora.xtec.cat\/escolaandersen\/wp-json\/wp\/v2\/tags?post=2527"}],"curies":[{"name":"wp","href":"https:\/\/api.w.org\/{rel}","templated":true}]}}