{"id":2524,"date":"2025-12-16T11:58:45","date_gmt":"2025-12-16T10:58:45","guid":{"rendered":"https:\/\/agora.xtec.cat\/escolaandersen\/?p=2524"},"modified":"2025-12-16T12:02:52","modified_gmt":"2025-12-16T11:02:52","slug":"concert-de-nadal-ei-i-ci","status":"publish","type":"post","link":"https:\/\/agora.xtec.cat\/escolaandersen\/general\/concert-de-nadal-ei-i-ci\/","title":{"rendered":"Concert de Nadal EI i CI"},"content":{"rendered":"<p>El <strong>concert de Nadal<\/strong>\u00a0tindr\u00e0 lloc el\u00a0<strong>proper dimecres dia 17 a les 16:30h<\/strong>, al\u00a0<strong>gimn\u00e0s de l\u2019escola<\/strong>.\u00a0Ens fa molta il\u00b7lusi\u00f3 que ens acompanyeu per gaudir de les <strong>can\u00e7ons i els poemes<\/strong> que els infants d&#8217;educaci\u00f3 infantil i cicle inicial han preparat amb tanta dedicaci\u00f3 i entusiasme. Sens dubte ser\u00e0 un moment molt especial per compartir plegats!<\/p>\n<p>EDUCACI\u00d3 INFANTIL:\u00a0 \u00a0a les16h<\/p>\n<p>CICLE INICIAL: a les 16:30h<\/p>\n<p>Us hi esperem!<\/p>\n<p><a href=\"https:\/\/agora.xtec.cat\/escolaandersen\/wp-content\/uploads\/usu2380\/2025\/12\/CONCERT-DE-NADAL-3.png\"><img loading=\"lazy\" decoding=\"async\" class=\"wp-image-2525 aligncenter\" src=\"https:\/\/agora.xtec.cat\/escolaandersen\/wp-content\/uploads\/usu2380\/2025\/12\/CONCERT-DE-NADAL-3-724x1024.png\" alt=\"\" width=\"607\" height=\"859\" srcset=\"https:\/\/agora.xtec.cat\/escolaandersen\/wp-content\/uploads\/usu2380\/2025\/12\/CONCERT-DE-NADAL-3-724x1024.png 724w, https:\/\/agora.xtec.cat\/escolaandersen\/wp-content\/uploads\/usu2380\/2025\/12\/CONCERT-DE-NADAL-3-212x300.png 212w, https:\/\/agora.xtec.cat\/escolaandersen\/wp-content\/uploads\/usu2380\/2025\/12\/CONCERT-DE-NADAL-3-768x1086.png 768w, https:\/\/agora.xtec.cat\/escolaandersen\/wp-content\/uploads\/usu2380\/2025\/12\/CONCERT-DE-NADAL-3-1086x1536.png 1086w, https:\/\/agora.xtec.cat\/escolaandersen\/wp-content\/uploads\/usu2380\/2025\/12\/CONCERT-DE-NADAL-3.png 1414w\" sizes=\"auto, (max-width: 607px) 100vw, 607px\" \/><\/a><\/p>\n","protected":false},"excerpt":{"rendered":"<p>El concert de Nadal\u00a0tindr\u00e0 lloc el\u00a0proper dimecres dia 17 a les 16:30h, al\u00a0gimn\u00e0s de l\u2019escola.\u00a0Ens fa molta il\u00b7lusi\u00f3 que ens acompanyeu per gaudir de les can\u00e7ons i els poemes que els infants d&#8217;educaci\u00f3 infantil i cicle inicial han preparat amb tanta dedicaci\u00f3 i entusiasme. Sens&hellip;  <a href=\"https:\/\/agora.xtec.cat\/escolaandersen\/general\/concert-de-nadal-ei-i-ci\/\" title=\"Read Concert de Nadal EI i CI\">Llegeix m\u00e9s\u00bb<\/a><\/p>\n","protected":false},"author":4,"featured_media":2525,"comment_status":"open","ping_status":"open","sticky":false,"template":"","format":"standard","meta":{"_bbp_topic_count":0,"_bbp_reply_count":0,"_bbp_total_topic_count":0,"_bbp_total_reply_count":0,"_bbp_voice_count":0,"_bbp_anonymous_reply_count":0,"_bbp_topic_count_hidden":0,"_bbp_reply_count_hidden":0,"_bbp_forum_subforum_count":0,"footnotes":""},"categories":[1,4],"tags":[],"class_list":["post-2524","post","type-post","status-publish","format-standard","has-post-thumbnail","hentry","category-general","category-portada"],"post_mailing_queue_ids":[],"_links":{"self":[{"href":"https:\/\/agora.xtec.cat\/escolaandersen\/wp-json\/wp\/v2\/posts\/2524","targetHints":{"allow":["GET"]}}],"collection":[{"href":"https:\/\/agora.xtec.cat\/escolaandersen\/wp-json\/wp\/v2\/posts"}],"about":[{"href":"https:\/\/agora.xtec.cat\/escolaandersen\/wp-json\/wp\/v2\/types\/post"}],"author":[{"embeddable":true,"href":"https:\/\/agora.xtec.cat\/escolaandersen\/wp-json\/wp\/v2\/users\/4"}],"replies":[{"embeddable":true,"href":"https:\/\/agora.xtec.cat\/escolaandersen\/wp-json\/wp\/v2\/comments?post=2524"}],"version-history":[{"count":1,"href":"https:\/\/agora.xtec.cat\/escolaandersen\/wp-json\/wp\/v2\/posts\/2524\/revisions"}],"predecessor-version":[{"id":2526,"href":"https:\/\/agora.xtec.cat\/escolaandersen\/wp-json\/wp\/v2\/posts\/2524\/revisions\/2526"}],"wp:featuredmedia":[{"embeddable":true,"href":"https:\/\/agora.xtec.cat\/escolaandersen\/wp-json\/wp\/v2\/media\/2525"}],"wp:attachment":[{"href":"https:\/\/agora.xtec.cat\/escolaandersen\/wp-json\/wp\/v2\/media?parent=2524"}],"wp:term":[{"taxonomy":"category","embeddable":true,"href":"https:\/\/agora.xtec.cat\/escolaandersen\/wp-json\/wp\/v2\/categories?post=2524"},{"taxonomy":"post_tag","embeddable":true,"href":"https:\/\/agora.xtec.cat\/escolaandersen\/wp-json\/wp\/v2\/tags?post=2524"}],"curies":[{"name":"wp","href":"https:\/\/api.w.org\/{rel}","templated":true}]}}