{"id":2483,"date":"2025-11-23T21:55:22","date_gmt":"2025-11-23T20:55:22","guid":{"rendered":"https:\/\/agora.xtec.cat\/escolaandersen\/?p=2483"},"modified":"2025-11-23T21:55:22","modified_gmt":"2025-11-23T20:55:22","slug":"afa-informa-53","status":"publish","type":"post","link":"https:\/\/agora.xtec.cat\/escolaandersen\/afa\/afa-informa-53\/","title":{"rendered":"AFA Informa 53"},"content":{"rendered":"<p><a href=\"https:\/\/agora.xtec.cat\/escolaandersen\/wp-content\/uploads\/usu2380\/2023\/11\/cap_afainforma.png\"><img loading=\"lazy\" decoding=\"async\" class=\"alignnone size-full wp-image-904\" src=\"https:\/\/agora.xtec.cat\/escolaandersen\/wp-content\/uploads\/usu2380\/2023\/11\/cap_afainforma.png\" alt=\"\" width=\"1280\" height=\"222\" srcset=\"https:\/\/agora.xtec.cat\/escolaandersen\/wp-content\/uploads\/usu2380\/2023\/11\/cap_afainforma.png 1280w, https:\/\/agora.xtec.cat\/escolaandersen\/wp-content\/uploads\/usu2380\/2023\/11\/cap_afainforma-300x52.png 300w, https:\/\/agora.xtec.cat\/escolaandersen\/wp-content\/uploads\/usu2380\/2023\/11\/cap_afainforma-1024x178.png 1024w, https:\/\/agora.xtec.cat\/escolaandersen\/wp-content\/uploads\/usu2380\/2023\/11\/cap_afainforma-768x133.png 768w\" sizes=\"auto, (max-width: 1280px) 100vw, 1280px\" \/><\/a><\/p>\n<p>&nbsp;<\/p>\n<p dir=\"ltr\" role=\"presentation\"><a href=\"#seccio-1\">MERCAT DE LES 5R<\/a><\/p>\n<p dir=\"ltr\" role=\"presentation\"><a href=\"#seccio-2\">ARTICLE BUS BICI<\/a><\/p>\n<p dir=\"ltr\" role=\"presentation\"><a href=\"#seccio-3\">LOTERIA<\/a><\/p>\n<p dir=\"ltr\" role=\"presentation\"><a href=\"#seccio-4\">NOU FORMULARI I B\u00daSTIA FAM\u00cdLIA-ESCOLA<\/a><\/p>\n<p dir=\"ltr\" role=\"presentation\"><a href=\"#seccio-5\">AGENDA<\/a><\/p>\n<hr \/>\n<h1 dir=\"ltr\"><a id=\"seccio-1\"><\/a>MERCAT DE LES 5R<\/h1>\n<p>El <strong>diumenge dia 30 de novembre de 10 a 13 h,<\/strong> tindr\u00e0 lloc el Mercat de les 5R\u2019s a l\u2019escola Andersen: <strong><em>Reciclar, Reutilitzar, Reduir, Reparar i Recuperar.<\/em><\/strong><\/p>\n<p>Aquest \u00e9s un mercat d\u2019articles de segona m\u00e0 que es fa a l\u2019escola cada any i que ho realitza l\u2019alumnat de 4t, 5\u00e8 i 6\u00e8. A les parades hi podreu trobar joguines, disfresses, llibres\u2026 tot de segona m\u00e0. \u00c9s una oportunitat per trobar all\u00f2 que necessites i per donar una segona vida a tot all\u00f2 que ja no se\u2019n fa \u00fas, per\u00f2 que encara est\u00e0 en bones condicions.<\/p>\n<p>L\u2019AFA de l\u2019escola organitza aquesta festa amb la col\u00b7laboraci\u00f3 dels Amics de l\u2019Andersen, que oferiran <strong>esmorzar amb xocolata desfeta, i pastissos i coques casolanes de les fam\u00edlies que cada any col\u00b7laboren<\/strong>.<\/p>\n<p>Els diners que es recapten amb la venda dels objectes es destinen per comprar material per a fer actuacions de millora a l\u2019escola segons les necessitats que s\u2019acorden<\/p>\n<p>Vine, independentment de si ets o no de l\u2019escola.<br \/>\nUs esperem amb molta il\u00b7lusi\u00f3<\/p>\n<p><a href=\"https:\/\/agora.xtec.cat\/escolaandersen\/wp-content\/uploads\/usu2380\/2025\/11\/258eb0e0-ed54-4c9c-a081-087dfda27240-2.jpg\"><img loading=\"lazy\" decoding=\"async\" class=\"wp-image-2488 alignleft\" src=\"https:\/\/agora.xtec.cat\/escolaandersen\/wp-content\/uploads\/usu2380\/2025\/11\/258eb0e0-ed54-4c9c-a081-087dfda27240-2.jpg\" alt=\"\" width=\"423\" height=\"551\" \/><\/a><\/p>\n<hr \/>\n<h1 dir=\"ltr\"><a id=\"seccio-2\"><\/a>AMB BICI A L&#8217;ESCOLA, d&#8217;un moviment individual, a una transformaci\u00f3n colectiva.<\/h1>\n<p>Ens plau compartir amb vosaltres l&#8217;article publicat a la revista digital s<em>ostenible.cat<\/em>, <a href=\"https:\/\/www.sostenible.cat\/opinio\/amb-bici-a-lescola-dun-moviment-individual-a-una-transformacio-collectiva\"><em>&#8220;AMB BICI A L&#8217;ESCOLA, d&#8217;un moviment individual, a una transformaci\u00f3n colectiva&#8221;<\/em><\/a>, on tres pares de la nostra escola reflexionen sobre la iniciativa del Bus Bici i el cam\u00ed cap a l&#8217;escola, no us el perdeu!<\/p>\n<p><a href=\"https:\/\/www.sostenible.cat\/opinio\/amb-bici-a-lescola-dun-moviment-individual-a-una-transformacio-collectiva\"><img loading=\"lazy\" decoding=\"async\" class=\"wp-image-2494 alignleft\" src=\"https:\/\/agora.xtec.cat\/escolaandersen\/wp-content\/uploads\/usu2380\/2025\/11\/Captura-de-pantalla-2025-11-21-a-les-17.28.32-1.png\" alt=\"\" width=\"463\" height=\"478\" srcset=\"https:\/\/agora.xtec.cat\/escolaandersen\/wp-content\/uploads\/usu2380\/2025\/11\/Captura-de-pantalla-2025-11-21-a-les-17.28.32-1.png 1550w, https:\/\/agora.xtec.cat\/escolaandersen\/wp-content\/uploads\/usu2380\/2025\/11\/Captura-de-pantalla-2025-11-21-a-les-17.28.32-1-291x300.png 291w, https:\/\/agora.xtec.cat\/escolaandersen\/wp-content\/uploads\/usu2380\/2025\/11\/Captura-de-pantalla-2025-11-21-a-les-17.28.32-1-993x1024.png 993w, https:\/\/agora.xtec.cat\/escolaandersen\/wp-content\/uploads\/usu2380\/2025\/11\/Captura-de-pantalla-2025-11-21-a-les-17.28.32-1-768x792.png 768w, https:\/\/agora.xtec.cat\/escolaandersen\/wp-content\/uploads\/usu2380\/2025\/11\/Captura-de-pantalla-2025-11-21-a-les-17.28.32-1-1490x1536.png 1490w\" sizes=\"auto, (max-width: 463px) 100vw, 463px\" \/><\/a><\/p>\n<p>&nbsp;<\/p>\n<p>&nbsp;<\/p>\n<p>&nbsp;<\/p>\n<p>&nbsp;<\/p>\n<p>&nbsp;<\/p>\n<p>&nbsp;<\/p>\n<p>&nbsp;<\/p>\n<p>&nbsp;<\/p>\n<p>&nbsp;<\/p>\n<p>&nbsp;<\/p>\n<p>&nbsp;<\/p>\n<p>&nbsp;<\/p>\n<hr \/>\n<p>&nbsp;<\/p>\n<h1 dir=\"ltr\"><a id=\"seccio-3\"><\/a>LOTERIA<\/h1>\n<p>Un any m\u00e9s l\u2019AFA ha fet participacions de Loteria, aquest Nadal jugarem a <strong><em>La Grossa del sorteig de Cap d\u2019Any.<\/em><\/strong> Cada butlleta juga a 10 n\u00fameros diferents i s&#8217;hi juga 2\u20ac per butlleta, (0,20\u20ac a cada n\u00famero). <strong>L\u2019import de cada butlleta \u00e9s de 3\u20ac.<\/strong><\/p>\n<p>Si voleu participacions les podeu comprar <strong>fins el 16 de Desembre,<\/strong> els matins a la Dolors Comas, la trobareu a la secretaria de l\u2019escola. <strong>Tamb\u00e9 disposarem de butlletes per vendre aquest pr\u00f2xim diumenge durant el Mercat de les 5R<\/strong>.<\/p>\n<p>Desitgem que tinguem tots molt bona sort!<\/p>\n<p>&nbsp;<\/p>\n<hr \/>\n<h1 dir=\"ltr\"><a id=\"seccio-4\"><\/a>NOU FORMULARI I B\u00daSTIA FAM\u00cdLIA-ESCOLA<\/h1>\n<p>\ud83d\udce2 *NOU CANAL DE COMUNICACI\u00d3*<\/p>\n<p>Fam\u00edlies! Hem obert <strong>un nou canal de comunicaci\u00f3<\/strong> perqu\u00e8 ens pogueu traslladar totes les inquietuds i propostes que tingueu relacionades amb l&#8217;Afa i l&#8217;Escola. Un canal families-Afa-Escola.<\/p>\n<p>Ens ho podeu comunicar \u00a0mitjan\u00e7ant els seg\u00fcents canals:<\/p>\n<p>&#8211; A trav\u00e9s del <strong>formulari que<\/strong> trobareu en el seg\u00fcent <a href=\"https:\/\/forms.gle\/T4tefqhcq2TjyENq6\">enlla\u00e7<\/a>:<\/p>\n<p>&#8211; A trav\u00e9s de la <strong>b\u00fastia<\/strong> <strong>f\u00edsica<\/strong> que trobareu a l&#8217;entrada de la Sala de reunions de l&#8217;equip docent.<\/p>\n<p>Recordar tamb\u00e9 que el representant de l&#8217;Afa del vostre grup tamb\u00e9 pot recollir qualsevol consulta.<\/p>\n<p>La comunicaci\u00f3 ens importa i creiem que \u00e9s l&#8217;\u00fanica via per millorar i avan\u00e7ar junts!<\/p>\n<p>Junts fem escola\u2728\ufe0f<\/p>\n<hr \/>\n<h1 dir=\"ltr\"><a id=\"seccio-5\"><\/a>AGENDA<\/h1>\n<p><a href=\"https:\/\/agora.xtec.cat\/escolaandersen\/wp-content\/uploads\/usu2380\/2025\/11\/Yellow-Post-it-Note-Class-Reminder-Classroom-Announcement-3.png\"><img loading=\"lazy\" decoding=\"async\" class=\"wp-image-2500 alignleft\" src=\"https:\/\/agora.xtec.cat\/escolaandersen\/wp-content\/uploads\/usu2380\/2025\/11\/Yellow-Post-it-Note-Class-Reminder-Classroom-Announcement-3.png\" alt=\"\" width=\"447\" height=\"504\" \/><\/a><\/p>\n","protected":false},"excerpt":{"rendered":"<p><a href=\"https:\/\/agora.xtec.cat\/escolaandersen\/wp-content\/uploads\/usu2380\/2023\/11\/cap_afainforma.png\"><\/a><br \/>\n&nbsp;<br \/>\n<a href=\"#seccio-1\">MERCAT DE LES 5R<\/a><br \/>\n<a href=\"#seccio-2\">ARTICLE BUS BICI<\/a><br \/>\n<a href=\"#seccio-3\">LOTERIA<\/a><br \/>\n<a href=\"#seccio-4\">NOU FORMULARI I B\u00daSTIA FAM\u00cdLIA-ESCOLA<\/a><br \/>\n<a href=\"#seccio-5\">AGENDA<\/a><\/p>\n<p><a id=\"seccio-1\"><\/a>MERCAT DE LES 5R<br \/>\nEl diumenge dia 30 de novembre de 10 a 13 h, tindr\u00e0 lloc el Mercat de les 5R\u2019s a l\u2019escola Andersen: Reciclar, Reutilitzar, Reduir, Reparar i&hellip;  <a href=\"https:\/\/agora.xtec.cat\/escolaandersen\/afa\/afa-informa-53\/\" title=\"Read AFA Informa 53\">Llegeix m\u00e9s\u00bb<\/a><\/p>\n","protected":false},"author":3,"featured_media":0,"comment_status":"open","ping_status":"open","sticky":false,"template":"","format":"standard","meta":{"_bbp_topic_count":0,"_bbp_reply_count":0,"_bbp_total_topic_count":0,"_bbp_total_reply_count":0,"_bbp_voice_count":0,"_bbp_anonymous_reply_count":0,"_bbp_topic_count_hidden":0,"_bbp_reply_count_hidden":0,"_bbp_forum_subforum_count":0,"footnotes":""},"categories":[7],"tags":[],"class_list":["post-2483","post","type-post","status-publish","format-standard","hentry","category-afa"],"post_mailing_queue_ids":[],"_links":{"self":[{"href":"https:\/\/agora.xtec.cat\/escolaandersen\/wp-json\/wp\/v2\/posts\/2483","targetHints":{"allow":["GET"]}}],"collection":[{"href":"https:\/\/agora.xtec.cat\/escolaandersen\/wp-json\/wp\/v2\/posts"}],"about":[{"href":"https:\/\/agora.xtec.cat\/escolaandersen\/wp-json\/wp\/v2\/types\/post"}],"author":[{"embeddable":true,"href":"https:\/\/agora.xtec.cat\/escolaandersen\/wp-json\/wp\/v2\/users\/3"}],"replies":[{"embeddable":true,"href":"https:\/\/agora.xtec.cat\/escolaandersen\/wp-json\/wp\/v2\/comments?post=2483"}],"version-history":[{"count":6,"href":"https:\/\/agora.xtec.cat\/escolaandersen\/wp-json\/wp\/v2\/posts\/2483\/revisions"}],"predecessor-version":[{"id":2513,"href":"https:\/\/agora.xtec.cat\/escolaandersen\/wp-json\/wp\/v2\/posts\/2483\/revisions\/2513"}],"wp:attachment":[{"href":"https:\/\/agora.xtec.cat\/escolaandersen\/wp-json\/wp\/v2\/media?parent=2483"}],"wp:term":[{"taxonomy":"category","embeddable":true,"href":"https:\/\/agora.xtec.cat\/escolaandersen\/wp-json\/wp\/v2\/categories?post=2483"},{"taxonomy":"post_tag","embeddable":true,"href":"https:\/\/agora.xtec.cat\/escolaandersen\/wp-json\/wp\/v2\/tags?post=2483"}],"curies":[{"name":"wp","href":"https:\/\/api.w.org\/{rel}","templated":true}]}}