{"id":2470,"date":"2025-10-29T06:21:58","date_gmt":"2025-10-29T05:21:58","guid":{"rendered":"https:\/\/agora.xtec.cat\/escolaandersen\/?p=2470"},"modified":"2025-10-29T06:21:58","modified_gmt":"2025-10-29T05:21:58","slug":"bus-bici","status":"publish","type":"post","link":"https:\/\/agora.xtec.cat\/escolaandersen\/general\/bus-bici\/","title":{"rendered":"Bus Bici"},"content":{"rendered":"<p><img decoding=\"async\" class=\"an1\" draggable=\"false\" src=\"https:\/\/fonts.gstatic.com\/s\/e\/notoemoji\/16.0\/1f6b4_200d_2642_fe0f\/72.png\" alt=\"\ud83d\udeb4\u200d\u2642\ufe0f\" data-emoji=\"\ud83d\udeb4\u200d\u2642\ufe0f\" aria-label=\"\ud83d\udeb4\u200d\u2642\ufe0f\" \/>\u00a0*Amb bici a l\u2019escola: aix\u00f2 s\u00ed que mola!*<img decoding=\"async\" class=\"an1\" draggable=\"false\" src=\"https:\/\/fonts.gstatic.com\/s\/e\/notoemoji\/16.0\/1f6b4_200d_2640_fe0f\/72.png\" alt=\"\ud83d\udeb4\u200d\u2640\ufe0f\" data-emoji=\"\ud83d\udeb4\u200d\u2640\ufe0f\" aria-label=\"\ud83d\udeb4\u200d\u2640\ufe0f\" \/><\/p>\n<p>Hem comen\u00e7at el *Busbici* del curs 2025\/26 el *divendres 17 d\u2019octubre* amb dues l\u00ednies i nous horaris que aqu\u00ed us adjuntem.<\/p>\n<p>Recordeu que heu de ser *puntuals* (si no us tocar\u00e0 pedalar fort per atrapar-nos).<\/p>\n<p><img decoding=\"async\" class=\"an1\" draggable=\"false\" src=\"https:\/\/fonts.gstatic.com\/s\/e\/notoemoji\/16.0\/26a0_fe0f\/72.png\" alt=\"\u26a0\ufe0f\" data-emoji=\"\u26a0\ufe0f\" aria-label=\"\u26a0\ufe0f\" \/>\u00a0*Atenci\u00f3*: els menors de 8 anys han de venir acompanyats per adults.<\/p>\n<p><img decoding=\"async\" class=\"an1\" draggable=\"false\" src=\"https:\/\/fonts.gstatic.com\/s\/e\/notoemoji\/16.0\/2139_fe0f\/72.png\" alt=\"\u2139\ufe0f\" data-emoji=\"\u2139\ufe0f\" aria-label=\"\u2139\ufe0f\" \/>\u00a0Per inscriure-us i per si voleu m\u00e9s informaci\u00f3 empleneu el seg\u00fcent formulari i\/o contacteu amb els referents de l\u2019AFA:<\/p>\n<p><a title=\"\" href=\"https:\/\/forms.gle\/edJsWZ3djS2LZwQj9\" target=\"_blank\" rel=\"noopener noreferrer\" data-saferedirecturl=\"https:\/\/www.google.com\/url?q=https:\/\/forms.gle\/edJsWZ3djS2LZwQj9&amp;source=gmail&amp;ust=1761801392259000&amp;usg=AOvVaw1jS_A9l7XilfAliWqv41se\" data-original-title=\"https:\/\/forms.gle\/edJsWZ3djS2LZwQj9\">https:\/\/forms.gle\/<wbr \/>edJsWZ3djS2LZwQj9<\/a><\/p>\n<p>Llu\u00eds Marco (pare d\u2019en Ton de 4t i de la Joana de 2n)<br \/>\nArnau Amat (pare de l\u2019Otger de 3r i de la Queralt de I5)<\/p>\n<p>*A cop de pedal, salut ambiental*\u00a0<img decoding=\"async\" class=\"an1\" draggable=\"false\" src=\"https:\/\/fonts.gstatic.com\/s\/e\/notoemoji\/16.0\/1f30d\/72.png\" alt=\"\ud83c\udf0d\" data-emoji=\"\ud83c\udf0d\" aria-label=\"\ud83c\udf0d\" \/><img decoding=\"async\" class=\"an1\" draggable=\"false\" src=\"https:\/\/fonts.gstatic.com\/s\/e\/notoemoji\/16.0\/1f331\/72.png\" alt=\"\ud83c\udf31\" data-emoji=\"\ud83c\udf31\" aria-label=\"\ud83c\udf31\" \/><img decoding=\"async\" class=\"an1\" draggable=\"false\" src=\"https:\/\/fonts.gstatic.com\/s\/e\/notoemoji\/16.0\/1f6b4_200d_2642_fe0f\/72.png\" alt=\"\ud83d\udeb4\u200d\u2642\ufe0f\" data-emoji=\"\ud83d\udeb4\u200d\u2642\ufe0f\" aria-label=\"\ud83d\udeb4\u200d\u2642\ufe0f\" \/><img decoding=\"async\" class=\"an1\" draggable=\"false\" src=\"https:\/\/fonts.gstatic.com\/s\/e\/notoemoji\/16.0\/1f6b4\/72.png\" alt=\"\ud83d\udeb4\" data-emoji=\"\ud83d\udeb4\" aria-label=\"\ud83d\udeb4\" \/><img decoding=\"async\" class=\"an1\" draggable=\"false\" src=\"https:\/\/fonts.gstatic.com\/s\/e\/notoemoji\/16.0\/1f6b4_200d_2640_fe0f\/72.png\" alt=\"\ud83d\udeb4\u200d\u2640\ufe0f\" data-emoji=\"\ud83d\udeb4\u200d\u2640\ufe0f\" aria-label=\"\ud83d\udeb4\u200d\u2640\ufe0f\" \/><\/p>\n<p><a href=\"https:\/\/agora.xtec.cat\/escolaandersen\/wp-content\/uploads\/usu2380\/2025\/10\/6e943737-4b33-47e7-b2e7-d1635215774b-1.jpg\"><img loading=\"lazy\" decoding=\"async\" class=\"alignnone size-large wp-image-2471\" src=\"https:\/\/agora.xtec.cat\/escolaandersen\/wp-content\/uploads\/usu2380\/2025\/10\/6e943737-4b33-47e7-b2e7-d1635215774b-1-1024x755.jpg\" alt=\"\" width=\"1024\" height=\"755\" srcset=\"https:\/\/agora.xtec.cat\/escolaandersen\/wp-content\/uploads\/usu2380\/2025\/10\/6e943737-4b33-47e7-b2e7-d1635215774b-1-1024x755.jpg 1024w, https:\/\/agora.xtec.cat\/escolaandersen\/wp-content\/uploads\/usu2380\/2025\/10\/6e943737-4b33-47e7-b2e7-d1635215774b-1-300x221.jpg 300w, https:\/\/agora.xtec.cat\/escolaandersen\/wp-content\/uploads\/usu2380\/2025\/10\/6e943737-4b33-47e7-b2e7-d1635215774b-1-768x566.jpg 768w, https:\/\/agora.xtec.cat\/escolaandersen\/wp-content\/uploads\/usu2380\/2025\/10\/6e943737-4b33-47e7-b2e7-d1635215774b-1.jpg 1080w\" sizes=\"auto, (max-width: 1024px) 100vw, 1024px\" \/><\/a><\/p>\n","protected":false},"excerpt":{"rendered":"<p>\u00a0*Amb bici a l\u2019escola: aix\u00f2 s\u00ed que mola!*<br \/>\nHem comen\u00e7at el *Busbici* del curs 2025\/26 el *divendres 17 d\u2019octubre* amb dues l\u00ednies i nous horaris que aqu\u00ed us adjuntem.<br \/>\nRecordeu que heu de ser *puntuals* (si no us tocar\u00e0 pedalar fort per atrapar-nos).<br \/>\n\u00a0*Atenci\u00f3*: els menors de 8&hellip;  <a href=\"https:\/\/agora.xtec.cat\/escolaandersen\/general\/bus-bici\/\" title=\"Read Bus Bici\">Llegeix m\u00e9s\u00bb<\/a><\/p>\n","protected":false},"author":4,"featured_media":2473,"comment_status":"open","ping_status":"open","sticky":false,"template":"","format":"standard","meta":{"_bbp_topic_count":0,"_bbp_reply_count":0,"_bbp_total_topic_count":0,"_bbp_total_reply_count":0,"_bbp_voice_count":0,"_bbp_anonymous_reply_count":0,"_bbp_topic_count_hidden":0,"_bbp_reply_count_hidden":0,"_bbp_forum_subforum_count":0,"footnotes":""},"categories":[7,1,4],"tags":[],"class_list":["post-2470","post","type-post","status-publish","format-standard","has-post-thumbnail","hentry","category-afa","category-general","category-portada"],"post_mailing_queue_ids":[],"_links":{"self":[{"href":"https:\/\/agora.xtec.cat\/escolaandersen\/wp-json\/wp\/v2\/posts\/2470","targetHints":{"allow":["GET"]}}],"collection":[{"href":"https:\/\/agora.xtec.cat\/escolaandersen\/wp-json\/wp\/v2\/posts"}],"about":[{"href":"https:\/\/agora.xtec.cat\/escolaandersen\/wp-json\/wp\/v2\/types\/post"}],"author":[{"embeddable":true,"href":"https:\/\/agora.xtec.cat\/escolaandersen\/wp-json\/wp\/v2\/users\/4"}],"replies":[{"embeddable":true,"href":"https:\/\/agora.xtec.cat\/escolaandersen\/wp-json\/wp\/v2\/comments?post=2470"}],"version-history":[{"count":1,"href":"https:\/\/agora.xtec.cat\/escolaandersen\/wp-json\/wp\/v2\/posts\/2470\/revisions"}],"predecessor-version":[{"id":2472,"href":"https:\/\/agora.xtec.cat\/escolaandersen\/wp-json\/wp\/v2\/posts\/2470\/revisions\/2472"}],"wp:featuredmedia":[{"embeddable":true,"href":"https:\/\/agora.xtec.cat\/escolaandersen\/wp-json\/wp\/v2\/media\/2473"}],"wp:attachment":[{"href":"https:\/\/agora.xtec.cat\/escolaandersen\/wp-json\/wp\/v2\/media?parent=2470"}],"wp:term":[{"taxonomy":"category","embeddable":true,"href":"https:\/\/agora.xtec.cat\/escolaandersen\/wp-json\/wp\/v2\/categories?post=2470"},{"taxonomy":"post_tag","embeddable":true,"href":"https:\/\/agora.xtec.cat\/escolaandersen\/wp-json\/wp\/v2\/tags?post=2470"}],"curies":[{"name":"wp","href":"https:\/\/api.w.org\/{rel}","templated":true}]}}