{"id":2456,"date":"2025-10-28T08:12:53","date_gmt":"2025-10-28T07:12:53","guid":{"rendered":"https:\/\/agora.xtec.cat\/escolaandersen\/?p=2456"},"modified":"2025-10-28T08:12:53","modified_gmt":"2025-10-28T07:12:53","slug":"afa-informa-52","status":"publish","type":"post","link":"https:\/\/agora.xtec.cat\/escolaandersen\/afa\/afa-informa-52\/","title":{"rendered":"AFA informa 52"},"content":{"rendered":"<p><a href=\"https:\/\/agora.xtec.cat\/escolaandersen\/wp-content\/uploads\/usu2380\/2023\/11\/cap_afainforma.png\"><img loading=\"lazy\" decoding=\"async\" class=\"alignnone size-full wp-image-904\" src=\"https:\/\/agora.xtec.cat\/escolaandersen\/wp-content\/uploads\/usu2380\/2023\/11\/cap_afainforma.png\" alt=\"\" width=\"1280\" height=\"222\" srcset=\"https:\/\/agora.xtec.cat\/escolaandersen\/wp-content\/uploads\/usu2380\/2023\/11\/cap_afainforma.png 1280w, https:\/\/agora.xtec.cat\/escolaandersen\/wp-content\/uploads\/usu2380\/2023\/11\/cap_afainforma-300x52.png 300w, https:\/\/agora.xtec.cat\/escolaandersen\/wp-content\/uploads\/usu2380\/2023\/11\/cap_afainforma-1024x178.png 1024w, https:\/\/agora.xtec.cat\/escolaandersen\/wp-content\/uploads\/usu2380\/2023\/11\/cap_afainforma-768x133.png 768w\" sizes=\"auto, (max-width: 1280px) 100vw, 1280px\" \/><\/a><\/p>\n<p>&nbsp;<\/p>\n<p dir=\"ltr\" role=\"presentation\"><a href=\"#seccio-1\">TALLER D&#8217;ORDINOGRAFIA<\/a><\/p>\n<p dir=\"ltr\" role=\"presentation\"><a href=\"#seccio-2\">BUS BICI<\/a><\/p>\n<p dir=\"ltr\" role=\"presentation\"><a href=\"#seccio-3\">AGENDA<\/a><\/p>\n<h1 dir=\"ltr\"><a id=\"seccio-1\"><\/a>TALLER D&#8217;ORDINOGRAFIA<\/h1>\n<p>Com a novetat d\u2019aquest curs, s\u2019ha posat en marxa un <strong>taller d\u2019ordinografia adre\u00e7at a l\u2019alumnat de 6\u00e8.<\/strong><br \/>\nL\u2019objectiu d\u2019aquesta formaci\u00f3 \u00e9s que els nois i noies aprenguin el funcionament del teclat, aix\u00ed com la<br \/>\nposici\u00f3 correcta dels dits per escriure sense mirar les tecles i aconseguir la m\u00e0xima velocitat i precisi\u00f3<br \/>\npossible.<br \/>\nEl taller es va iniciar la setmana del 13 al 17 d\u2019octubre i s\u2019allargar\u00e0 fins al mes de maig.<strong> L\u2019activitat t\u00e9 lloc<\/strong><br \/>\n<strong>quatre dies per setmana, durant una hora, en l\u2019espai del migdia<\/strong>. L\u2019alumnat de 6\u00e8 s\u2019ha organitzat en quatre<br \/>\ngrups d\u2019uns quinze alumnes cadascun, i cada grup participa en el taller un dia diferent de la setmana.<\/p>\n<h1 dir=\"ltr\"><\/h1>\n<h1 dir=\"ltr\"><a id=\"seccio-2\"><\/a>BUS BICI<\/h1>\n<p>\ud83d\udeb4\u200d\u2642\ufe0f *Amb bici a l&#8217;escola: aix\u00f2 s\u00ed que mola!*\ud83d\udeb4\u200d\u2640\ufe0f<\/p>\n<p>Hem comen\u00e7at el *Busbici* del curs 2025\/26 el *divendres 17 d\u2019octubre* amb dues l\u00ednies i nous horaris que aqu\u00ed us adjuntem.<\/p>\n<p>Recordeu que heu de ser *puntuals* (si no us tocar\u00e0 pedalar fort per atrapar-nos).<\/p>\n<p>\u26a0\ufe0f *Atenci\u00f3*: els menors de 8 anys han de venir acompanyats per adults.<\/p>\n<p>\u2139\ufe0f Per inscriure-us i per si voleu m\u00e9s informaci\u00f3 empleneu el seg\u00fcent formulari i\/o contacteu amb els referents de l\u2019AFA:<\/p>\n<p><a title=\"https:\/\/forms.gle\/edJsWZ3djS2LZwQj9\" href=\"https:\/\/forms.gle\/edJsWZ3djS2LZwQj9\" target=\"_blank\" rel=\"noopener noreferrer\" data-auth=\"NotApplicable\" data-linkindex=\"0\">https:\/\/forms.gle\/edJsWZ3djS2LZwQj9<\/a><\/p>\n<p>Llu\u00eds Marco (pare d\u2019en Ton de 4t i de la Joana de 2n)<br \/>\nArnau Amat (pare de l\u2019Otger de 3r i de la Queralt de I5)<\/p>\n<p>*A cop de pedal, salut ambiental* \ud83c\udf0d\ud83c\udf31\ud83d\udeb4\u200d\u2642\ufe0f\ud83d\udeb4\ud83d\udeb4\u200d\u2640\ufe0f<\/p>\n<p><a href=\"https:\/\/agora.xtec.cat\/escolaandersen\/wp-content\/uploads\/usu2380\/2025\/10\/6e943737-4b33-47e7-b2e7-d1635215774b.jpg\"><img loading=\"lazy\" decoding=\"async\" class=\"wp-image-2458 aligncenter\" src=\"https:\/\/agora.xtec.cat\/escolaandersen\/wp-content\/uploads\/usu2380\/2025\/10\/6e943737-4b33-47e7-b2e7-d1635215774b.jpg\" alt=\"\" width=\"558\" height=\"406\" \/><\/a><\/p>\n<h1 dir=\"ltr\"><a id=\"seccio-3\"><\/a>AGENDA<\/h1>\n<p><a href=\"https:\/\/agora.xtec.cat\/escolaandersen\/wp-content\/uploads\/usu2380\/2025\/10\/Yellow-Post-it-Note-Class-Reminder-Classroom-Announcement-3.png\"><img loading=\"lazy\" decoding=\"async\" class=\"wp-image-2464 aligncenter\" src=\"https:\/\/agora.xtec.cat\/escolaandersen\/wp-content\/uploads\/usu2380\/2025\/10\/Yellow-Post-it-Note-Class-Reminder-Classroom-Announcement-3.png\" alt=\"\" width=\"646\" height=\"639\" \/><\/a><\/p>\n","protected":false},"excerpt":{"rendered":"<p><a href=\"https:\/\/agora.xtec.cat\/escolaandersen\/wp-content\/uploads\/usu2380\/2023\/11\/cap_afainforma.png\"><\/a><br \/>\n&nbsp;<br \/>\n<a href=\"#seccio-1\">TALLER D&#8217;ORDINOGRAFIA<\/a><br \/>\n<a href=\"#seccio-2\">BUS BICI<\/a><br \/>\n<a href=\"#seccio-3\">AGENDA<\/a><br \/>\n<a id=\"seccio-1\"><\/a>TALLER D&#8217;ORDINOGRAFIA<br \/>\nCom a novetat d\u2019aquest curs, s\u2019ha posat en marxa un taller d\u2019ordinografia adre\u00e7at a l\u2019alumnat de 6\u00e8.<br \/>\nL\u2019objectiu d\u2019aquesta formaci\u00f3 \u00e9s que els nois i noies aprenguin el funcionament del teclat, aix\u00ed com la<br \/>\nposici\u00f3 correcta dels dits per&hellip;  <a href=\"https:\/\/agora.xtec.cat\/escolaandersen\/afa\/afa-informa-52\/\" title=\"Read AFA informa 52\">Llegeix m\u00e9s\u00bb<\/a><\/p>\n","protected":false},"author":3,"featured_media":0,"comment_status":"open","ping_status":"open","sticky":false,"template":"","format":"standard","meta":{"_bbp_topic_count":0,"_bbp_reply_count":0,"_bbp_total_topic_count":0,"_bbp_total_reply_count":0,"_bbp_voice_count":0,"_bbp_anonymous_reply_count":0,"_bbp_topic_count_hidden":0,"_bbp_reply_count_hidden":0,"_bbp_forum_subforum_count":0,"footnotes":""},"categories":[7],"tags":[],"class_list":["post-2456","post","type-post","status-publish","format-standard","hentry","category-afa"],"post_mailing_queue_ids":[],"_links":{"self":[{"href":"https:\/\/agora.xtec.cat\/escolaandersen\/wp-json\/wp\/v2\/posts\/2456","targetHints":{"allow":["GET"]}}],"collection":[{"href":"https:\/\/agora.xtec.cat\/escolaandersen\/wp-json\/wp\/v2\/posts"}],"about":[{"href":"https:\/\/agora.xtec.cat\/escolaandersen\/wp-json\/wp\/v2\/types\/post"}],"author":[{"embeddable":true,"href":"https:\/\/agora.xtec.cat\/escolaandersen\/wp-json\/wp\/v2\/users\/3"}],"replies":[{"embeddable":true,"href":"https:\/\/agora.xtec.cat\/escolaandersen\/wp-json\/wp\/v2\/comments?post=2456"}],"version-history":[{"count":6,"href":"https:\/\/agora.xtec.cat\/escolaandersen\/wp-json\/wp\/v2\/posts\/2456\/revisions"}],"predecessor-version":[{"id":2469,"href":"https:\/\/agora.xtec.cat\/escolaandersen\/wp-json\/wp\/v2\/posts\/2456\/revisions\/2469"}],"wp:attachment":[{"href":"https:\/\/agora.xtec.cat\/escolaandersen\/wp-json\/wp\/v2\/media?parent=2456"}],"wp:term":[{"taxonomy":"category","embeddable":true,"href":"https:\/\/agora.xtec.cat\/escolaandersen\/wp-json\/wp\/v2\/categories?post=2456"},{"taxonomy":"post_tag","embeddable":true,"href":"https:\/\/agora.xtec.cat\/escolaandersen\/wp-json\/wp\/v2\/tags?post=2456"}],"curies":[{"name":"wp","href":"https:\/\/api.w.org\/{rel}","templated":true}]}}