{"id":2448,"date":"2025-10-24T15:57:30","date_gmt":"2025-10-24T13:57:30","guid":{"rendered":"https:\/\/agora.xtec.cat\/escolaandersen\/?p=2448"},"modified":"2025-10-24T15:57:30","modified_gmt":"2025-10-24T13:57:30","slug":"renovacio-consell-escolar","status":"publish","type":"post","link":"https:\/\/agora.xtec.cat\/escolaandersen\/general\/renovacio-consell-escolar\/","title":{"rendered":"Renovaci\u00f3 Consell Escolar"},"content":{"rendered":"<p style=\"font-weight: 400;\">Benvolgudes fam\u00edlies,<\/p>\n<p style=\"font-weight: 400;\">aquest curs est\u00e0 previst que hi hagi eleccions del\u00a0Consell Escolar. Pel que fa als representants de les fam\u00edlies, hi haur\u00e0 la\u00a0<strong>renovaci\u00f3\u00a0de 3 membres<\/strong>. Per aquest fet us animem a participar-hi tot presentant la vostra candidatura a l&#8217;Equip directiu <strong>abans del 10 de novembre<\/strong>.<\/p>\n<p style=\"font-weight: 400;\">Us adjuntem el calendari de tot el proc\u00e9s i la resoluci\u00f3 de la convocat\u00f2ria signada per direcci\u00f3:<\/p>\n<ul>\n<li><strong>Inici del proc\u00e9s:<\/strong>\u00a0a partir del dia\u00a0<strong>27 d\u2019octubre de 2025<\/strong>.<\/li>\n<li><strong>Constituci\u00f3 de les meses electorals:<\/strong>\u00a0abans del dia\u00a0<strong>10 de novembre de 2025<\/strong>.<\/li>\n<li><strong>Votacions:<\/strong>\u00a0entre els dies\u00a0<strong>17 i 21 de novembre de 2025.<\/strong><\/li>\n<li><strong>Constituci\u00f3 del\u00a0consell escolar\u00a0i presa de possessi\u00f3 dels seus membres:<\/strong>\u00a0no m\u00e9s tard del dia\u00a0<strong>17 de desembre de 2025.<\/strong><\/li>\n<\/ul>\n<p><iframe loading=\"lazy\" title=\"YouTube video player\" src=\"https:\/\/drive.google.com\/file\/d\/1mWnu4GcHfR_6as5TwDomHO6UdL-uOwfd\/preview?usp=sharing\" width=\"760\" height=\"515\" frameborder=\"0\" allowfullscreen=\"allowfullscreen\"><span data-mce-type=\"bookmark\" style=\"display: inline-block; width: 0px; overflow: hidden; line-height: 0;\" class=\"mce_SELRES_start\">\ufeff<\/span><span data-mce-type=\"bookmark\" style=\"display: inline-block; width: 0px; overflow: hidden; line-height: 0;\" class=\"mce_SELRES_start\">\ufeff<\/span><span data-mce-type=\"bookmark\" style=\"display: inline-block; width: 0px; overflow: hidden; line-height: 0;\" class=\"mce_SELRES_start\">\ufeff<\/span><span data-mce-type=\"bookmark\" style=\"display: inline-block; width: 0px; overflow: hidden; line-height: 0;\" class=\"mce_SELRES_start\">\ufeff<\/span><span data-mce-type=\"bookmark\" style=\"display: inline-block; width: 0px; overflow: hidden; line-height: 0;\" class=\"mce_SELRES_start\">\ufeff<\/span><\/iframe><\/p>\n<p style=\"font-weight: 400;\">Junts fem escola<\/p>\n<p>&nbsp;<\/p>\n<p>&nbsp;<\/p>\n","protected":false},"excerpt":{"rendered":"<p>Benvolgudes fam\u00edlies,<br \/>\naquest curs est\u00e0 previst que hi hagi eleccions del\u00a0Consell Escolar. Pel que fa als representants de les fam\u00edlies, hi haur\u00e0 la\u00a0renovaci\u00f3\u00a0de 3 membres. Per aquest fet us animem a participar-hi tot presentant la vostra candidatura a l&#8217;Equip directiu abans del 10 de novembre.<br \/>\nUs adjuntem&hellip;  <a href=\"https:\/\/agora.xtec.cat\/escolaandersen\/general\/renovacio-consell-escolar\/\" title=\"Read Renovaci\u00f3 Consell Escolar\">Llegeix m\u00e9s\u00bb<\/a><\/p>\n","protected":false},"author":4,"featured_media":2452,"comment_status":"open","ping_status":"open","sticky":false,"template":"","format":"standard","meta":{"_bbp_topic_count":0,"_bbp_reply_count":0,"_bbp_total_topic_count":0,"_bbp_total_reply_count":0,"_bbp_voice_count":0,"_bbp_anonymous_reply_count":0,"_bbp_topic_count_hidden":0,"_bbp_reply_count_hidden":0,"_bbp_forum_subforum_count":0,"footnotes":""},"categories":[1,4],"tags":[],"class_list":["post-2448","post","type-post","status-publish","format-standard","has-post-thumbnail","hentry","category-general","category-portada"],"post_mailing_queue_ids":[],"_links":{"self":[{"href":"https:\/\/agora.xtec.cat\/escolaandersen\/wp-json\/wp\/v2\/posts\/2448","targetHints":{"allow":["GET"]}}],"collection":[{"href":"https:\/\/agora.xtec.cat\/escolaandersen\/wp-json\/wp\/v2\/posts"}],"about":[{"href":"https:\/\/agora.xtec.cat\/escolaandersen\/wp-json\/wp\/v2\/types\/post"}],"author":[{"embeddable":true,"href":"https:\/\/agora.xtec.cat\/escolaandersen\/wp-json\/wp\/v2\/users\/4"}],"replies":[{"embeddable":true,"href":"https:\/\/agora.xtec.cat\/escolaandersen\/wp-json\/wp\/v2\/comments?post=2448"}],"version-history":[{"count":5,"href":"https:\/\/agora.xtec.cat\/escolaandersen\/wp-json\/wp\/v2\/posts\/2448\/revisions"}],"predecessor-version":[{"id":2455,"href":"https:\/\/agora.xtec.cat\/escolaandersen\/wp-json\/wp\/v2\/posts\/2448\/revisions\/2455"}],"wp:featuredmedia":[{"embeddable":true,"href":"https:\/\/agora.xtec.cat\/escolaandersen\/wp-json\/wp\/v2\/media\/2452"}],"wp:attachment":[{"href":"https:\/\/agora.xtec.cat\/escolaandersen\/wp-json\/wp\/v2\/media?parent=2448"}],"wp:term":[{"taxonomy":"category","embeddable":true,"href":"https:\/\/agora.xtec.cat\/escolaandersen\/wp-json\/wp\/v2\/categories?post=2448"},{"taxonomy":"post_tag","embeddable":true,"href":"https:\/\/agora.xtec.cat\/escolaandersen\/wp-json\/wp\/v2\/tags?post=2448"}],"curies":[{"name":"wp","href":"https:\/\/api.w.org\/{rel}","templated":true}]}}