{"id":2426,"date":"2025-10-14T17:32:13","date_gmt":"2025-10-14T15:32:13","guid":{"rendered":"https:\/\/agora.xtec.cat\/escolaandersen\/?p=2426"},"modified":"2025-10-14T17:35:23","modified_gmt":"2025-10-14T15:35:23","slug":"colonies-el-raurell-1r-dia","status":"publish","type":"post","link":"https:\/\/agora.xtec.cat\/escolaandersen\/general\/colonies-el-raurell-1r-dia\/","title":{"rendered":"Col\u00f2nies 3r El Rourell 1r dia"},"content":{"rendered":"<div>PRIMER DIA DE COL\u00d2NIES AL ROURELL<\/div>\n<div>Al mat\u00ed hem marxat de l\u2019escola amb autob\u00fas i hem arribat a la casa\u00a0 El\u00a0Rourell que est\u00e0 a Joanetes. Primer de tot l\u2019Isaac,\u00a0 ens ha explicat\u00a0les normes de la casa i de les zones de joc. Quan hem vist on pod\u00edem jugar ha set\u00a0molt guai perqu\u00e8 hi ha: un llit el\u00e0stic, una taula de ping-pong, pista de\u00a0b\u00e0squet, pals per fer cabanes, molt espai per c\u00f3rrer i moltes coses m\u00e9s.<br \/>\nQuan hem esmorzat ens hem instal\u00b7lat a les habitacions i ens han encantat\u00a0les lliteres i les finestres.\u00a0Hem dinat i despr\u00e9s de jugar una estona, hem fet 2 activitats en grups. Un\u00a0grup hem fet orientaci\u00f3 i ens han ensenyat de quines maneres ens podem\u00a0orientar a la natura: br\u00faixola, mapes, arbres, sol, ombra, les estrelles&#8230; i hem\u00a0fet una ruta per posar-ho en pr\u00e0ctica. Al final ens ha enganxat una mica de\u00a0pluja, per\u00f2 no ha estat res comparat amb la que ens van enganxar el curs\u00a0passat a Castellar de n\u2019Hug. Un altre grup hem fet un taller d\u2019ung\u00fcent de\u00a0plantatge. Ens han explicat que fa molts anys, les trementinaires agafaven\u00a0plantes per fer medicina. Nosaltres hem volgut provar de fer-ho i hem anat a\u00a0buscar planta de plantatge que t\u00e9 unes fulles allargades amb molts nervis.\u00a0Primer de tot l\u2019hem esmicolat, despr\u00e9s l\u2019hem aixafat amb el morter i l\u2019hem\u00a0barrejat amb oli d\u2019oliva. Hem agafat la barreja l\u2019hem escalfat al bany maria,\u00a0hem afegit una mica de cera d\u2019abella perqu\u00e8 quedi m\u00e9s pastosa i al cap de\u00a020\u2019 l\u2019hem tret i l\u2019hem posat en uns pots petits. Cadasc\u00fa t\u00e9 el seu i el podrem\u00a0fer servir per: les pessigades d\u2019insectes, pels cops, pels llavis rostits, per les\u00a0mans resseques. Per\u00f2 no el podem posar mai en les ferides obertes ni en les crostes assecades. Quan hem acabat els tallers hem berenat i hem jugat a\u00a0uns jocs de taula gegants molt bonics.<br \/>\nEl sopar de mongeta i patata i pilotilles ens ha agradat molt i si vol\u00edem hem\u00a0pogut repetir.\u00a0Hem acabat el dia jugant de valent a jocs molt variats i divertits. I ara ens n&#8217;anem\u00a0a dormir perqu\u00e8 estem molt cansades i cansats, per\u00f2 molt contentes i\u00a0contents.<\/div>\n<div><\/div>\n<div>Fins dem\u00e0!<\/div>\n<div><\/div>\n<div><strong><a href=\"https:\/\/agora.xtec.cat\/escolaandersen\/wp-content\/uploads\/usu2380\/2025\/10\/IMG_4694.heic\"><img decoding=\"async\" class=\"alignnone size-full wp-image-2427\" src=\"https:\/\/agora.xtec.cat\/escolaandersen\/wp-content\/uploads\/usu2380\/2025\/10\/IMG_4694.heic\" alt=\"\" \/><\/a><a href=\"https:\/\/agora.xtec.cat\/escolaandersen\/wp-content\/uploads\/usu2380\/2025\/10\/IMG_4694.heic\"><img decoding=\"async\" class=\"alignnone size-full wp-image-2427\" src=\"https:\/\/agora.xtec.cat\/escolaandersen\/wp-content\/uploads\/usu2380\/2025\/10\/IMG_4694.heic\" alt=\"\" \/><\/a><em>Recordeu que al Drive podeu trobar un recull de fotos del primer dia \ud83d\ude42<\/em><\/strong><\/div>\n","protected":false},"excerpt":{"rendered":"<p>PRIMER DIA DE COL\u00d2NIES AL ROURELL<br \/>\nAl mat\u00ed hem marxat de l\u2019escola amb autob\u00fas i hem arribat a la casa\u00a0 El\u00a0Rourell que est\u00e0 a Joanetes. Primer de tot l\u2019Isaac,\u00a0 ens ha explicat\u00a0les normes de la casa i de les zones de joc. Quan hem vist on&hellip;  <a href=\"https:\/\/agora.xtec.cat\/escolaandersen\/general\/colonies-el-raurell-1r-dia\/\" title=\"Read Col\u00f2nies 3r El Rourell 1r dia\">Llegeix m\u00e9s\u00bb<\/a><\/p>\n","protected":false},"author":4,"featured_media":2434,"comment_status":"open","ping_status":"open","sticky":false,"template":"","format":"standard","meta":{"_bbp_topic_count":0,"_bbp_reply_count":0,"_bbp_total_topic_count":0,"_bbp_total_reply_count":0,"_bbp_voice_count":0,"_bbp_anonymous_reply_count":0,"_bbp_topic_count_hidden":0,"_bbp_reply_count_hidden":0,"_bbp_forum_subforum_count":0,"footnotes":""},"categories":[135,1,4],"tags":[],"class_list":["post-2426","post","type-post","status-publish","format-standard","has-post-thumbnail","hentry","category-cicle-mitja","category-general","category-portada"],"post_mailing_queue_ids":[],"_links":{"self":[{"href":"https:\/\/agora.xtec.cat\/escolaandersen\/wp-json\/wp\/v2\/posts\/2426","targetHints":{"allow":["GET"]}}],"collection":[{"href":"https:\/\/agora.xtec.cat\/escolaandersen\/wp-json\/wp\/v2\/posts"}],"about":[{"href":"https:\/\/agora.xtec.cat\/escolaandersen\/wp-json\/wp\/v2\/types\/post"}],"author":[{"embeddable":true,"href":"https:\/\/agora.xtec.cat\/escolaandersen\/wp-json\/wp\/v2\/users\/4"}],"replies":[{"embeddable":true,"href":"https:\/\/agora.xtec.cat\/escolaandersen\/wp-json\/wp\/v2\/comments?post=2426"}],"version-history":[{"count":4,"href":"https:\/\/agora.xtec.cat\/escolaandersen\/wp-json\/wp\/v2\/posts\/2426\/revisions"}],"predecessor-version":[{"id":2436,"href":"https:\/\/agora.xtec.cat\/escolaandersen\/wp-json\/wp\/v2\/posts\/2426\/revisions\/2436"}],"wp:featuredmedia":[{"embeddable":true,"href":"https:\/\/agora.xtec.cat\/escolaandersen\/wp-json\/wp\/v2\/media\/2434"}],"wp:attachment":[{"href":"https:\/\/agora.xtec.cat\/escolaandersen\/wp-json\/wp\/v2\/media?parent=2426"}],"wp:term":[{"taxonomy":"category","embeddable":true,"href":"https:\/\/agora.xtec.cat\/escolaandersen\/wp-json\/wp\/v2\/categories?post=2426"},{"taxonomy":"post_tag","embeddable":true,"href":"https:\/\/agora.xtec.cat\/escolaandersen\/wp-json\/wp\/v2\/tags?post=2426"}],"curies":[{"name":"wp","href":"https:\/\/api.w.org\/{rel}","templated":true}]}}