{"id":2355,"date":"2025-07-01T22:19:57","date_gmt":"2025-07-01T20:19:57","guid":{"rendered":"https:\/\/agora.xtec.cat\/escolaandersen\/?p=2355"},"modified":"2025-07-01T22:19:57","modified_gmt":"2025-07-01T20:19:57","slug":"afa-informa-50","status":"publish","type":"post","link":"https:\/\/agora.xtec.cat\/escolaandersen\/afa\/afa-informa-50\/","title":{"rendered":"AFA informa 50"},"content":{"rendered":"<p><a href=\"https:\/\/agora.xtec.cat\/escolaandersen\/wp-content\/uploads\/usu2380\/2023\/11\/cap_afainforma-3.png\"><img loading=\"lazy\" decoding=\"async\" class=\"alignnone size-full wp-image-907\" src=\"https:\/\/agora.xtec.cat\/escolaandersen\/wp-content\/uploads\/usu2380\/2023\/11\/cap_afainforma-3.png\" alt=\"\" width=\"1280\" height=\"222\" srcset=\"https:\/\/agora.xtec.cat\/escolaandersen\/wp-content\/uploads\/usu2380\/2023\/11\/cap_afainforma-3.png 1280w, https:\/\/agora.xtec.cat\/escolaandersen\/wp-content\/uploads\/usu2380\/2023\/11\/cap_afainforma-3-300x52.png 300w, https:\/\/agora.xtec.cat\/escolaandersen\/wp-content\/uploads\/usu2380\/2023\/11\/cap_afainforma-3-1024x178.png 1024w, https:\/\/agora.xtec.cat\/escolaandersen\/wp-content\/uploads\/usu2380\/2023\/11\/cap_afainforma-3-768x133.png 768w\" sizes=\"auto, (max-width: 1280px) 100vw, 1280px\" \/><\/a><\/p>\n<ul>\n<li dir=\"ltr\" aria-level=\"2\">\n<p dir=\"ltr\" role=\"presentation\"><a href=\"#seccio-1\">VAL ESCOLAR<\/a><\/p>\n<\/li>\n<li dir=\"ltr\" aria-level=\"2\">\n<p dir=\"ltr\" role=\"presentation\"><a href=\"#seccio-2\">AGENDA ESCOLAR CURS 2025-26<\/a><\/p>\n<\/li>\n<li dir=\"ltr\" aria-level=\"2\">\n<p dir=\"ltr\" role=\"presentation\"><a href=\"#seccio-3\">EXTRAESCOLARS<\/a><\/p>\n<\/li>\n<li dir=\"ltr\" aria-level=\"2\">\n<p dir=\"ltr\" role=\"presentation\"><a href=\"#seccio-4\">BON ESTIU<\/a><\/p>\n<\/li>\n<\/ul>\n<h1 dir=\"ltr\"><a id=\"seccio-1\"><\/a>VAL ESCOLAR<\/h1>\n<p><a href=\"https:\/\/agora.xtec.cat\/escolaandersen\/wp-content\/uploads\/usu2380\/2025\/07\/Captura-de-pantalla-2025-07-01-a-les-16.26.59.png\"><img loading=\"lazy\" decoding=\"async\" class=\"alignnone wp-image-2380\" src=\"https:\/\/agora.xtec.cat\/escolaandersen\/wp-content\/uploads\/usu2380\/2025\/07\/Captura-de-pantalla-2025-07-01-a-les-16.26.59.png\" alt=\"\" width=\"773\" height=\"471\" srcset=\"https:\/\/agora.xtec.cat\/escolaandersen\/wp-content\/uploads\/usu2380\/2025\/07\/Captura-de-pantalla-2025-07-01-a-les-16.26.59.png 1404w, https:\/\/agora.xtec.cat\/escolaandersen\/wp-content\/uploads\/usu2380\/2025\/07\/Captura-de-pantalla-2025-07-01-a-les-16.26.59-300x183.png 300w, https:\/\/agora.xtec.cat\/escolaandersen\/wp-content\/uploads\/usu2380\/2025\/07\/Captura-de-pantalla-2025-07-01-a-les-16.26.59-1024x624.png 1024w, https:\/\/agora.xtec.cat\/escolaandersen\/wp-content\/uploads\/usu2380\/2025\/07\/Captura-de-pantalla-2025-07-01-a-les-16.26.59-768x468.png 768w\" sizes=\"auto, (max-width: 773px) 100vw, 773px\" \/><\/a><\/p>\n<p>Benvolgudes fam\u00edlies,<\/p>\n<p>A partir d\u2019aquest mes de juny les fam\u00edlies rebreu o ja hareu rebut per correu postal dos<strong> VALS ESCOLARS<\/strong> per valor de <strong>30\u20ac cada un,<\/strong>\u00a0per tant, en total, cada infant que durant el curs 2025-26 estigui realitzant prim\u00e0ria rebr\u00e0 <strong>60\u20ac per la compra de material escolar.<\/strong><\/p>\n<p>Els vals es poden bescanviar de forma presencial <strong>en els establiments comercials autoritzats adherits a la campanya fins al 30 de novembre de 2025. <\/strong><\/p>\n<p>Tamb\u00e9 podeu cedir<strong> el valor dels vals per pagar la quota de l&#8217;AFA corresponent al material escolar del curs 2025-26.<\/strong> En aquest cas trobareu l&#8217;opci\u00f3<em> &#8220;cedir els vals a l&#8217;escola&#8221;<\/em> quan els aneu a activar a la plataforma <a href=\"https:\/\/www.valescolar.cat\/\">http:\/\/www.valescolar.cat.<\/a><br \/>\nSi escolliu aquesta opci\u00f3 teniu temps per activar i cedir els vals fins <strong>el 19 de setembre de 2025.<\/strong><\/p>\n<hr \/>\n<h1 dir=\"ltr\"><a id=\"seccio-2\"><\/a>AGENDA ESCOLAR CURS 2025-26<\/h1>\n<p>Aquest nou curs que comen\u00e7ar\u00e0 el pr\u00f2xim mes de setembre, <strong>tots els alumnes a partir de 3r de prim\u00e0ria I fins a 6\u00e8,<\/strong> trobaran l&#8217;Agenda Escolar corporativa els primers dies de curs a l&#8217;aula. Les mestres les entregaran a cadasc\u00fa.<br \/>\nCom a novetat d&#8217;aquest curs <strong>no caldr\u00e0 abonar les agendes<\/strong> ja que l&#8217;AFA hi destinar\u00e0 els diners d&#8217;una subvenci\u00f3 de l&#8217;Ajuntament de Vic.<\/p>\n<hr \/>\n<h1 dir=\"ltr\"><a id=\"seccio-3\"><\/a>EXTRAESCOLARS<\/h1>\n<p>Com ja us hem anat comunicant per diversos canals, tenim a punt la proposta d&#8217;activitats extraescolars pel curs que ve. L&#8217;objectiu de la comissi\u00f3 \u00e9s continuar amb la mateixa l\u00ednia, oferint activitats l\u00fadiques, esportives, creatives i sobretot, ben gestionades per cada professional.<\/p>\n<p>Us recordem les activitats que oferim, veureu que hi ha propostes noves i d&#8217;altres que continuen fins i tot amb horari desdoblat, per la gran acollida que han tingut aquest curs:<\/p>\n<p><strong>Teatre, Surfskate, hoquei i dansa:<\/strong> es mantenen al proper curs amb les mateixes entitats.<br \/>\n<strong>Judo i circ<\/strong>: es doblen els horaris per mantenir un grup d&#8217;iniciaci\u00f3 i poder tenir tamb\u00e9 un grup avan\u00e7at per aquells alumnes que ja han fet m\u00ednim un curs d&#8217;aquesta activitat.<\/p>\n<p>Com a <strong>novetats<\/strong> hi haur\u00e0:<\/p>\n<p><strong>Leisure Lab. Angl\u00e8s l\u00fadic<\/strong>: Aquesta activitat s&#8217;oferir\u00e0 els dilluns pels alumnes d&#8217;i4, i5 i 1r i els dimecres pels alumnes de 2n, 3r i 4t. \u00c9s una activitat que l&#8217;impartir\u00e0 una acad\u00e8mia de Manlleu que es diu English is cool. Tenen per objectiu que els alumnes aprenguin la llengua exclusivament des del joc i en format oral. El professorat \u00e9s nadiu.<\/p>\n<p><strong>Escacs<\/strong>: El Club Escacs Vic, ubicats al Casino i amb una llarga traject\u00f2ria impartint classes d&#8217;escacs, ens oferir\u00e0 aquesta activitat els dimarts.<\/p>\n<p><strong>Batucada<\/strong>: Aquesta activitat l&#8217;oferir\u00e0 en Ramon Redorta (mestre de prim\u00e0ria amb especialitat de m\u00fasica) i t\u00e9 per objectiu gaudir de la m\u00fasica a trav\u00e9s del ritme i la percussi\u00f3. L&#8217;activitat es portar\u00e0 a terme els dimarts. No cal portar instrument.<\/p>\n<p><strong>Volei<\/strong>: Activitat que anir\u00e0 a c\u00e0rrec del Vic Volei Call\u00eds i s&#8217;oferir\u00e0 els divendres a la pista de l&#8217;escola.<\/p>\n<p><strong>Extraescolar Creativa<\/strong>: Els dijous s&#8217;impartir\u00e0 aquesta activitat on s&#8217;experimentar\u00e0 amb t\u00e8cniques pl\u00e0stiques, modelatge amb fang, pintura, construccions i disseny fomentant el joc lliure, l&#8217;expressi\u00f3 personal i l&#8217;observaci\u00f3 art\u00edstica. La portar\u00e0 a terme la Clara, una persona vinculada a un espai creatiu de la ciutat.<\/p>\n<p>Aix\u00ed doncs tot aquest ventall d&#8217;activitats quedar\u00e0 repartit de la seg\u00fcent manera:<\/p>\n<p>DILLUNS:<br \/>\nCirc inici<br \/>\nAngl\u00e8s l\u00fadic<br \/>\nTeatre<\/p>\n<p>DIMARTS:<br \/>\nSurfskate<br \/>\nEscacs<br \/>\nBatucada<\/p>\n<p>DIMECRES:<br \/>\nCirc<br \/>\nAngl\u00e8s l\u00fadic<\/p>\n<p>DIJOUS:<br \/>\nHoquei<br \/>\nJudo1<br \/>\nJudo 2<br \/>\nExtraescolar Creativa<\/p>\n<p>DIVENDRES:<br \/>\nDansa<br \/>\nVolei<\/p>\n<p>Com haureu vist hem ampliat les activitats extraescolars als divendres per falta d&#8217;espai que coincideixi amb l&#8217;oferta d&#8217;activitats.<\/p>\n<p>A continuaci\u00f3 us adjuntem el cartell informatiu i un enlla\u00e7 per tal que us hi pugueu anar inscrivint. Teniu temps per poder-vos inscriure fins el 31 d&#8217;agost.<\/p>\n<p>https:\/\/forms.gle\/KvdK5PakSbGaX1Va9<\/p>\n<p><a href=\"https:\/\/agora.xtec.cat\/escolaandersen\/wp-content\/uploads\/usu2380\/2025\/07\/Captura-de-pantalla-2025-07-01-a-les-16.42.56.png\"><img loading=\"lazy\" decoding=\"async\" class=\"alignnone size-full wp-image-2387\" src=\"https:\/\/agora.xtec.cat\/escolaandersen\/wp-content\/uploads\/usu2380\/2025\/07\/Captura-de-pantalla-2025-07-01-a-les-16.42.56.png\" alt=\"\" width=\"902\" height=\"1262\" srcset=\"https:\/\/agora.xtec.cat\/escolaandersen\/wp-content\/uploads\/usu2380\/2025\/07\/Captura-de-pantalla-2025-07-01-a-les-16.42.56.png 902w, https:\/\/agora.xtec.cat\/escolaandersen\/wp-content\/uploads\/usu2380\/2025\/07\/Captura-de-pantalla-2025-07-01-a-les-16.42.56-214x300.png 214w, https:\/\/agora.xtec.cat\/escolaandersen\/wp-content\/uploads\/usu2380\/2025\/07\/Captura-de-pantalla-2025-07-01-a-les-16.42.56-732x1024.png 732w, https:\/\/agora.xtec.cat\/escolaandersen\/wp-content\/uploads\/usu2380\/2025\/07\/Captura-de-pantalla-2025-07-01-a-les-16.42.56-768x1075.png 768w\" sizes=\"auto, (max-width: 902px) 100vw, 902px\" \/><\/a><\/p>\n<p>Moltes gr\u00e0cies i molt bon estiu!!<\/p>\n<hr \/>\n<p>&nbsp;<\/p>\n<h1 dir=\"ltr\"><a id=\"seccio-4\"><\/a>BON ESTIU FAM\u00cdLIES!!<\/h1>\n<p>Estimades fam\u00edlies de l&#8217;Escola, arriba l&#8217;estiu i ens acomiadem amb un curs m\u00e9s a la butxaca. Alguns marxen de l&#8217;escola perqu\u00e8 ja s&#8217;han fet &#8220;grans&#8221;; Els desitgem que tinguin un molt bon inici de la etapa que estan a punt d&#8217;encetar, i, esperem que un bon record del pas per la nostra escola els acompanyi sempre.<\/p>\n<p>La resta ens veurem a la tornada amb la il\u00b7lusi\u00f3 d&#8217;estrenar un nou curs!!<\/p>\n<p>Aprofitem per animar-vos a venir a formar part de la Junta de l&#8217;AFA. Ens reunim el primer dimecres de cada mes a les 21h a l&#8217;escola. Amb els infants que marxen de l&#8217;escola perqu\u00e8 s&#8217;han fet grans tamb\u00e9 acomiadem a mares que han format part de la junta durant molts anys. Aix\u00ed que toca renovar-nos! Cal que siguem una bona colla per a repartir-nos la feina i fer equip!<\/p>\n<p>Us hi esperem!!!<\/p>\n<p>Bon estiu!!!!!<\/p>\n<hr \/>\n","protected":false},"excerpt":{"rendered":"<p><a href=\"https:\/\/agora.xtec.cat\/escolaandersen\/wp-content\/uploads\/usu2380\/2023\/11\/cap_afainforma-3.png\"><\/a><\/p>\n<ul>\n<li dir=\"ltr\" aria-level=\"2\">\n<a href=\"#seccio-1\">VAL ESCOLAR<\/a>\n<\/li>\n<li dir=\"ltr\" aria-level=\"2\">\n<a href=\"#seccio-2\">AGENDA ESCOLAR CURS 2025-26<\/a>\n<\/li>\n<li dir=\"ltr\" aria-level=\"2\">\n<a href=\"#seccio-3\">EXTRAESCOLARS<\/a>\n<\/li>\n<li dir=\"ltr\" aria-level=\"2\">\n<a href=\"#seccio-4\">BON ESTIU<\/a>\n<\/li>\n<\/ul>\n<p><a id=\"seccio-1\"><\/a>VAL ESCOLAR<br \/>\n<a href=\"https:\/\/agora.xtec.cat\/escolaandersen\/wp-content\/uploads\/usu2380\/2025\/07\/Captura-de-pantalla-2025-07-01-a-les-16.26.59.png\"><\/a><br \/>\nBenvolgudes fam\u00edlies,<br \/>\nA partir d\u2019aquest mes de juny les fam\u00edlies rebreu o ja hareu rebut per correu postal dos VALS ESCOLARS per valor de 30\u20ac&hellip;  <a href=\"https:\/\/agora.xtec.cat\/escolaandersen\/afa\/afa-informa-50\/\" title=\"Read AFA informa 50\">Llegeix m\u00e9s\u00bb<\/a><\/p>\n","protected":false},"author":3,"featured_media":0,"comment_status":"open","ping_status":"closed","sticky":false,"template":"","format":"standard","meta":{"_bbp_topic_count":0,"_bbp_reply_count":0,"_bbp_total_topic_count":0,"_bbp_total_reply_count":0,"_bbp_voice_count":0,"_bbp_anonymous_reply_count":0,"_bbp_topic_count_hidden":0,"_bbp_reply_count_hidden":0,"_bbp_forum_subforum_count":0,"footnotes":""},"categories":[7],"tags":[],"class_list":["post-2355","post","type-post","status-publish","format-standard","hentry","category-afa"],"post_mailing_queue_ids":[],"_links":{"self":[{"href":"https:\/\/agora.xtec.cat\/escolaandersen\/wp-json\/wp\/v2\/posts\/2355","targetHints":{"allow":["GET"]}}],"collection":[{"href":"https:\/\/agora.xtec.cat\/escolaandersen\/wp-json\/wp\/v2\/posts"}],"about":[{"href":"https:\/\/agora.xtec.cat\/escolaandersen\/wp-json\/wp\/v2\/types\/post"}],"author":[{"embeddable":true,"href":"https:\/\/agora.xtec.cat\/escolaandersen\/wp-json\/wp\/v2\/users\/3"}],"replies":[{"embeddable":true,"href":"https:\/\/agora.xtec.cat\/escolaandersen\/wp-json\/wp\/v2\/comments?post=2355"}],"version-history":[{"count":6,"href":"https:\/\/agora.xtec.cat\/escolaandersen\/wp-json\/wp\/v2\/posts\/2355\/revisions"}],"predecessor-version":[{"id":2393,"href":"https:\/\/agora.xtec.cat\/escolaandersen\/wp-json\/wp\/v2\/posts\/2355\/revisions\/2393"}],"wp:attachment":[{"href":"https:\/\/agora.xtec.cat\/escolaandersen\/wp-json\/wp\/v2\/media?parent=2355"}],"wp:term":[{"taxonomy":"category","embeddable":true,"href":"https:\/\/agora.xtec.cat\/escolaandersen\/wp-json\/wp\/v2\/categories?post=2355"},{"taxonomy":"post_tag","embeddable":true,"href":"https:\/\/agora.xtec.cat\/escolaandersen\/wp-json\/wp\/v2\/tags?post=2355"}],"curies":[{"name":"wp","href":"https:\/\/api.w.org\/{rel}","templated":true}]}}