{"id":2307,"date":"2025-04-23T17:00:40","date_gmt":"2025-04-23T15:00:40","guid":{"rendered":"https:\/\/agora.xtec.cat\/escolaandersen\/?p=2307"},"modified":"2025-04-23T13:26:20","modified_gmt":"2025-04-23T11:26:20","slug":"festa-de-les-lletres-2025","status":"publish","type":"post","link":"https:\/\/agora.xtec.cat\/escolaandersen\/general\/festa-de-les-lletres-2025\/","title":{"rendered":"Festa de les lletres 2025"},"content":{"rendered":"<h3 class=\"\" data-start=\"147\" data-end=\"221\">Compartim els treballs literaris de la Festa de les lletres<\/h3>\n<p class=\"\" data-start=\"223\" data-end=\"244\">Benvolgudes fam\u00edlies,<\/p>\n<p class=\"\" data-start=\"246\" data-end=\"593\">Ens fa molta il\u00b7lusi\u00f3 compartir amb vosaltres els treballs literaris realitzats per l&#8217;alumnat de l&#8217;escola amb motiu de la Festa de les lletres i la Diada de Sant Jordi.<\/p>\n<p class=\"\" data-start=\"246\" data-end=\"593\">Han estat setmanes plenes de creativitat, aprenentatges i emocions que ara podreu veure recollides en una revista digital.<\/p>\n<p><iframe class=\"fp-iframe\" style=\"border: 1px solid lightgray; width: 100%; height: 400px;\" src=\"https:\/\/heyzine.com\/flip-book\/354626b98a.html\" scrolling=\"no\" allowfullscreen=\"allowfullscreen\"><\/iframe><\/p>\n<p class=\"\" data-start=\"595\" data-end=\"823\">Us convidem a gaudir-ne i compartir aquest moment amb els vostres infants. \u00c9s una manera bonica de recon\u00e8ixer tot l\u2019esfor\u00e7 i la dedicaci\u00f3 que han posat en la seva elaboraci\u00f3.<\/p>\n<p class=\"\" data-start=\"595\" data-end=\"823\">Esperem que us agradi tant com a nosaltres!<\/p>\n<p class=\"\" data-start=\"1019\" data-end=\"1071\"><strong data-start=\"1019\" data-end=\"1071\">Equip docent d\u2019Educaci\u00f3 Infantil i Prim\u00e0ria<\/strong><\/p>\n","protected":false},"excerpt":{"rendered":"<p>Compartim els treballs literaris de la Festa de les lletres<br \/>\nBenvolgudes fam\u00edlies,<br \/>\nEns fa molta il\u00b7lusi\u00f3 compartir amb vosaltres els treballs literaris realitzats per l&#8217;alumnat de l&#8217;escola amb motiu de la Festa de les lletres i la Diada de Sant Jordi.<br \/>\nHan estat setmanes plenes de creativitat, aprenentatges&hellip;  <a href=\"https:\/\/agora.xtec.cat\/escolaandersen\/general\/festa-de-les-lletres-2025\/\" title=\"Read Festa de les lletres 2025\">Llegeix m\u00e9s\u00bb<\/a><\/p>\n","protected":false},"author":5,"featured_media":0,"comment_status":"open","ping_status":"closed","sticky":false,"template":"","format":"standard","meta":{"_bbp_topic_count":0,"_bbp_reply_count":0,"_bbp_total_topic_count":0,"_bbp_total_reply_count":0,"_bbp_voice_count":0,"_bbp_anonymous_reply_count":0,"_bbp_topic_count_hidden":0,"_bbp_reply_count_hidden":0,"_bbp_forum_subforum_count":0,"footnotes":""},"categories":[1,4],"tags":[],"class_list":["post-2307","post","type-post","status-publish","format-standard","hentry","category-general","category-portada"],"post_mailing_queue_ids":[],"_links":{"self":[{"href":"https:\/\/agora.xtec.cat\/escolaandersen\/wp-json\/wp\/v2\/posts\/2307","targetHints":{"allow":["GET"]}}],"collection":[{"href":"https:\/\/agora.xtec.cat\/escolaandersen\/wp-json\/wp\/v2\/posts"}],"about":[{"href":"https:\/\/agora.xtec.cat\/escolaandersen\/wp-json\/wp\/v2\/types\/post"}],"author":[{"embeddable":true,"href":"https:\/\/agora.xtec.cat\/escolaandersen\/wp-json\/wp\/v2\/users\/5"}],"replies":[{"embeddable":true,"href":"https:\/\/agora.xtec.cat\/escolaandersen\/wp-json\/wp\/v2\/comments?post=2307"}],"version-history":[{"count":7,"href":"https:\/\/agora.xtec.cat\/escolaandersen\/wp-json\/wp\/v2\/posts\/2307\/revisions"}],"predecessor-version":[{"id":2320,"href":"https:\/\/agora.xtec.cat\/escolaandersen\/wp-json\/wp\/v2\/posts\/2307\/revisions\/2320"}],"wp:attachment":[{"href":"https:\/\/agora.xtec.cat\/escolaandersen\/wp-json\/wp\/v2\/media?parent=2307"}],"wp:term":[{"taxonomy":"category","embeddable":true,"href":"https:\/\/agora.xtec.cat\/escolaandersen\/wp-json\/wp\/v2\/categories?post=2307"},{"taxonomy":"post_tag","embeddable":true,"href":"https:\/\/agora.xtec.cat\/escolaandersen\/wp-json\/wp\/v2\/tags?post=2307"}],"curies":[{"name":"wp","href":"https:\/\/api.w.org\/{rel}","templated":true}]}}