{"id":2293,"date":"2025-04-30T22:44:51","date_gmt":"2025-04-30T20:44:51","guid":{"rendered":"https:\/\/agora.xtec.cat\/escolaandersen\/?p=2293"},"modified":"2025-04-30T22:44:51","modified_gmt":"2025-04-30T20:44:51","slug":"afa-informa-49","status":"publish","type":"post","link":"https:\/\/agora.xtec.cat\/escolaandersen\/afa\/afa-informa-49\/","title":{"rendered":"AFA informa 49"},"content":{"rendered":"<p><a href=\"https:\/\/agora.xtec.cat\/escolaandersen\/wp-content\/uploads\/usu2380\/2023\/11\/cap_afainforma-3.png\"><img loading=\"lazy\" decoding=\"async\" class=\"alignnone size-full wp-image-907\" src=\"https:\/\/agora.xtec.cat\/escolaandersen\/wp-content\/uploads\/usu2380\/2023\/11\/cap_afainforma-3.png\" alt=\"\" width=\"1280\" height=\"222\" srcset=\"https:\/\/agora.xtec.cat\/escolaandersen\/wp-content\/uploads\/usu2380\/2023\/11\/cap_afainforma-3.png 1280w, https:\/\/agora.xtec.cat\/escolaandersen\/wp-content\/uploads\/usu2380\/2023\/11\/cap_afainforma-3-300x52.png 300w, https:\/\/agora.xtec.cat\/escolaandersen\/wp-content\/uploads\/usu2380\/2023\/11\/cap_afainforma-3-1024x178.png 1024w, https:\/\/agora.xtec.cat\/escolaandersen\/wp-content\/uploads\/usu2380\/2023\/11\/cap_afainforma-3-768x133.png 768w\" sizes=\"auto, (max-width: 1280px) 100vw, 1280px\" \/><\/a><\/p>\n<ul>\n<li dir=\"ltr\" aria-level=\"2\">\n<p dir=\"ltr\" role=\"presentation\"><a href=\"#seccio-1\">SORTIDA A LA NATURA<\/a><\/p>\n<\/li>\n<li dir=\"ltr\" aria-level=\"2\">\n<p dir=\"ltr\" role=\"presentation\"><a href=\"#seccio-2\">BIBLIOPATI<\/a><\/p>\n<\/li>\n<li dir=\"ltr\" aria-level=\"2\">\n<p dir=\"ltr\" role=\"presentation\"><a href=\"#seccio-3\">REUNI\u00d3 TRANSPORT ESCOLAR<\/a><\/p>\n<\/li>\n<li dir=\"ltr\" aria-level=\"2\">\n<p dir=\"ltr\" role=\"presentation\"><a href=\"#seccio-4\"> VALORACI\u00d3 CARNESTOLTES DE LA CIUTAT<\/a><\/p>\n<\/li>\n<\/ul>\n<ul>\n<li dir=\"ltr\" aria-level=\"2\">\n<p dir=\"ltr\" role=\"presentation\"><a href=\"#seccio-5\">VALORACI\u00d3 SCRATCH DAY<\/a><\/p>\n<\/li>\n<\/ul>\n<ul>\n<li dir=\"ltr\" aria-level=\"2\">\n<p dir=\"ltr\" role=\"presentation\"><a href=\"#seccio-6\">AGENDA<\/a><\/p>\n<\/li>\n<\/ul>\n<h1 dir=\"ltr\"><a id=\"seccio-1\"><\/a>SORTIDA A LA NATURA 2025<\/h1>\n<p>Estimades fam\u00edlies, guardeu-vos ben guardat l\u2019<strong>11 de maig<\/strong>!<\/p>\n<p>Aquest any hem preparat una sortida a la natura ben especial i farem la <strong>Ruta dels Molins<\/strong>! Sortirem des del <strong>C\/Jacint Verdaguer, de Calldetenes, a les 9h en punt<\/strong> i acabarem a Les 7 fonts de Sant Juli\u00e0 de Vilatorta. La idea \u00e9s, una vegada all\u00e0, esmorzar (a c\u00e0rrec de l&#8217;Afa), jugar una mica i fer un p\u00edcnic-dinar tots plegats, per\u00f2 que tothom se senti lliure de fer el que vulgui!<\/p>\n<p>Us hi esperem amb ganes!<\/p>\n<p>Per a fer una previsi\u00f3 d&#8217;assist\u00e8ncia agrair\u00edem que <strong>us inscriv\u00edssiu aqu\u00ed<\/strong>: <a href=\"https:\/\/docs.google.com\/forms\/d\/e\/1FAIpQLScfnM-1VrxbO-t-CdGOSP99MWUcyXcCsAoP5DfxaybgNS_T8A\/viewform?usp=header\">formulari<\/a>.<\/p>\n<p>Punt de sortida: <strong>https:\/\/maps.app.goo.gl\/vjgrPKTHZ3dbShj27<\/strong><\/p>\n<p>&nbsp;<\/p>\n<p><a href=\"https:\/\/agora.xtec.cat\/escolaandersen\/wp-content\/uploads\/usu2380\/2025\/04\/48861763-10a9-4845-bb4a-05d693f6f131.jpg\"><img loading=\"lazy\" decoding=\"async\" class=\"alignnone size-full wp-image-2337\" src=\"https:\/\/agora.xtec.cat\/escolaandersen\/wp-content\/uploads\/usu2380\/2025\/04\/48861763-10a9-4845-bb4a-05d693f6f131.jpg\" alt=\"\" width=\"452\" height=\"640\" srcset=\"https:\/\/agora.xtec.cat\/escolaandersen\/wp-content\/uploads\/usu2380\/2025\/04\/48861763-10a9-4845-bb4a-05d693f6f131.jpg 452w, https:\/\/agora.xtec.cat\/escolaandersen\/wp-content\/uploads\/usu2380\/2025\/04\/48861763-10a9-4845-bb4a-05d693f6f131-212x300.jpg 212w\" sizes=\"auto, (max-width: 452px) 100vw, 452px\" \/><\/a><\/p>\n<hr \/>\n<h1 dir=\"ltr\"><a id=\"seccio-2\"><\/a>BIBLIOPATI<\/h1>\n<p><span data-olk-copy-source=\"MessageBody\">Us animem a participar en la donaci\u00f3 de llibres per a la nova biblioteca del pati de l\u2019escola! \u00c9s una manera fant\u00e0stica de compartir la passi\u00f3 pels llibres i ajudar a crear un espai ple d\u2019aventures i coneixement per als nostres fills i filles. Podeu deixar els llibres a secretaria. Gr\u00e0cies per la vostra col\u00b7laboraci\u00f3 i per fer de la nostra escola un lloc encara m\u00e9s especial!<\/span><\/p>\n<p><a href=\"https:\/\/agora.xtec.cat\/escolaandersen\/wp-content\/uploads\/usu2380\/2025\/04\/35452163-5d3c-4a46-92f4-ebfc1760c379.jpg\"><img loading=\"lazy\" decoding=\"async\" class=\"alignnone wp-image-2339\" src=\"https:\/\/agora.xtec.cat\/escolaandersen\/wp-content\/uploads\/usu2380\/2025\/04\/35452163-5d3c-4a46-92f4-ebfc1760c379.jpg\" alt=\"\" width=\"731\" height=\"469\" \/><\/a><\/p>\n<hr \/>\n<h1 dir=\"ltr\"><a id=\"seccio-3\"><\/a>REUNI\u00d3 TRANSPORT ESCOLAR<\/h1>\n<p>Tal i com l&#8217;Ajuntament de Vic va informar, i d&#8217;acord amb les seves directrius, <strong>el curs 2025-26 hi haur\u00e0 canvis respecte al servei de transport escolar de la nostra escola.<\/strong><\/p>\n<p>El canvi m\u00e9s rellevant \u00e9s que <strong>tot l&#8217;alumnat que actualment podia disposar del servei de forma gratu\u00efta, passar\u00e0 a ser alumnat &#8220;No obligatori&#8221;<\/strong> i, per tant, tamb\u00e9 haur\u00e0 de pagar el servei de transport, d&#8217;acord amb l&#8217;Ordenan\u00e7a que ho regula. Aix\u00ed, se&#8217;ls girar\u00e0 el rebut domiciliari corresponent.<\/p>\n<p>No obstant, <strong>les fam\u00edlies podran renovar les sol\u00b7licituds de transport conjuntament amb la renovaci\u00f3 dels ajuts escolars dels quals disposin<\/strong>, si s&#8217;escau:<\/p>\n<p>L&#8217;alumnat que compleixi els criteris per tenir un ajut de menjador del 70% tindr\u00e0 una bonificaci\u00f3 del servei de transport del 50%<br \/>\nL&#8217;alumnat que compleixi els criteris per tenir un ajut de menjador del 100% tindr\u00e0 una exempci\u00f3 total del pagament del servei de transport.<\/p>\n<p><strong>El curs 2026\/27 hi haur\u00e0 un canvi total: <span style=\"text-decoration: underline;\">el transport escolar desapareixer\u00e0 com a tal i passar\u00e0 a oferir-se nom\u00e9s el servei de bus urb\u00e0 fins a l&#8217;Escola<\/span>. Per tant, caldr\u00e0 estar atents a les informacions que ens vagin donant per poder fer la pressi\u00f3 necess\u00e0ria perqu\u00e8 els canvis ens afectin el menys possible i siguin sempre cap a millor! Haurem de defensar la nostra escola, perqu\u00e8 si perdem el transport escolar ens quedarem a\u00efllats de la ciutat i hi ha moltes fam\u00edlies que el necessiten!<\/strong><\/p>\n<hr \/>\n<h1 dir=\"ltr\"><a id=\"seccio-4\"><\/a>VALORACI\u00d3 CARNESTOLTES DE LA CIUTAT<\/h1>\n<p>Aquest any vam participar al carnestoltes de la ciutat de Vic (del dia 1 de mar\u00e7) amb una comparsa d&#8217;uns 60\/70 de l&#8217;Andersen, juntament amb altres escoles i entitats de la ciutat.<br \/>\nAgrair molt al barri del Remei i a l\u2019Ajuntament de Vic per convidar-nos i posar els mitjans t\u00e8cnics i humans per fer-ho possible.<\/p>\n<p>Va ser un dia festiu i divertit, on les fam\u00edlies de l&#8217;escola vam passar un mat\u00ed diferent ballant i jugant amb els infants pels carrers de la ciutat i compartint espai amb les altres escoles de la ciutat.<br \/>\nVist l&#8217;\u00e8xit i que ens ho vam passar d&#8217;all\u00f2 m\u00e9s b\u00e9, l&#8217;any que ve hi tornarem! A veure si, a m\u00e9s, podem fer una carrossa i un gran ball!<\/p>\n<p>A totes les fam\u00edlies que v\u00e0reu venir, gr\u00e0cies! I a les altres, us esperem l&#8217;any que ve!<\/p>\n<p><a href=\"https:\/\/agora.xtec.cat\/escolaandersen\/wp-content\/uploads\/usu2380\/2025\/04\/image1-2.jpeg\"><img loading=\"lazy\" decoding=\"async\" class=\"alignnone size-full wp-image-2332\" src=\"https:\/\/agora.xtec.cat\/escolaandersen\/wp-content\/uploads\/usu2380\/2025\/04\/image1-2.jpeg\" alt=\"\" width=\"640\" height=\"480\" srcset=\"https:\/\/agora.xtec.cat\/escolaandersen\/wp-content\/uploads\/usu2380\/2025\/04\/image1-2.jpeg 640w, https:\/\/agora.xtec.cat\/escolaandersen\/wp-content\/uploads\/usu2380\/2025\/04\/image1-2-300x225.jpeg 300w, https:\/\/agora.xtec.cat\/escolaandersen\/wp-content\/uploads\/usu2380\/2025\/04\/image1-2-200x150.jpeg 200w\" sizes=\"auto, (max-width: 640px) 100vw, 640px\" \/><\/a><\/p>\n<p><a href=\"https:\/\/agora.xtec.cat\/escolaandersen\/wp-content\/uploads\/usu2380\/2025\/04\/image2-1.jpeg\"><img loading=\"lazy\" decoding=\"async\" class=\"alignnone size-full wp-image-2333\" src=\"https:\/\/agora.xtec.cat\/escolaandersen\/wp-content\/uploads\/usu2380\/2025\/04\/image2-1.jpeg\" alt=\"\" width=\"640\" height=\"480\" srcset=\"https:\/\/agora.xtec.cat\/escolaandersen\/wp-content\/uploads\/usu2380\/2025\/04\/image2-1.jpeg 640w, https:\/\/agora.xtec.cat\/escolaandersen\/wp-content\/uploads\/usu2380\/2025\/04\/image2-1-300x225.jpeg 300w, https:\/\/agora.xtec.cat\/escolaandersen\/wp-content\/uploads\/usu2380\/2025\/04\/image2-1-200x150.jpeg 200w\" sizes=\"auto, (max-width: 640px) 100vw, 640px\" \/><\/a><\/p>\n<p><a href=\"https:\/\/agora.xtec.cat\/escolaandersen\/wp-content\/uploads\/usu2380\/2025\/04\/image3-1.jpeg\"><img loading=\"lazy\" decoding=\"async\" class=\"alignnone size-full wp-image-2334\" src=\"https:\/\/agora.xtec.cat\/escolaandersen\/wp-content\/uploads\/usu2380\/2025\/04\/image3-1.jpeg\" alt=\"\" width=\"640\" height=\"480\" srcset=\"https:\/\/agora.xtec.cat\/escolaandersen\/wp-content\/uploads\/usu2380\/2025\/04\/image3-1.jpeg 640w, https:\/\/agora.xtec.cat\/escolaandersen\/wp-content\/uploads\/usu2380\/2025\/04\/image3-1-300x225.jpeg 300w, https:\/\/agora.xtec.cat\/escolaandersen\/wp-content\/uploads\/usu2380\/2025\/04\/image3-1-200x150.jpeg 200w\" sizes=\"auto, (max-width: 640px) 100vw, 640px\" \/><\/a><\/p>\n<hr \/>\n<h1 dir=\"ltr\"><a id=\"seccio-5\"><\/a>VALORACI\u00d3 SCRATCH DAY 9.0<\/h1>\n<p>Un any m\u00e9s vam cel\u00b7lebrar una nova edici\u00f3 de l&#8217;Scratch day. Vam dedicar el mat\u00ed a compartir, infants i fam\u00edlies, els treballs tecnol\u00f2gics que realitzen els nostres infants a l&#8217;escola i a casa. La jornada va ser molt profitosa, ja que tots vam poder realitzar algun projecte en el taller que m\u00e9s s&#8217;adeia a l&#8217;edat i als materials de rob\u00f2tica disponibles.<\/p>\n<p>Volem agrair als mestres Anna Carrascal i Felip Cede\u00f1o la dedicaci\u00f3 que ens van regalar tot preparant-nos interessant\u00edssims tallers amb el material tecnol\u00f2gic de l&#8217;escola.<\/p>\n<p>Us deixem unes imatges:<\/p>\n<p><a href=\"https:\/\/agora.xtec.cat\/escolaandersen\/wp-content\/uploads\/usu2380\/2025\/04\/Captura-de-pantalla-2025-04-13-a-les-9.27.30-1.png\"><img loading=\"lazy\" decoding=\"async\" class=\"alignnone wp-image-2301\" src=\"https:\/\/agora.xtec.cat\/escolaandersen\/wp-content\/uploads\/usu2380\/2025\/04\/Captura-de-pantalla-2025-04-13-a-les-9.27.30-1.png\" alt=\"\" width=\"481\" height=\"1036\" \/><\/a> <a href=\"https:\/\/agora.xtec.cat\/escolaandersen\/wp-content\/uploads\/usu2380\/2025\/04\/Captura-de-pantalla-2025-04-13-a-les-9.28.00.png\"><img loading=\"lazy\" decoding=\"async\" class=\"alignnone wp-image-2302\" src=\"https:\/\/agora.xtec.cat\/escolaandersen\/wp-content\/uploads\/usu2380\/2025\/04\/Captura-de-pantalla-2025-04-13-a-les-9.28.00.png\" alt=\"\" width=\"487\" height=\"1163\" \/><\/a><\/p>\n<p><a href=\"https:\/\/agora.xtec.cat\/escolaandersen\/wp-content\/uploads\/usu2380\/2025\/04\/Captura-de-pantalla-2025-04-13-a-les-9.29.56.png\"><img loading=\"lazy\" decoding=\"async\" class=\"alignnone wp-image-2305\" src=\"https:\/\/agora.xtec.cat\/escolaandersen\/wp-content\/uploads\/usu2380\/2025\/04\/Captura-de-pantalla-2025-04-13-a-les-9.29.56.png\" alt=\"\" width=\"676\" height=\"474\" \/><\/a><\/p>\n<hr \/>\n<h1 dir=\"ltr\"><a id=\"seccio-6\"><\/a>AGENDA<\/h1>\n<p><a href=\"https:\/\/agora.xtec.cat\/escolaandersen\/wp-content\/uploads\/usu2380\/2025\/04\/Yellow-Post-it-Note-Class-Reminder-Classroom-Announcement-5.png\"><img loading=\"lazy\" decoding=\"async\" class=\"alignnone wp-image-2341\" src=\"https:\/\/agora.xtec.cat\/escolaandersen\/wp-content\/uploads\/usu2380\/2025\/04\/Yellow-Post-it-Note-Class-Reminder-Classroom-Announcement-5.png\" alt=\"\" width=\"662\" height=\"673\" \/><\/a><\/p>\n","protected":false},"excerpt":{"rendered":"<p><a href=\"https:\/\/agora.xtec.cat\/escolaandersen\/wp-content\/uploads\/usu2380\/2023\/11\/cap_afainforma-3.png\"><\/a><\/p>\n<ul>\n<li dir=\"ltr\" aria-level=\"2\">\n<a href=\"#seccio-1\">SORTIDA A LA NATURA<\/a>\n<\/li>\n<li dir=\"ltr\" aria-level=\"2\">\n<a href=\"#seccio-2\">BIBLIOPATI<\/a>\n<\/li>\n<li dir=\"ltr\" aria-level=\"2\">\n<a href=\"#seccio-3\">REUNI\u00d3 TRANSPORT ESCOLAR<\/a>\n<\/li>\n<li dir=\"ltr\" aria-level=\"2\">\n<a href=\"#seccio-4\"> VALORACI\u00d3 CARNESTOLTES DE LA CIUTAT<\/a>\n<\/li>\n<\/ul>\n<ul>\n<li dir=\"ltr\" aria-level=\"2\">\n<a href=\"#seccio-5\">VALORACI\u00d3 SCRATCH DAY<\/a>\n<\/li>\n<\/ul>\n<ul>\n<li dir=\"ltr\" aria-level=\"2\">\n<a href=\"#seccio-6\">AGENDA<\/a>\n<\/li>\n<\/ul>\n<p><a id=\"seccio-1\"><\/a>SORTIDA A LA NATURA 2025<br \/>\nEstimades fam\u00edlies, guardeu-vos ben guardat l\u201911 de maig!<br \/>\nAquest any&hellip;  <a href=\"https:\/\/agora.xtec.cat\/escolaandersen\/afa\/afa-informa-49\/\" title=\"Read AFA informa 49\">Llegeix m\u00e9s\u00bb<\/a><\/p>\n","protected":false},"author":3,"featured_media":0,"comment_status":"open","ping_status":"closed","sticky":false,"template":"","format":"standard","meta":{"_bbp_topic_count":0,"_bbp_reply_count":0,"_bbp_total_topic_count":0,"_bbp_total_reply_count":0,"_bbp_voice_count":0,"_bbp_anonymous_reply_count":0,"_bbp_topic_count_hidden":0,"_bbp_reply_count_hidden":0,"_bbp_forum_subforum_count":0,"footnotes":""},"categories":[7],"tags":[],"class_list":["post-2293","post","type-post","status-publish","format-standard","hentry","category-afa"],"post_mailing_queue_ids":[],"_links":{"self":[{"href":"https:\/\/agora.xtec.cat\/escolaandersen\/wp-json\/wp\/v2\/posts\/2293","targetHints":{"allow":["GET"]}}],"collection":[{"href":"https:\/\/agora.xtec.cat\/escolaandersen\/wp-json\/wp\/v2\/posts"}],"about":[{"href":"https:\/\/agora.xtec.cat\/escolaandersen\/wp-json\/wp\/v2\/types\/post"}],"author":[{"embeddable":true,"href":"https:\/\/agora.xtec.cat\/escolaandersen\/wp-json\/wp\/v2\/users\/3"}],"replies":[{"embeddable":true,"href":"https:\/\/agora.xtec.cat\/escolaandersen\/wp-json\/wp\/v2\/comments?post=2293"}],"version-history":[{"count":6,"href":"https:\/\/agora.xtec.cat\/escolaandersen\/wp-json\/wp\/v2\/posts\/2293\/revisions"}],"predecessor-version":[{"id":2345,"href":"https:\/\/agora.xtec.cat\/escolaandersen\/wp-json\/wp\/v2\/posts\/2293\/revisions\/2345"}],"wp:attachment":[{"href":"https:\/\/agora.xtec.cat\/escolaandersen\/wp-json\/wp\/v2\/media?parent=2293"}],"wp:term":[{"taxonomy":"category","embeddable":true,"href":"https:\/\/agora.xtec.cat\/escolaandersen\/wp-json\/wp\/v2\/categories?post=2293"},{"taxonomy":"post_tag","embeddable":true,"href":"https:\/\/agora.xtec.cat\/escolaandersen\/wp-json\/wp\/v2\/tags?post=2293"}],"curies":[{"name":"wp","href":"https:\/\/api.w.org\/{rel}","templated":true}]}}