{"id":2260,"date":"2025-03-23T23:15:09","date_gmt":"2025-03-23T22:15:09","guid":{"rendered":"https:\/\/agora.xtec.cat\/escolaandersen\/?p=2260"},"modified":"2025-03-23T23:15:25","modified_gmt":"2025-03-23T22:15:25","slug":"afa-informa-48","status":"publish","type":"post","link":"https:\/\/agora.xtec.cat\/escolaandersen\/afa\/afa-informa-48\/","title":{"rendered":"AFA informa 48"},"content":{"rendered":"<p><a href=\"https:\/\/agora.xtec.cat\/escolaandersen\/wp-content\/uploads\/usu2380\/2023\/11\/cap_afainforma-3.png\"><img loading=\"lazy\" decoding=\"async\" class=\"alignnone size-full wp-image-907\" src=\"https:\/\/agora.xtec.cat\/escolaandersen\/wp-content\/uploads\/usu2380\/2023\/11\/cap_afainforma-3.png\" alt=\"\" width=\"1280\" height=\"222\" srcset=\"https:\/\/agora.xtec.cat\/escolaandersen\/wp-content\/uploads\/usu2380\/2023\/11\/cap_afainforma-3.png 1280w, https:\/\/agora.xtec.cat\/escolaandersen\/wp-content\/uploads\/usu2380\/2023\/11\/cap_afainforma-3-300x52.png 300w, https:\/\/agora.xtec.cat\/escolaandersen\/wp-content\/uploads\/usu2380\/2023\/11\/cap_afainforma-3-1024x178.png 1024w, https:\/\/agora.xtec.cat\/escolaandersen\/wp-content\/uploads\/usu2380\/2023\/11\/cap_afainforma-3-768x133.png 768w\" sizes=\"auto, (max-width: 1280px) 100vw, 1280px\" \/><\/a><\/p>\n<ul>\n<li dir=\"ltr\" aria-level=\"2\">\n<p dir=\"ltr\" role=\"presentation\"><a href=\"#seccio-1\"> SCRATCH DAY<\/a><\/p>\n<\/li>\n<li dir=\"ltr\" aria-level=\"2\">\n<p dir=\"ltr\" role=\"presentation\"><a href=\"#seccio-2\">DIA DEL PENCAIRE<\/a><\/p>\n<\/li>\n<\/ul>\n<ul>\n<li dir=\"ltr\" aria-level=\"2\">\n<p dir=\"ltr\" role=\"presentation\"><a href=\"#seccio-3\">AGENDA<\/a><\/p>\n<\/li>\n<\/ul>\n<h1 dir=\"ltr\"><a id=\"seccio-1\"><\/a>SCRATCH DAY 9.0<\/h1>\n<p>El dissabte 5 d\u2019abril durem a terme a l\u2019Escola una edici\u00f3 m\u00e9s de l\u2019Scratch Day. Una jornada en qu\u00e8 podrem compartir, descobrir, aprendre i passar-nos-ho b\u00e9 amb diversos materials relacionats amb la rob\u00f2tica i la programaci\u00f3.<\/p>\n<p>El taller est\u00e0 dirigit a totes les fam\u00edlies de l&#8217;Escola. Disposarem de diversos materials tecnol\u00f2gics adaptats segons la franja d&#8217;edat dels infants, des d&#8217;I3 fins a 6\u00e8:<\/p>\n<p><a href=\"https:\/\/agora.xtec.cat\/escolaandersen\/wp-content\/uploads\/usu2380\/2024\/04\/blue-bot.jpg\"><img loading=\"lazy\" decoding=\"async\" class=\"wp-image-1406 alignleft\" src=\"https:\/\/agora.xtec.cat\/escolaandersen\/wp-content\/uploads\/usu2380\/2024\/04\/blue-bot.jpg\" alt=\"\" width=\"173\" height=\"158\" \/><\/a><\/p>\n<ul>\n<li><strong>Blue bot: <\/strong>\u00c9s un robot amb un aspecte senzill i atractiu dissenyat per a nens i nenes a partir de quatre anys. Es pot programar a trav\u00e9s dels botons superiors o a trav\u00e9s de l&#8217;aplicaci\u00f3 Blue-bot mitjan\u00e7ant blocs d&#8217;icones i enviar-ho al robot via Bluetooth.<\/li>\n<\/ul>\n<p>&nbsp;<\/p>\n<p>&nbsp;<\/p>\n<p>&nbsp;<\/p>\n<p><strong>\u00b7 Tale Bot: <\/strong>\u00c9s<img loading=\"lazy\" decoding=\"async\" class=\"wp-image-1407 alignleft\" src=\"https:\/\/agora.xtec.cat\/escolaandersen\/wp-content\/uploads\/usu2380\/2024\/04\/tale-bot.jpg\" alt=\"\" width=\"169\" height=\"145\" \/> un robot creat per apropar la rob\u00f2tica educativa a edats preescolars. Utilitza botons amb s\u00edmbols direccionals per guiar el robot i \u00e9s perfecte per a infants que encara no han apr\u00e8s a llegir. Serveix per introduir als m\u00e9s petits en conceptes b\u00e0sics de la codificaci\u00f3 com ara les ordres, les seq\u00fc\u00e8ncies i els bucles.<\/p>\n<p>&nbsp;<\/p>\n<p>&nbsp;<\/p>\n<p><a href=\"https:\/\/agora.xtec.cat\/escolaandersen\/wp-content\/uploads\/usu2380\/2024\/04\/codey-rockey.jpg\"><img loading=\"lazy\" decoding=\"async\" class=\"wp-image-1408 alignleft\" src=\"https:\/\/agora.xtec.cat\/escolaandersen\/wp-content\/uploads\/usu2380\/2024\/04\/codey-rockey.jpg\" alt=\"\" width=\"175\" height=\"219\" \/><\/a><\/p>\n<ul>\n<li><strong>Codey Rocky: <\/strong>\u00c9s un robot que ofereix la possibilitat de dissenyar jocs o aplicacions de forma senzilla i variada. Disposa de sensors i actuadors integrats a trav\u00e9s dels quals podem reproduir m\u00fasica, seguir una llum, evitar obstacles, imitar expressions facials o comunicar-se amb un altre Codey Rocky.<\/li>\n<\/ul>\n<p>&nbsp;<\/p>\n<p>&nbsp;<\/p>\n<p>&nbsp;<\/p>\n<p><a href=\"https:\/\/agora.xtec.cat\/escolaandersen\/wp-content\/uploads\/usu2380\/2024\/04\/microbit.jpg\"><img loading=\"lazy\" decoding=\"async\" class=\"wp-image-1410 alignleft\" src=\"https:\/\/agora.xtec.cat\/escolaandersen\/wp-content\/uploads\/usu2380\/2024\/04\/microbit.jpg\" alt=\"\" width=\"185\" height=\"162\" \/><\/a><\/p>\n<ul>\n<li><strong>Placa microbit: <\/strong>\u00c9s una placa programable, ideal per introduir a l&#8217;alumnat de prim\u00e0ria i secund\u00e0ria en el m\u00f3n de la programaci\u00f3 i rob\u00f2tica educativa. T\u00e9 diversos sensors i actuadors integrats que permeten realitzar centenars de projectes.<\/li>\n<\/ul>\n<p>&nbsp;<\/p>\n<p>&nbsp;<\/p>\n<p><strong>L\u2019HORARI ORIENTATIU DEL TALLER \u00c9S EL SEG\u00dcENT:<\/strong><\/p>\n<p>10\u202f a 2\/4 d\u201911 &#8211; Benvinguda a la 9a. edici\u00f3 Scratch Day i presentaci\u00f3 per part d&#8217;en Felip Cede\u00f1o dels materials disponibles. Dedicarem tamb\u00e9 una estona d&#8217;aquesta primera part a veure treballs amb Scratch que fan infants de la nostra escola.<\/p>\n<p>2\/4 d\u201911 a 2\/4 de 12 &#8211; Les fam\u00edlies es podran distribuir en els 4 tallers tecn\u00f2logics per a realitzar els reptes que proposarem.<\/p>\n<p><span style=\"font-family: inherit; font-size: 1em;\">2\/4 de 12 a 12\u202f &#8211; Descans (hi haur\u00e0 begudes i esmorzar).<\/span><\/p>\n<p>12\u202f a 2\/4 d\u20191 &#8211; Continuar projectes.<\/p>\n<p>2\/4 d\u20191 a 2\/4 de 2 &#8211; Compartir i presentar projectes<\/p>\n<p>Endre\u00e7ar el material entre tots els assistents.<\/p>\n<p><strong>Important:<\/strong><\/p>\n<p><strong>\u2013 Per poder preveure la quantitat de materials que necessitarem i esmorzar que caldr\u00e0 preparar, totes aquelles fam\u00edlies que vulgueu compartir el mat\u00ed amb nosaltres, podeu inscriure-us mitjan\u00e7ant l&#8217;enlla\u00e7 al seg\u00fcent <a href=\"https:\/\/docs.google.com\/forms\/d\/13_jYnh3QNDC-c6lgxLcd72JPNsastv_Py-S62fQeSHw\/edit?usp=drivesdk\">formulari<\/a>.<\/strong><\/p>\n<p><strong>\u2013 Animem als infants que ens vinguin a presentar els treballs tecnol\u00f2gics que fan a l&#8217;escola o a casa.<\/strong><\/p>\n<p>Per a qualsevol consulta, podeu contactar amb nosaltres per correu electr\u00f2nic a l\u2019adre\u00e7a afa@andersen.cat o b\u00e9 trucant a l\u2019Escola.<\/p>\n<hr \/>\n<h1 dir=\"ltr\"><a id=\"seccio-2\"><\/a>DIA DEL PENCAIRE<\/h1>\n<p>Us recordem que el Dia del Pencaire el vam ajornar a causa del mal temps i que la nova data \u00e9s aquest diumenge 30 de Mar\u00e7. Les fam\u00edlies que havien comprat el tiquet i que la nova data no els va b\u00e9 venir, haurien de retornar el tiquet a la Dolors com a molt tard el dimecres dia 26 de Mar\u00e7 i els hi abonar\u00edem l&#8217;import. Us deixem el cartell de la festa actualitzat:<\/p>\n<p><a href=\"https:\/\/agora.xtec.cat\/escolaandersen\/wp-content\/uploads\/usu2380\/2025\/03\/a78786a8-2f43-4bb4-88bc-c9fab9ff1988.jpg\"><img loading=\"lazy\" decoding=\"async\" class=\"wp-image-2269 aligncenter\" src=\"https:\/\/agora.xtec.cat\/escolaandersen\/wp-content\/uploads\/usu2380\/2025\/03\/a78786a8-2f43-4bb4-88bc-c9fab9ff1988.jpg\" alt=\"\" width=\"618\" height=\"1004\" \/><\/a><\/p>\n<hr \/>\n<p>&nbsp;<\/p>\n<h1 dir=\"ltr\"><a id=\"seccio-3\"><\/a>AGENDA<\/h1>\n<p><a href=\"https:\/\/agora.xtec.cat\/escolaandersen\/wp-content\/uploads\/usu2380\/2025\/03\/Yellow-Post-it-Note-Class-Reminder-Classroom-Announcement-4.png\"><img loading=\"lazy\" decoding=\"async\" class=\"wp-image-2275 aligncenter\" src=\"https:\/\/agora.xtec.cat\/escolaandersen\/wp-content\/uploads\/usu2380\/2025\/03\/Yellow-Post-it-Note-Class-Reminder-Classroom-Announcement-4.png\" alt=\"\" width=\"629\" height=\"640\" \/><\/a><\/p>\n<p>&nbsp;<\/p>\n","protected":false},"excerpt":{"rendered":"<p><a href=\"https:\/\/agora.xtec.cat\/escolaandersen\/wp-content\/uploads\/usu2380\/2023\/11\/cap_afainforma-3.png\"><\/a><\/p>\n<ul>\n<li dir=\"ltr\" aria-level=\"2\">\n<a href=\"#seccio-1\"> SCRATCH DAY<\/a>\n<\/li>\n<li dir=\"ltr\" aria-level=\"2\">\n<a href=\"#seccio-2\">DIA DEL PENCAIRE<\/a>\n<\/li>\n<\/ul>\n<ul>\n<li dir=\"ltr\" aria-level=\"2\">\n<a href=\"#seccio-3\">AGENDA<\/a>\n<\/li>\n<\/ul>\n<p><a id=\"seccio-1\"><\/a>SCRATCH DAY 9.0<br \/>\nEl dissabte 5 d\u2019abril durem a terme a l\u2019Escola una edici\u00f3 m\u00e9s de l\u2019Scratch Day. Una jornada en qu\u00e8 podrem compartir, descobrir, aprendre i passar-nos-ho b\u00e9 amb diversos&hellip;  <a href=\"https:\/\/agora.xtec.cat\/escolaandersen\/afa\/afa-informa-48\/\" title=\"Read AFA informa 48\">Llegeix m\u00e9s\u00bb<\/a><\/p>\n","protected":false},"author":3,"featured_media":0,"comment_status":"open","ping_status":"closed","sticky":false,"template":"","format":"standard","meta":{"_bbp_topic_count":0,"_bbp_reply_count":0,"_bbp_total_topic_count":0,"_bbp_total_reply_count":0,"_bbp_voice_count":0,"_bbp_anonymous_reply_count":0,"_bbp_topic_count_hidden":0,"_bbp_reply_count_hidden":0,"_bbp_forum_subforum_count":0,"footnotes":""},"categories":[7],"tags":[],"class_list":["post-2260","post","type-post","status-publish","format-standard","hentry","category-afa"],"post_mailing_queue_ids":[],"_links":{"self":[{"href":"https:\/\/agora.xtec.cat\/escolaandersen\/wp-json\/wp\/v2\/posts\/2260","targetHints":{"allow":["GET"]}}],"collection":[{"href":"https:\/\/agora.xtec.cat\/escolaandersen\/wp-json\/wp\/v2\/posts"}],"about":[{"href":"https:\/\/agora.xtec.cat\/escolaandersen\/wp-json\/wp\/v2\/types\/post"}],"author":[{"embeddable":true,"href":"https:\/\/agora.xtec.cat\/escolaandersen\/wp-json\/wp\/v2\/users\/3"}],"replies":[{"embeddable":true,"href":"https:\/\/agora.xtec.cat\/escolaandersen\/wp-json\/wp\/v2\/comments?post=2260"}],"version-history":[{"count":6,"href":"https:\/\/agora.xtec.cat\/escolaandersen\/wp-json\/wp\/v2\/posts\/2260\/revisions"}],"predecessor-version":[{"id":2283,"href":"https:\/\/agora.xtec.cat\/escolaandersen\/wp-json\/wp\/v2\/posts\/2260\/revisions\/2283"}],"wp:attachment":[{"href":"https:\/\/agora.xtec.cat\/escolaandersen\/wp-json\/wp\/v2\/media?parent=2260"}],"wp:term":[{"taxonomy":"category","embeddable":true,"href":"https:\/\/agora.xtec.cat\/escolaandersen\/wp-json\/wp\/v2\/categories?post=2260"},{"taxonomy":"post_tag","embeddable":true,"href":"https:\/\/agora.xtec.cat\/escolaandersen\/wp-json\/wp\/v2\/tags?post=2260"}],"curies":[{"name":"wp","href":"https:\/\/api.w.org\/{rel}","templated":true}]}}