{"id":2245,"date":"2025-03-13T23:53:45","date_gmt":"2025-03-13T22:53:45","guid":{"rendered":"https:\/\/agora.xtec.cat\/escolaandersen\/?p=2245"},"modified":"2025-03-13T23:53:45","modified_gmt":"2025-03-13T22:53:45","slug":"segon-dia-colonies-ci","status":"publish","type":"post","link":"https:\/\/agora.xtec.cat\/escolaandersen\/portada\/segon-dia-colonies-ci\/","title":{"rendered":"Segon dia col\u00f2nies &#8211; CI"},"content":{"rendered":"<p data-start=\"76\" data-end=\"249\">Ens hem llevat amb molta energia i amb ganes de viure un nou dia ple d\u2019aventures. Per comen\u00e7ar amb for\u00e7a, hem esmorzat b\u00e9 i ens hem preparat per a les activitats del mat\u00ed.<\/p>\n<p data-start=\"251\" data-end=\"613\">Avui, la pluja ens ha donat una pausa i hem pogut gaudir d\u2019una gran activitat pel poble de Castellar de n\u2019Hug. Hem fet un joc de pistes en qu\u00e8 hav\u00edem de completar una auca amb diferents punts importants del poble. A m\u00e9s, hem visitat la casa del pastor, on ens han explicat moltes coses interessants sobre les ovelles, els gossos d\u2019atura i la vida dels pastors.<\/p>\n<p data-start=\"615\" data-end=\"859\">Despr\u00e9s de tant caminar i descobrir hist\u00f2ries, ens ha agafat molta gana, aix\u00ed que hem tornat a la casa per dinar. Avui el men\u00fa ha estat llenties estofades i pollastre amb patates al forn, un \u00e0pat delici\u00f3s que ens ha ajudat a recuperar forces.<\/p>\n<p data-start=\"861\" data-end=\"1125\">En acabar de dinar, hem tingut una estona de joc lliure. A la tarda, els nens i nenes de 1r hem fet un taller de llana i hem tingut l\u2019oportunitat de donar menjar a les ovelles, mentre que els de 2n hem participat en un joc d\u2019animals a la pista coberta del poble.<\/p>\n<p data-start=\"1127\" data-end=\"1344\">Despr\u00e9s, hem berenat i hem aprofitat per preparar les maletes per a la tornada de dem\u00e0. Amb tot enllestit, hem anat a sopar. Avui hem gaudit d\u2019una crema de pastanaga amb crostons de pa, croquetes i de postres, flam.<\/p>\n<p data-start=\"1346\" data-end=\"1594\">Per fi, despr\u00e9s de molta espera, ha arribat un dels moments m\u00e9s esperats: <strong data-start=\"1420\" data-end=\"1443\">la nit de la disco!<\/strong> Hem ballat, saltat i gaudit al m\u00e0xim fins que el cansament ens ha ven\u00e7ut. Ara ja dormim tots, contents i amb la sensaci\u00f3 d\u2019haver viscut un gran dia.<\/p>\n<p data-start=\"1596\" data-end=\"1736\">Finalment, per a les fam\u00edlies m\u00e9s patidores, podem dir que, de moment, tot segueix segons el planning inicial.<\/p>\n<p data-start=\"1596\" data-end=\"1736\">Ens veiem dem\u00e0 a l\u2019Andersen \ud83d\ude42<\/p>\n<p data-start=\"1596\" data-end=\"1736\">Si voleu veure les fotos cliqueu els enlla\u00e7os de cada curs.<\/p>\n<p data-start=\"1596\" data-end=\"1736\"><a href=\"https:\/\/drive.google.com\/drive\/folders\/1-QCM9uSEECGZOaPO9aJys97qpI5eLvjI?usp=drive_link\">FOTOS PRIMER<\/a><\/p>\n<p data-start=\"1596\" data-end=\"1736\"><a href=\"https:\/\/drive.google.com\/drive\/folders\/1-ZGekc-0FtVPs2b9Mwu5UHJrJe6o4oIE?usp=drive_link\">FOTOS SEGON<\/a><\/p>\n","protected":false},"excerpt":{"rendered":"<p>Ens hem llevat amb molta energia i amb ganes de viure un nou dia ple d\u2019aventures. Per comen\u00e7ar amb for\u00e7a, hem esmorzat b\u00e9 i ens hem preparat per a les activitats del mat\u00ed.<br \/>\nAvui, la pluja ens ha donat una pausa i hem pogut gaudir d\u2019una&hellip;  <a href=\"https:\/\/agora.xtec.cat\/escolaandersen\/portada\/segon-dia-colonies-ci\/\" title=\"Read Segon dia col\u00f2nies &#8211; CI\">Llegeix m\u00e9s\u00bb<\/a><\/p>\n","protected":false},"author":6,"featured_media":0,"comment_status":"open","ping_status":"closed","sticky":false,"template":"","format":"standard","meta":{"_bbp_topic_count":0,"_bbp_reply_count":0,"_bbp_total_topic_count":0,"_bbp_total_reply_count":0,"_bbp_voice_count":0,"_bbp_anonymous_reply_count":0,"_bbp_topic_count_hidden":0,"_bbp_reply_count_hidden":0,"_bbp_forum_subforum_count":0,"footnotes":""},"categories":[134,4],"tags":[],"class_list":["post-2245","post","type-post","status-publish","format-standard","hentry","category-cicle-inicial","category-portada"],"post_mailing_queue_ids":[],"_links":{"self":[{"href":"https:\/\/agora.xtec.cat\/escolaandersen\/wp-json\/wp\/v2\/posts\/2245","targetHints":{"allow":["GET"]}}],"collection":[{"href":"https:\/\/agora.xtec.cat\/escolaandersen\/wp-json\/wp\/v2\/posts"}],"about":[{"href":"https:\/\/agora.xtec.cat\/escolaandersen\/wp-json\/wp\/v2\/types\/post"}],"author":[{"embeddable":true,"href":"https:\/\/agora.xtec.cat\/escolaandersen\/wp-json\/wp\/v2\/users\/6"}],"replies":[{"embeddable":true,"href":"https:\/\/agora.xtec.cat\/escolaandersen\/wp-json\/wp\/v2\/comments?post=2245"}],"version-history":[{"count":2,"href":"https:\/\/agora.xtec.cat\/escolaandersen\/wp-json\/wp\/v2\/posts\/2245\/revisions"}],"predecessor-version":[{"id":2247,"href":"https:\/\/agora.xtec.cat\/escolaandersen\/wp-json\/wp\/v2\/posts\/2245\/revisions\/2247"}],"wp:attachment":[{"href":"https:\/\/agora.xtec.cat\/escolaandersen\/wp-json\/wp\/v2\/media?parent=2245"}],"wp:term":[{"taxonomy":"category","embeddable":true,"href":"https:\/\/agora.xtec.cat\/escolaandersen\/wp-json\/wp\/v2\/categories?post=2245"},{"taxonomy":"post_tag","embeddable":true,"href":"https:\/\/agora.xtec.cat\/escolaandersen\/wp-json\/wp\/v2\/tags?post=2245"}],"curies":[{"name":"wp","href":"https:\/\/api.w.org\/{rel}","templated":true}]}}