{"id":2212,"date":"2025-03-02T08:46:33","date_gmt":"2025-03-02T07:46:33","guid":{"rendered":"https:\/\/agora.xtec.cat\/escolaandersen\/?p=2212"},"modified":"2025-03-02T08:47:33","modified_gmt":"2025-03-02T07:47:33","slug":"preinscripcio-escolar-curs-2025-2026","status":"publish","type":"post","link":"https:\/\/agora.xtec.cat\/escolaandersen\/general\/preinscripcio-escolar-curs-2025-2026\/","title":{"rendered":"Preinscripci\u00f3 escolar curs 2025-2026"},"content":{"rendered":"<h3><a href=\"https:\/\/agora.xtec.cat\/escolaandersen\/wp-content\/uploads\/usu2380\/2025\/03\/Exports_V03-1536x301-2.jpg\"><img loading=\"lazy\" decoding=\"async\" class=\"alignnone size-large wp-image-2215\" src=\"https:\/\/agora.xtec.cat\/escolaandersen\/wp-content\/uploads\/usu2380\/2025\/03\/Exports_V03-1536x301-2-1024x201.jpg\" alt=\"\" width=\"1024\" height=\"201\" srcset=\"https:\/\/agora.xtec.cat\/escolaandersen\/wp-content\/uploads\/usu2380\/2025\/03\/Exports_V03-1536x301-2-1024x201.jpg 1024w, https:\/\/agora.xtec.cat\/escolaandersen\/wp-content\/uploads\/usu2380\/2025\/03\/Exports_V03-1536x301-2-300x59.jpg 300w, https:\/\/agora.xtec.cat\/escolaandersen\/wp-content\/uploads\/usu2380\/2025\/03\/Exports_V03-1536x301-2-768x151.jpg 768w, https:\/\/agora.xtec.cat\/escolaandersen\/wp-content\/uploads\/usu2380\/2025\/03\/Exports_V03-1536x301-2.jpg 1536w\" sizes=\"auto, (max-width: 1024px) 100vw, 1024px\" \/><\/a><\/h3>\n<p>Trobareu tota la informaci\u00f3 sobre preinscripci\u00f3 i matr\u00edcula a la p\u00e0gina web:<\/p>\n<p><a href=\"https:\/\/preinscripcio.gencat.cat\/ca\/inici\/index.html\" target=\"_blank\" rel=\"noopener\">Preinscripci\u00f3 curs 2025-2026<\/a>.<\/p>\n<p>El nostre codi de centre necessari per a la preinscripci\u00f3 \u00e9s el 08057102.<\/p>\n<p>Per qualsevol dubte, us podeu posar en contacte amb l&#8217;escola:<\/p>\n<p>938851795<\/p>\n<p>escolaandersen@andersen.cat<\/p>\n","protected":false},"excerpt":{"rendered":"<p><a href=\"https:\/\/agora.xtec.cat\/escolaandersen\/wp-content\/uploads\/usu2380\/2025\/03\/Exports_V03-1536x301-2.jpg\"><\/a><br \/>\nTrobareu tota la informaci\u00f3 sobre preinscripci\u00f3 i matr\u00edcula a la p\u00e0gina web:<br \/>\n<a href=\"https:\/\/preinscripcio.gencat.cat\/ca\/inici\/index.html\" target=\"_blank\" rel=\"noopener\">Preinscripci\u00f3 curs 2025-2026<\/a>.<br \/>\nEl nostre codi de centre necessari per a la preinscripci\u00f3 \u00e9s el 08057102.<br \/>\nPer qualsevol dubte, us podeu posar en contacte amb l&#8217;escola:<br \/>\n938851795<br \/>\nescolaandersen@andersen.cat<\/p>\n","protected":false},"author":4,"featured_media":2216,"comment_status":"open","ping_status":"closed","sticky":false,"template":"","format":"standard","meta":{"_bbp_topic_count":0,"_bbp_reply_count":0,"_bbp_total_topic_count":0,"_bbp_total_reply_count":0,"_bbp_voice_count":0,"_bbp_anonymous_reply_count":0,"_bbp_topic_count_hidden":0,"_bbp_reply_count_hidden":0,"_bbp_forum_subforum_count":0,"footnotes":""},"categories":[1,4],"tags":[],"class_list":["post-2212","post","type-post","status-publish","format-standard","has-post-thumbnail","hentry","category-general","category-portada"],"post_mailing_queue_ids":[],"_links":{"self":[{"href":"https:\/\/agora.xtec.cat\/escolaandersen\/wp-json\/wp\/v2\/posts\/2212","targetHints":{"allow":["GET"]}}],"collection":[{"href":"https:\/\/agora.xtec.cat\/escolaandersen\/wp-json\/wp\/v2\/posts"}],"about":[{"href":"https:\/\/agora.xtec.cat\/escolaandersen\/wp-json\/wp\/v2\/types\/post"}],"author":[{"embeddable":true,"href":"https:\/\/agora.xtec.cat\/escolaandersen\/wp-json\/wp\/v2\/users\/4"}],"replies":[{"embeddable":true,"href":"https:\/\/agora.xtec.cat\/escolaandersen\/wp-json\/wp\/v2\/comments?post=2212"}],"version-history":[{"count":2,"href":"https:\/\/agora.xtec.cat\/escolaandersen\/wp-json\/wp\/v2\/posts\/2212\/revisions"}],"predecessor-version":[{"id":2217,"href":"https:\/\/agora.xtec.cat\/escolaandersen\/wp-json\/wp\/v2\/posts\/2212\/revisions\/2217"}],"wp:featuredmedia":[{"embeddable":true,"href":"https:\/\/agora.xtec.cat\/escolaandersen\/wp-json\/wp\/v2\/media\/2216"}],"wp:attachment":[{"href":"https:\/\/agora.xtec.cat\/escolaandersen\/wp-json\/wp\/v2\/media?parent=2212"}],"wp:term":[{"taxonomy":"category","embeddable":true,"href":"https:\/\/agora.xtec.cat\/escolaandersen\/wp-json\/wp\/v2\/categories?post=2212"},{"taxonomy":"post_tag","embeddable":true,"href":"https:\/\/agora.xtec.cat\/escolaandersen\/wp-json\/wp\/v2\/tags?post=2212"}],"curies":[{"name":"wp","href":"https:\/\/api.w.org\/{rel}","templated":true}]}}