{"id":2206,"date":"2025-02-26T19:30:43","date_gmt":"2025-02-26T18:30:43","guid":{"rendered":"https:\/\/agora.xtec.cat\/escolaandersen\/?p=2206"},"modified":"2025-02-26T19:30:43","modified_gmt":"2025-02-26T18:30:43","slug":"taller-de-lectura-biblioteca-pilarin-bayes","status":"publish","type":"post","link":"https:\/\/agora.xtec.cat\/escolaandersen\/general\/taller-de-lectura-biblioteca-pilarin-bayes\/","title":{"rendered":"Taller de lectura Biblioteca Pilar\u00edn Bay\u00e9s"},"content":{"rendered":"<p>Aquest mes de febrer les nenes i nens de Cicle Mitj\u00e0 hem tingut l\u2019oportunitat de fer un taller a la biblioteca Pilar\u00edn Bay\u00e9s. Teniu les fotos de l&#8217;activitat a la carpeta del Drive. Hem gaudit i apr\u00e8s molts coses!!<\/p>\n<p><a href=\"https:\/\/agora.xtec.cat\/escolaandersen\/wp-content\/uploads\/usu2380\/2025\/02\/IMG_2007.heic\"><img decoding=\"async\" class=\"alignnone size-full wp-image-2207\" src=\"https:\/\/agora.xtec.cat\/escolaandersen\/wp-content\/uploads\/usu2380\/2025\/02\/IMG_2007.heic\" alt=\"\" \/><\/a><a href=\"https:\/\/agora.xtec.cat\/escolaandersen\/wp-content\/uploads\/usu2380\/2025\/02\/IMG_2007-1.heic\"><img decoding=\"async\" class=\"alignnone size-full wp-image-2208\" src=\"https:\/\/agora.xtec.cat\/escolaandersen\/wp-content\/uploads\/usu2380\/2025\/02\/IMG_2007-1.heic\" alt=\"\" \/><\/a> <a href=\"https:\/\/agora.xtec.cat\/escolaandersen\/wp-content\/uploads\/usu2380\/2025\/02\/IMG_2389-1-scaled.jpg\"><img loading=\"lazy\" decoding=\"async\" class=\"alignnone wp-image-2209 size-large\" src=\"https:\/\/agora.xtec.cat\/escolaandersen\/wp-content\/uploads\/usu2380\/2025\/02\/IMG_2389-1-scaled-e1740594563602-1024x873.jpg\" alt=\"\" width=\"1024\" height=\"873\" srcset=\"https:\/\/agora.xtec.cat\/escolaandersen\/wp-content\/uploads\/usu2380\/2025\/02\/IMG_2389-1-scaled-e1740594563602-1024x873.jpg 1024w, https:\/\/agora.xtec.cat\/escolaandersen\/wp-content\/uploads\/usu2380\/2025\/02\/IMG_2389-1-scaled-e1740594563602-300x256.jpg 300w, https:\/\/agora.xtec.cat\/escolaandersen\/wp-content\/uploads\/usu2380\/2025\/02\/IMG_2389-1-scaled-e1740594563602-768x655.jpg 768w, https:\/\/agora.xtec.cat\/escolaandersen\/wp-content\/uploads\/usu2380\/2025\/02\/IMG_2389-1-scaled-e1740594563602-1536x1310.jpg 1536w, https:\/\/agora.xtec.cat\/escolaandersen\/wp-content\/uploads\/usu2380\/2025\/02\/IMG_2389-1-scaled-e1740594563602-2048x1746.jpg 2048w\" sizes=\"auto, (max-width: 1024px) 100vw, 1024px\" \/><\/a><\/p>\n<p><a href=\"https:\/\/drive.google.com\/drive\/folders\/190uKs6mthXodjPBTNym-v-c4oZuBb6-Z?usp=sharing\" target=\"_blank\" rel=\"noopener\">Cliqueu aqu\u00ed per veure les fotos<\/a><\/p>\n<p>&nbsp;<\/p>\n","protected":false},"excerpt":{"rendered":"<p>Aquest mes de febrer les nenes i nens de Cicle Mitj\u00e0 hem tingut l\u2019oportunitat de fer un taller a la biblioteca Pilar\u00edn Bay\u00e9s. Teniu les fotos de l&#8217;activitat a la carpeta del Drive. Hem gaudit i apr\u00e8s molts coses!!<br \/>\n<a href=\"https:\/\/agora.xtec.cat\/escolaandersen\/wp-content\/uploads\/usu2380\/2025\/02\/IMG_2007.heic\"><\/a><a href=\"https:\/\/agora.xtec.cat\/escolaandersen\/wp-content\/uploads\/usu2380\/2025\/02\/IMG_2007-1.heic\"><\/a> <a href=\"https:\/\/agora.xtec.cat\/escolaandersen\/wp-content\/uploads\/usu2380\/2025\/02\/IMG_2389-1-scaled.jpg\"><\/a><br \/>\n<a href=\"https:\/\/drive.google.com\/drive\/folders\/190uKs6mthXodjPBTNym-v-c4oZuBb6-Z?usp=sharing\" target=\"_blank\"&hellip;  <a href=\"https:\/\/agora.xtec.cat\/escolaandersen\/general\/taller-de-lectura-biblioteca-pilarin-bayes\/\" title=\"Read Taller de lectura Biblioteca Pilar\u00edn Bay\u00e9s\">Llegeix m\u00e9s\u00bb<\/a><\/p>\n","protected":false},"author":4,"featured_media":2210,"comment_status":"open","ping_status":"closed","sticky":false,"template":"","format":"standard","meta":{"_bbp_topic_count":0,"_bbp_reply_count":0,"_bbp_total_topic_count":0,"_bbp_total_reply_count":0,"_bbp_voice_count":0,"_bbp_anonymous_reply_count":0,"_bbp_topic_count_hidden":0,"_bbp_reply_count_hidden":0,"_bbp_forum_subforum_count":0,"footnotes":""},"categories":[135,1,4],"tags":[],"class_list":["post-2206","post","type-post","status-publish","format-standard","has-post-thumbnail","hentry","category-cicle-mitja","category-general","category-portada"],"post_mailing_queue_ids":[],"_links":{"self":[{"href":"https:\/\/agora.xtec.cat\/escolaandersen\/wp-json\/wp\/v2\/posts\/2206","targetHints":{"allow":["GET"]}}],"collection":[{"href":"https:\/\/agora.xtec.cat\/escolaandersen\/wp-json\/wp\/v2\/posts"}],"about":[{"href":"https:\/\/agora.xtec.cat\/escolaandersen\/wp-json\/wp\/v2\/types\/post"}],"author":[{"embeddable":true,"href":"https:\/\/agora.xtec.cat\/escolaandersen\/wp-json\/wp\/v2\/users\/4"}],"replies":[{"embeddable":true,"href":"https:\/\/agora.xtec.cat\/escolaandersen\/wp-json\/wp\/v2\/comments?post=2206"}],"version-history":[{"count":1,"href":"https:\/\/agora.xtec.cat\/escolaandersen\/wp-json\/wp\/v2\/posts\/2206\/revisions"}],"predecessor-version":[{"id":2211,"href":"https:\/\/agora.xtec.cat\/escolaandersen\/wp-json\/wp\/v2\/posts\/2206\/revisions\/2211"}],"wp:featuredmedia":[{"embeddable":true,"href":"https:\/\/agora.xtec.cat\/escolaandersen\/wp-json\/wp\/v2\/media\/2210"}],"wp:attachment":[{"href":"https:\/\/agora.xtec.cat\/escolaandersen\/wp-json\/wp\/v2\/media?parent=2206"}],"wp:term":[{"taxonomy":"category","embeddable":true,"href":"https:\/\/agora.xtec.cat\/escolaandersen\/wp-json\/wp\/v2\/categories?post=2206"},{"taxonomy":"post_tag","embeddable":true,"href":"https:\/\/agora.xtec.cat\/escolaandersen\/wp-json\/wp\/v2\/tags?post=2206"}],"curies":[{"name":"wp","href":"https:\/\/api.w.org\/{rel}","templated":true}]}}