{"id":2196,"date":"2025-02-24T13:11:34","date_gmt":"2025-02-24T12:11:34","guid":{"rendered":"https:\/\/agora.xtec.cat\/escolaandersen\/?p=2196"},"modified":"2025-02-24T13:11:50","modified_gmt":"2025-02-24T12:11:50","slug":"arriba-el-carnestoltes","status":"publish","type":"post","link":"https:\/\/agora.xtec.cat\/escolaandersen\/general\/arriba-el-carnestoltes\/","title":{"rendered":"Arriba el Carnestoltes"},"content":{"rendered":"<p>Ens complau comunicar-vos que avui ha arribat el Rei Carnestoltes, &#8220;<u>El Tr\u00e0nsit a Vic&#8221;,<\/u> a la nostra escola! Tots\/es estem molt contents\/es de la seva arribada! Com cada any, el Rei Carnestoltes ens porta molta diversi\u00f3 per celebrar aquesta festivitat tan especial.<\/p>\n<div>\n<p>A m\u00e9s, ens ha fet arribar unes consignes ben divertides per aquesta setmana, que seran les seg\u00fcents:<\/p>\n<\/div>\n<div>\n<ol>\n<li><b>Dimarts:<\/b>\u00a0Mal combinats\/des heu d&#8217;anar, despentinats\/des i amb ulleres de son marcades!<\/li>\n<li><b>Dimecres:<\/b>\u00a0De gris heu d&#8217;anar, amb la cara com el carb\u00f3, com si f\u00f3ssim fum i contaminaci\u00f3.<\/li>\n<li><b>Dijous:<\/b>\u00a0Xiulets o &#8220;bocines&#8221; portareu i amb una matr\u00edcula penjada vindreu.<\/li>\n<li><b>Divendres:\u00a0<\/b>disfressats\/des del que vulgueu!<\/li>\n<\/ol>\n<\/div>\n<div>Trobareu l&#8217;\u00e0udio del preg\u00f3 fet per l&#8217;alumnat de 5\u00e8, al Drive de fam\u00edlies juntament amb fotografies de diferents moments d&#8217;aquesta setmana.<\/div>\n<div><\/div>\n<div><\/div>\n<div>Bona setmana a tothom!<\/div>\n<div><\/div>\n<div>\n<p><a href=\"https:\/\/agora.xtec.cat\/escolaandersen\/wp-content\/uploads\/usu2380\/2025\/02\/IMG20250224113948-1-scaled.jpg\"><img loading=\"lazy\" decoding=\"async\" class=\"alignnone size-large wp-image-2197\" src=\"https:\/\/agora.xtec.cat\/escolaandersen\/wp-content\/uploads\/usu2380\/2025\/02\/IMG20250224113948-1-771x1024.jpg\" alt=\"\" width=\"771\" height=\"1024\" srcset=\"https:\/\/agora.xtec.cat\/escolaandersen\/wp-content\/uploads\/usu2380\/2025\/02\/IMG20250224113948-1-771x1024.jpg 771w, https:\/\/agora.xtec.cat\/escolaandersen\/wp-content\/uploads\/usu2380\/2025\/02\/IMG20250224113948-1-226x300.jpg 226w, https:\/\/agora.xtec.cat\/escolaandersen\/wp-content\/uploads\/usu2380\/2025\/02\/IMG20250224113948-1-768x1020.jpg 768w, https:\/\/agora.xtec.cat\/escolaandersen\/wp-content\/uploads\/usu2380\/2025\/02\/IMG20250224113948-1-1157x1536.jpg 1157w, https:\/\/agora.xtec.cat\/escolaandersen\/wp-content\/uploads\/usu2380\/2025\/02\/IMG20250224113948-1-1542x2048.jpg 1542w, https:\/\/agora.xtec.cat\/escolaandersen\/wp-content\/uploads\/usu2380\/2025\/02\/IMG20250224113948-1-scaled.jpg 1928w\" sizes=\"auto, (max-width: 771px) 100vw, 771px\" \/><\/a><\/p>\n<!--[if lt IE 9]><script>document.createElement('audio');<\/script><![endif]-->\n<audio class=\"wp-audio-shortcode\" id=\"audio-2196-1\" preload=\"none\" style=\"width: 100%;\" controls=\"controls\"><source type=\"audio\/mpeg\" src=\"https:\/\/agora.xtec.cat\/escolaandersen\/wp-content\/uploads\/usu2380\/2025\/02\/Prego-carnaval-2025SH.mp3?_=1\" \/><a href=\"https:\/\/agora.xtec.cat\/escolaandersen\/wp-content\/uploads\/usu2380\/2025\/02\/Prego-carnaval-2025SH.mp3\">https:\/\/agora.xtec.cat\/escolaandersen\/wp-content\/uploads\/usu2380\/2025\/02\/Prego-carnaval-2025SH.mp3<\/a><\/audio>\n<\/div>\n","protected":false},"excerpt":{"rendered":"<p>Ens complau comunicar-vos que avui ha arribat el Rei Carnestoltes, &#8220;El Tr\u00e0nsit a Vic&#8221;, a la nostra escola! Tots\/es estem molt contents\/es de la seva arribada! Com cada any, el Rei Carnestoltes ens porta molta diversi\u00f3 per celebrar aquesta festivitat tan especial.<\/p>\n<p>A m\u00e9s, ens ha&hellip;  <a href=\"https:\/\/agora.xtec.cat\/escolaandersen\/general\/arriba-el-carnestoltes\/\" title=\"Read Arriba el Carnestoltes\">Llegeix m\u00e9s\u00bb<\/a><\/p>\n","protected":false},"author":4,"featured_media":2197,"comment_status":"open","ping_status":"closed","sticky":false,"template":"","format":"standard","meta":{"_bbp_topic_count":0,"_bbp_reply_count":0,"_bbp_total_topic_count":0,"_bbp_total_reply_count":0,"_bbp_voice_count":0,"_bbp_anonymous_reply_count":0,"_bbp_topic_count_hidden":0,"_bbp_reply_count_hidden":0,"_bbp_forum_subforum_count":0,"footnotes":""},"categories":[136,1,4],"tags":[],"class_list":["post-2196","post","type-post","status-publish","format-standard","has-post-thumbnail","hentry","category-cicle-superior","category-general","category-portada"],"post_mailing_queue_ids":[],"_links":{"self":[{"href":"https:\/\/agora.xtec.cat\/escolaandersen\/wp-json\/wp\/v2\/posts\/2196","targetHints":{"allow":["GET"]}}],"collection":[{"href":"https:\/\/agora.xtec.cat\/escolaandersen\/wp-json\/wp\/v2\/posts"}],"about":[{"href":"https:\/\/agora.xtec.cat\/escolaandersen\/wp-json\/wp\/v2\/types\/post"}],"author":[{"embeddable":true,"href":"https:\/\/agora.xtec.cat\/escolaandersen\/wp-json\/wp\/v2\/users\/4"}],"replies":[{"embeddable":true,"href":"https:\/\/agora.xtec.cat\/escolaandersen\/wp-json\/wp\/v2\/comments?post=2196"}],"version-history":[{"count":2,"href":"https:\/\/agora.xtec.cat\/escolaandersen\/wp-json\/wp\/v2\/posts\/2196\/revisions"}],"predecessor-version":[{"id":2200,"href":"https:\/\/agora.xtec.cat\/escolaandersen\/wp-json\/wp\/v2\/posts\/2196\/revisions\/2200"}],"wp:featuredmedia":[{"embeddable":true,"href":"https:\/\/agora.xtec.cat\/escolaandersen\/wp-json\/wp\/v2\/media\/2197"}],"wp:attachment":[{"href":"https:\/\/agora.xtec.cat\/escolaandersen\/wp-json\/wp\/v2\/media?parent=2196"}],"wp:term":[{"taxonomy":"category","embeddable":true,"href":"https:\/\/agora.xtec.cat\/escolaandersen\/wp-json\/wp\/v2\/categories?post=2196"},{"taxonomy":"post_tag","embeddable":true,"href":"https:\/\/agora.xtec.cat\/escolaandersen\/wp-json\/wp\/v2\/tags?post=2196"}],"curies":[{"name":"wp","href":"https:\/\/api.w.org\/{rel}","templated":true}]}}