{"id":2165,"date":"2025-02-17T06:12:03","date_gmt":"2025-02-17T05:12:03","guid":{"rendered":"https:\/\/agora.xtec.cat\/escolaandersen\/?p=2165"},"modified":"2025-02-17T06:12:03","modified_gmt":"2025-02-17T05:12:03","slug":"ci-projectes-intercicle","status":"publish","type":"post","link":"https:\/\/agora.xtec.cat\/escolaandersen\/portada\/ci-projectes-intercicle\/","title":{"rendered":"CI &#8211; projectes intercicle"},"content":{"rendered":"<p data-start=\"59\" data-end=\"102\"><strong data-start=\"59\" data-end=\"100\">Descobrim els projectes intercicle!<\/strong><\/p>\n<p data-start=\"104\" data-end=\"474\">Els nens i nenes de 1r i 2n estan immersos en els <strong data-start=\"149\" data-end=\"175\">projectes intercicle<\/strong>, una experi\u00e8ncia d\u2019aprenentatge que fem els dijous i divendres i que els permet treballar en diferents \u00e0mbits de manera din\u00e0mica i vivencial. Aquest curs, els infants participen en sis projectes diferents: <strong data-start=\"382\" data-end=\"472\">Art\u00edstic, Cient\u00edfic, Rob\u00f2tica, Llengua Castellana, Llengua Catalana i Llengua Anglesa.<\/strong><\/p>\n<p data-start=\"476\" data-end=\"708\">A continuaci\u00f3, us compartim un recull de fotos d\u2019alguns dels projectes en acci\u00f3! De moment, podreu veure imatges de <strong data-start=\"592\" data-end=\"619\">tres dels sis projectes<\/strong>, ja que la setmana passada vam comen\u00e7ar el quart projecte i encara l\u2019estem descobrint.<\/p>\n<p data-start=\"710\" data-end=\"807\">Estigueu atents i atentes perqu\u00e8 ben aviat compartirem m\u00e9s moments d\u2019aquests aprenentatges! \ud83d\udcf8\u2728<\/p>\n<p data-start=\"710\" data-end=\"807\">Podeu veure les fotos clicant<a href=\"https:\/\/drive.google.com\/drive\/folders\/12uqar5S8aYx0113QeScskwK4fBO977Z7?usp=sharing\"> aqu\u00ed.<\/a><\/p>\n","protected":false},"excerpt":{"rendered":"<p>Descobrim els projectes intercicle!<br \/>\nEls nens i nenes de 1r i 2n estan immersos en els projectes intercicle, una experi\u00e8ncia d\u2019aprenentatge que fem els dijous i divendres i que els permet treballar en diferents \u00e0mbits de manera din\u00e0mica i vivencial. Aquest curs, els infants participen en&hellip;  <a href=\"https:\/\/agora.xtec.cat\/escolaandersen\/portada\/ci-projectes-intercicle\/\" title=\"Read CI &#8211; projectes intercicle\">Llegeix m\u00e9s\u00bb<\/a><\/p>\n","protected":false},"author":6,"featured_media":2172,"comment_status":"open","ping_status":"closed","sticky":false,"template":"","format":"standard","meta":{"_bbp_topic_count":0,"_bbp_reply_count":0,"_bbp_total_topic_count":0,"_bbp_total_reply_count":0,"_bbp_voice_count":0,"_bbp_anonymous_reply_count":0,"_bbp_topic_count_hidden":0,"_bbp_reply_count_hidden":0,"_bbp_forum_subforum_count":0,"footnotes":""},"categories":[134,4],"tags":[],"class_list":["post-2165","post","type-post","status-publish","format-standard","has-post-thumbnail","hentry","category-cicle-inicial","category-portada"],"post_mailing_queue_ids":[],"_links":{"self":[{"href":"https:\/\/agora.xtec.cat\/escolaandersen\/wp-json\/wp\/v2\/posts\/2165","targetHints":{"allow":["GET"]}}],"collection":[{"href":"https:\/\/agora.xtec.cat\/escolaandersen\/wp-json\/wp\/v2\/posts"}],"about":[{"href":"https:\/\/agora.xtec.cat\/escolaandersen\/wp-json\/wp\/v2\/types\/post"}],"author":[{"embeddable":true,"href":"https:\/\/agora.xtec.cat\/escolaandersen\/wp-json\/wp\/v2\/users\/6"}],"replies":[{"embeddable":true,"href":"https:\/\/agora.xtec.cat\/escolaandersen\/wp-json\/wp\/v2\/comments?post=2165"}],"version-history":[{"count":1,"href":"https:\/\/agora.xtec.cat\/escolaandersen\/wp-json\/wp\/v2\/posts\/2165\/revisions"}],"predecessor-version":[{"id":2166,"href":"https:\/\/agora.xtec.cat\/escolaandersen\/wp-json\/wp\/v2\/posts\/2165\/revisions\/2166"}],"wp:featuredmedia":[{"embeddable":true,"href":"https:\/\/agora.xtec.cat\/escolaandersen\/wp-json\/wp\/v2\/media\/2172"}],"wp:attachment":[{"href":"https:\/\/agora.xtec.cat\/escolaandersen\/wp-json\/wp\/v2\/media?parent=2165"}],"wp:term":[{"taxonomy":"category","embeddable":true,"href":"https:\/\/agora.xtec.cat\/escolaandersen\/wp-json\/wp\/v2\/categories?post=2165"},{"taxonomy":"post_tag","embeddable":true,"href":"https:\/\/agora.xtec.cat\/escolaandersen\/wp-json\/wp\/v2\/tags?post=2165"}],"curies":[{"name":"wp","href":"https:\/\/api.w.org\/{rel}","templated":true}]}}