{"id":2163,"date":"2025-02-17T06:11:53","date_gmt":"2025-02-17T05:11:53","guid":{"rendered":"https:\/\/agora.xtec.cat\/escolaandersen\/?p=2163"},"modified":"2025-02-17T06:16:26","modified_gmt":"2025-02-17T05:16:26","slug":"1r-sortida-granja-natura-navas","status":"publish","type":"post","link":"https:\/\/agora.xtec.cat\/escolaandersen\/portada\/1r-sortida-granja-natura-navas\/","title":{"rendered":"1r &#8211; Sortida granja natura Nav\u00e0s"},"content":{"rendered":"<p><a href=\"https:\/\/agora.xtec.cat\/escolaandersen\/wp-content\/uploads\/usu2380\/2025\/02\/IMG_2009-1.heic\"><img decoding=\"async\" class=\"alignnone size-full wp-image-2176\" src=\"https:\/\/agora.xtec.cat\/escolaandersen\/wp-content\/uploads\/usu2380\/2025\/02\/IMG_2009-1.heic\" alt=\"\" \/><\/a> <a href=\"https:\/\/agora.xtec.cat\/escolaandersen\/wp-content\/uploads\/usu2380\/2025\/02\/IMG_1956.heic\"><img loading=\"lazy\" decoding=\"async\" class=\"alignnone size-large wp-image-2177\" src=\"https:\/\/agora.xtec.cat\/escolaandersen\/wp-content\/uploads\/usu2380\/2025\/02\/IMG_1956.heic\" alt=\"\" width=\"1\" height=\"1\" \/><\/a>El dimecres 12 de febrer, els nens i nenes de 1r van viure una experi\u00e8ncia inoblidable a la Granja Natura de Nav\u00e0s! Primer vam esmorzar a l\u2019aire lliure, mentre observ\u00e0vem els primers animals i ens prepar\u00e0vem per a la visita. Est\u00e0vem impacients per comen\u00e7ar!<\/p>\n<p>A les 11 h ens van rebre en Miquel i en Biel, els nostres guies, i ens van portar a con\u00e8ixer les aus rapinyaires. En <em>Dream<\/em>, una \u00e0guila impressionant, ens va sorprendre amb una demostraci\u00f3 de vol espectacular, passant per un cercle format amb els bra\u00e7os de dues mestres volunt\u00e0ries, la Sara i l&#8217;Anna! Tamb\u00e9 vam con\u00e8ixer l\u2019<em>Olivia<\/em>, una \u00f2liba molt bonica, per\u00f2 una mica mandrosa, no tenia gaires ganes de volar.<\/p>\n<p>Despr\u00e9s vam continuar la visita i vam veure molts altres animals: dos porcs senglars molt juganers, uns lloros amb uns colors molt vius, un porc esp\u00ed i un porc vietnamita molt tafaner. Tamb\u00e9 vam poder donar menjar a les cabres, les ovelles, les daines i fins i tot als em\u00fas! Una de les protagonistes de la jornada va ser la &#8220;Charito&#8221;, una vaca a qui vam donar pa.<\/p>\n<p data-start=\"1163\" data-end=\"1337\">La visita va acabar amb els m\u00e9s esperats: els r\u00e8ptils! Vam tenir l\u2019oportunitat de tocar un drag\u00f3 barbut, una iguana i una serp de blat de moro. Va ser tota una experi\u00e8ncia!<\/p>\n<p data-start=\"1339\" data-end=\"1645\">A m\u00e9s de gaudir d\u2019un dia envoltats d\u2019animals, hem apr\u00e8s una lli\u00e7\u00f3 molt important: molts dels animals de la granja han arribat aqu\u00ed perqu\u00e8 algunes persones no els han pogut cuidar adequadament. Aquesta reflexi\u00f3 ens ha portat a plantejar un nou projecte d\u2019aula: <strong data-start=\"1601\" data-end=\"1643\">&#8220;Tots els animals poden ser mascotes?&#8221;<\/strong><\/p>\n<p data-start=\"1647\" data-end=\"1718\">Si voleu veure les fotos de la sortida, nom\u00e9s heu de fer clic <a href=\"https:\/\/drive.google.com\/drive\/folders\/11gFlGCs0LJyvp3kKoVJce3Rg7dfoDDBS?usp=sharing\">aqu\u00ed.<\/a><\/p>\n<p data-start=\"1647\" data-end=\"1718\"><a href=\"https:\/\/agora.xtec.cat\/escolaandersen\/wp-content\/uploads\/usu2380\/2025\/02\/IMG_1956.heic\"><img decoding=\"async\" class=\"alignnone size-full wp-image-2177\" src=\"https:\/\/agora.xtec.cat\/escolaandersen\/wp-content\/uploads\/usu2380\/2025\/02\/IMG_1956.heic\" alt=\"\" \/><\/a><\/p>\n","protected":false},"excerpt":{"rendered":"<p><a href=\"https:\/\/agora.xtec.cat\/escolaandersen\/wp-content\/uploads\/usu2380\/2025\/02\/IMG_2009-1.heic\"><\/a> <a href=\"https:\/\/agora.xtec.cat\/escolaandersen\/wp-content\/uploads\/usu2380\/2025\/02\/IMG_1956.heic\"><\/a>El dimecres 12 de febrer, els nens i nenes de 1r van viure una experi\u00e8ncia inoblidable a la Granja Natura de Nav\u00e0s! Primer vam esmorzar a l\u2019aire lliure, mentre observ\u00e0vem els primers animals i ens prepar\u00e0vem per a la visita. Est\u00e0vem impacients&hellip;  <a href=\"https:\/\/agora.xtec.cat\/escolaandersen\/portada\/1r-sortida-granja-natura-navas\/\" title=\"Read 1r &#8211; Sortida granja natura Nav\u00e0s\">Llegeix m\u00e9s\u00bb<\/a><\/p>\n","protected":false},"author":6,"featured_media":2181,"comment_status":"open","ping_status":"closed","sticky":false,"template":"","format":"standard","meta":{"_bbp_topic_count":0,"_bbp_reply_count":0,"_bbp_total_topic_count":0,"_bbp_total_reply_count":0,"_bbp_voice_count":0,"_bbp_anonymous_reply_count":0,"_bbp_topic_count_hidden":0,"_bbp_reply_count_hidden":0,"_bbp_forum_subforum_count":0,"footnotes":""},"categories":[134,4],"tags":[],"class_list":["post-2163","post","type-post","status-publish","format-standard","has-post-thumbnail","hentry","category-cicle-inicial","category-portada"],"post_mailing_queue_ids":[],"_links":{"self":[{"href":"https:\/\/agora.xtec.cat\/escolaandersen\/wp-json\/wp\/v2\/posts\/2163","targetHints":{"allow":["GET"]}}],"collection":[{"href":"https:\/\/agora.xtec.cat\/escolaandersen\/wp-json\/wp\/v2\/posts"}],"about":[{"href":"https:\/\/agora.xtec.cat\/escolaandersen\/wp-json\/wp\/v2\/types\/post"}],"author":[{"embeddable":true,"href":"https:\/\/agora.xtec.cat\/escolaandersen\/wp-json\/wp\/v2\/users\/6"}],"replies":[{"embeddable":true,"href":"https:\/\/agora.xtec.cat\/escolaandersen\/wp-json\/wp\/v2\/comments?post=2163"}],"version-history":[{"count":3,"href":"https:\/\/agora.xtec.cat\/escolaandersen\/wp-json\/wp\/v2\/posts\/2163\/revisions"}],"predecessor-version":[{"id":2180,"href":"https:\/\/agora.xtec.cat\/escolaandersen\/wp-json\/wp\/v2\/posts\/2163\/revisions\/2180"}],"wp:featuredmedia":[{"embeddable":true,"href":"https:\/\/agora.xtec.cat\/escolaandersen\/wp-json\/wp\/v2\/media\/2181"}],"wp:attachment":[{"href":"https:\/\/agora.xtec.cat\/escolaandersen\/wp-json\/wp\/v2\/media?parent=2163"}],"wp:term":[{"taxonomy":"category","embeddable":true,"href":"https:\/\/agora.xtec.cat\/escolaandersen\/wp-json\/wp\/v2\/categories?post=2163"},{"taxonomy":"post_tag","embeddable":true,"href":"https:\/\/agora.xtec.cat\/escolaandersen\/wp-json\/wp\/v2\/tags?post=2163"}],"curies":[{"name":"wp","href":"https:\/\/api.w.org\/{rel}","templated":true}]}}