{"id":2147,"date":"2025-02-24T13:41:54","date_gmt":"2025-02-24T12:41:54","guid":{"rendered":"https:\/\/agora.xtec.cat\/escolaandersen\/?p=2147"},"modified":"2025-02-24T13:41:54","modified_gmt":"2025-02-24T12:41:54","slug":"afa-informa-47","status":"publish","type":"post","link":"https:\/\/agora.xtec.cat\/escolaandersen\/afa\/afa-informa-47\/","title":{"rendered":"AFA informa 47"},"content":{"rendered":"<p><a href=\"https:\/\/agora.xtec.cat\/escolaandersen\/wp-content\/uploads\/usu2380\/2023\/11\/cap_afainforma.png\"><img loading=\"lazy\" decoding=\"async\" class=\"alignnone size-full wp-image-904\" src=\"https:\/\/agora.xtec.cat\/escolaandersen\/wp-content\/uploads\/usu2380\/2023\/11\/cap_afainforma.png\" alt=\"\" width=\"1280\" height=\"222\" srcset=\"https:\/\/agora.xtec.cat\/escolaandersen\/wp-content\/uploads\/usu2380\/2023\/11\/cap_afainforma.png 1280w, https:\/\/agora.xtec.cat\/escolaandersen\/wp-content\/uploads\/usu2380\/2023\/11\/cap_afainforma-300x52.png 300w, https:\/\/agora.xtec.cat\/escolaandersen\/wp-content\/uploads\/usu2380\/2023\/11\/cap_afainforma-1024x178.png 1024w, https:\/\/agora.xtec.cat\/escolaandersen\/wp-content\/uploads\/usu2380\/2023\/11\/cap_afainforma-768x133.png 768w\" sizes=\"auto, (max-width: 1280px) 100vw, 1280px\" \/><\/a><\/p>\n<ul>\n<li dir=\"ltr\" aria-level=\"2\">\n<p dir=\"ltr\" role=\"presentation\"><a href=\"#seccio-1\"> VALORACI\u00d3 NIT ASTRON\u00d2MICA<\/a><\/p>\n<\/li>\n<li dir=\"ltr\" aria-level=\"2\">\n<p dir=\"ltr\" role=\"presentation\"><a href=\"#seccio-2\">CARNESTOLTES DE LA CIUTAT<\/a><\/p>\n<\/li>\n<li dir=\"ltr\" aria-level=\"2\">\n<p dir=\"ltr\" role=\"presentation\"><a href=\"#seccio-3\"> DIA DEL PENCAIRE<\/a><\/p>\n<\/li>\n<li dir=\"ltr\" aria-level=\"2\">\n<p dir=\"ltr\" role=\"presentation\"><a href=\"#seccio-4\">AGENDA<\/a><\/p>\n<\/li>\n<\/ul>\n<h1 dir=\"ltr\"><a id=\"seccio-1\"><\/a>VALORACI\u00d3 NIT ASTRON\u00d2MICA<\/h1>\n<p>El passat 10 de gener vam celebrar la <strong>Nit Astron\u00f2mica<\/strong>. Va ser una nit rodona. Es va fer la ja tradicional <strong>butifarrada<\/strong>, es va explicar <strong>un conte per als m\u00e9s petits<\/strong>, vam poder observar amb els <strong>telescopis<\/strong> la lluna, els planetes, etc. I els membres que ens van acompanyar de<strong> l&#8217;Agrupaci\u00f3 Astron\u00f2mica d&#8217;Osona<\/strong> ens fan fer una <strong>xerrada molt interessant sobre les aurores boreals.<\/strong>\u00a0 Tot va acabar amb el colof\u00f3 de la presentaci\u00f3 dels <strong>treballs dels alumnes de 6\u00e8<\/strong>, que van realitzar una magn\u00edfica exposici\u00f3 sobre la lluna, el sol, els eclipsis, els planetes, etc. Un any m\u00e9s, vam gaudir tots plegats d\u2019una vetllada molt enriquidora i agradable. Agrair a l\u2019Agrupaci\u00f3 Astron\u00f2mica d\u2019Osona que un any m\u00e9s hagin pogut compartir amb nosaltres la seva passi\u00f3 per l\u2019astronomia.<br \/>\nPer \u00faltim, fer saber que amb aquesta festa <strong>l\u2019AFA no va generar cap despesa.<\/strong><\/p>\n<hr \/>\n<h1 dir=\"ltr\"><a id=\"seccio-2\"><\/a>CARNESTOLTES DE LA CIUTAT<\/h1>\n<p>Aquest any <strong>ens sumem al carnestoltes que organitza l\u2019Associaci\u00f3 de ve\u00efn@s del barri del Remei<\/strong>. Serem una de les comparses que formar\u00e0 part de la rua de carnaval del dia <strong>1 de mar\u00e7 a les 10:30h<\/strong> del mat\u00ed a la ciutat de Vic, juntament amb altres escoles i entitats de la ciutat.<br \/>\nPer anar-hi ben guarnits i fer una bona patxoca, <strong>l\u2019Ona ens ajudar\u00e0 a fer la disfressa el dia 24 de febrer a les 17h<\/strong> de la tarda a l\u2019Escola. Per aix\u00f2, <strong>ens portar\u00e0 tot el material<\/strong> i ens anir\u00e0 indicant a petits i grans com fer el colom de la pau de colors.<br \/>\nAgrair molt al barri del Remei i a l\u2019Ajuntament per convidar-nos i posar els mitjans t\u00e8cnics i humans per fer-ho.<br \/>\nA totes les fam\u00edlies que us heu inscrit ens trobem el 24 per fer la disfressa. I a tothom qui vulgui veure la comparsa de l\u2019Andersen ens veiem el dia 1 de mar\u00e7 <strong>al Carnestoltes de Vic al barri del Remei!<\/strong><\/p>\n<p><a href=\"https:\/\/agora.xtec.cat\/escolaandersen\/wp-content\/uploads\/usu2380\/2025\/02\/unnamed-e1739893418530.jpg\"><img loading=\"lazy\" decoding=\"async\" class=\"wp-image-2185 aligncenter\" src=\"https:\/\/agora.xtec.cat\/escolaandersen\/wp-content\/uploads\/usu2380\/2025\/02\/unnamed-e1739893418530.jpg\" alt=\"\" width=\"391\" height=\"692\" \/><\/a><\/p>\n<p>&nbsp;<\/p>\n<p><a href=\"https:\/\/avvremeivic.org\/\">https:\/\/www.avvremeivic.org\/<\/a><\/p>\n<hr \/>\n<h1 dir=\"ltr\"><a id=\"seccio-3\"><\/a>DIA DEL PENCAIRE<\/h1>\n<p>Us convidem a participar al\u00a0<b>Dia del Pencaire el proper diumenge 16 de mar\u00e7\u00a0<\/b>a partir de les 9.30h. Es tracta d\u2019un dia per compartir tots plegats <b>col\u00b7laborant en el manteniment i millora de l\u2019Escola<\/b>. \u00c9s una trobada pensada per promoure la\u00a0<b>participaci\u00f3 de totes les fam\u00edlies<\/b>\u00a0que formem part de l\u2019Escola (petits i grans)\u00a0<b>en la millora i manteniment dels espais<\/b>. Aquest any tenim una llarga llista de tasques a realitzar: envernissar tobogans i bancs, muntar un slacklining, posar un nou cobert a l&#8217;hivernacle&#8230; entre moltes d&#8217;altres!<br \/>\nDes de l\u2019AFA, fem un gran esfor\u00e7 per organitzar <b>esdeveniments que fomentin la conviv\u00e8ncia i la col\u00b7laboraci\u00f3 entre les fam\u00edlies\u00a0<\/b>i creiem que la<b>\u00a0participaci\u00f3 de tothom \u00e9s molt important<\/b>\u00a0i alhora un eix vertebrador del nostre model d\u2019escola.<\/p>\n<p>Es per tot aix\u00f2 que us convidem a participar en el Dia del Pencaire i a compartir aquesta experi\u00e8ncia amb la fam\u00edlia i amics. Tothom hi \u00e9s benvingut!<\/p>\n<p>Aprofitem per agrair-vos la vostra col\u00b7laboraci\u00f3 i suport.\u00a0<b>Entre tots millorem els espais de joc de la nostra mainada.<\/b><\/p>\n<div dir=\"auto\"><a href=\"https:\/\/agora.xtec.cat\/escolaandersen\/wp-content\/uploads\/usu2380\/2025\/02\/cb9289ed-aa8d-4604-bebe-98a51295243f-1.jpg\"><img loading=\"lazy\" decoding=\"async\" class=\"alignnone size-full wp-image-2191\" src=\"https:\/\/agora.xtec.cat\/escolaandersen\/wp-content\/uploads\/usu2380\/2025\/02\/cb9289ed-aa8d-4604-bebe-98a51295243f-1.jpg\" alt=\"\" width=\"1448\" height=\"2048\" srcset=\"https:\/\/agora.xtec.cat\/escolaandersen\/wp-content\/uploads\/usu2380\/2025\/02\/cb9289ed-aa8d-4604-bebe-98a51295243f-1.jpg 1448w, https:\/\/agora.xtec.cat\/escolaandersen\/wp-content\/uploads\/usu2380\/2025\/02\/cb9289ed-aa8d-4604-bebe-98a51295243f-1-212x300.jpg 212w, https:\/\/agora.xtec.cat\/escolaandersen\/wp-content\/uploads\/usu2380\/2025\/02\/cb9289ed-aa8d-4604-bebe-98a51295243f-1-724x1024.jpg 724w, https:\/\/agora.xtec.cat\/escolaandersen\/wp-content\/uploads\/usu2380\/2025\/02\/cb9289ed-aa8d-4604-bebe-98a51295243f-1-768x1086.jpg 768w, https:\/\/agora.xtec.cat\/escolaandersen\/wp-content\/uploads\/usu2380\/2025\/02\/cb9289ed-aa8d-4604-bebe-98a51295243f-1-1086x1536.jpg 1086w\" sizes=\"auto, (max-width: 1448px) 100vw, 1448px\" \/><\/a><\/div>\n<p>&nbsp;<\/p>\n<hr \/>\n<h1 dir=\"ltr\"><a id=\"seccio-4\"><\/a>AGENDA<\/h1>\n<p><a href=\"https:\/\/agora.xtec.cat\/escolaandersen\/wp-content\/uploads\/usu2380\/2025\/02\/Yellow-Post-it-Note-Class-Reminder-Classroom-Announcement-2.png\"><img loading=\"lazy\" decoding=\"async\" class=\"wp-image-2153 aligncenter\" src=\"https:\/\/agora.xtec.cat\/escolaandersen\/wp-content\/uploads\/usu2380\/2025\/02\/Yellow-Post-it-Note-Class-Reminder-Classroom-Announcement-2.png\" alt=\"\" width=\"571\" height=\"607\" \/><\/a><\/p>\n","protected":false},"excerpt":{"rendered":"<p><a href=\"https:\/\/agora.xtec.cat\/escolaandersen\/wp-content\/uploads\/usu2380\/2023\/11\/cap_afainforma.png\"><\/a><\/p>\n<ul>\n<li dir=\"ltr\" aria-level=\"2\">\n<a href=\"#seccio-1\"> VALORACI\u00d3 NIT ASTRON\u00d2MICA<\/a>\n<\/li>\n<li dir=\"ltr\" aria-level=\"2\">\n<a href=\"#seccio-2\">CARNESTOLTES DE LA CIUTAT<\/a>\n<\/li>\n<li dir=\"ltr\" aria-level=\"2\">\n<a href=\"#seccio-3\"> DIA DEL PENCAIRE<\/a>\n<\/li>\n<li dir=\"ltr\" aria-level=\"2\">\n<a href=\"#seccio-4\">AGENDA<\/a>\n<\/li>\n<\/ul>\n<p><a id=\"seccio-1\"><\/a>VALORACI\u00d3 NIT ASTRON\u00d2MICA<br \/>\nEl passat 10 de gener vam celebrar la Nit Astron\u00f2mica. Va ser una nit rodona. Es va fer la ja&hellip;  <a href=\"https:\/\/agora.xtec.cat\/escolaandersen\/afa\/afa-informa-47\/\" title=\"Read AFA informa 47\">Llegeix m\u00e9s\u00bb<\/a><\/p>\n","protected":false},"author":3,"featured_media":0,"comment_status":"open","ping_status":"closed","sticky":false,"template":"","format":"standard","meta":{"_bbp_topic_count":0,"_bbp_reply_count":0,"_bbp_total_topic_count":0,"_bbp_total_reply_count":0,"_bbp_voice_count":0,"_bbp_anonymous_reply_count":0,"_bbp_topic_count_hidden":0,"_bbp_reply_count_hidden":0,"_bbp_forum_subforum_count":0,"footnotes":""},"categories":[7],"tags":[],"class_list":["post-2147","post","type-post","status-publish","format-standard","hentry","category-afa"],"post_mailing_queue_ids":[],"_links":{"self":[{"href":"https:\/\/agora.xtec.cat\/escolaandersen\/wp-json\/wp\/v2\/posts\/2147","targetHints":{"allow":["GET"]}}],"collection":[{"href":"https:\/\/agora.xtec.cat\/escolaandersen\/wp-json\/wp\/v2\/posts"}],"about":[{"href":"https:\/\/agora.xtec.cat\/escolaandersen\/wp-json\/wp\/v2\/types\/post"}],"author":[{"embeddable":true,"href":"https:\/\/agora.xtec.cat\/escolaandersen\/wp-json\/wp\/v2\/users\/3"}],"replies":[{"embeddable":true,"href":"https:\/\/agora.xtec.cat\/escolaandersen\/wp-json\/wp\/v2\/comments?post=2147"}],"version-history":[{"count":6,"href":"https:\/\/agora.xtec.cat\/escolaandersen\/wp-json\/wp\/v2\/posts\/2147\/revisions"}],"predecessor-version":[{"id":2195,"href":"https:\/\/agora.xtec.cat\/escolaandersen\/wp-json\/wp\/v2\/posts\/2147\/revisions\/2195"}],"wp:attachment":[{"href":"https:\/\/agora.xtec.cat\/escolaandersen\/wp-json\/wp\/v2\/media?parent=2147"}],"wp:term":[{"taxonomy":"category","embeddable":true,"href":"https:\/\/agora.xtec.cat\/escolaandersen\/wp-json\/wp\/v2\/categories?post=2147"},{"taxonomy":"post_tag","embeddable":true,"href":"https:\/\/agora.xtec.cat\/escolaandersen\/wp-json\/wp\/v2\/tags?post=2147"}],"curies":[{"name":"wp","href":"https:\/\/api.w.org\/{rel}","templated":true}]}}