{"id":2050,"date":"2024-12-11T14:51:26","date_gmt":"2024-12-11T13:51:26","guid":{"rendered":"https:\/\/agora.xtec.cat\/escolaandersen\/?p=2050"},"modified":"2024-12-11T15:01:09","modified_gmt":"2024-12-11T14:01:09","slug":"biblioteca-escolar","status":"publish","type":"post","link":"https:\/\/agora.xtec.cat\/escolaandersen\/general\/biblioteca-escolar\/","title":{"rendered":"Biblioteca escolar"},"content":{"rendered":"<p>Estimades fam\u00edlies i alumnes,<\/p>\n<p>Estem encantats d&#8217;anunciar que la nostra biblioteca escolar est\u00e0 en proc\u00e9s de renovaci\u00f3! Aquest projecte t\u00e9 com a objectiu crear un espai m\u00e9s acollidor i inspirador, on tots els nostres estudiants puguin gaudir de la lectura i l&#8217;aprenentatge.<\/p>\n<p>Estem treballant per incorporar nous llibres i recursos que fomentin la curiositat i la imaginaci\u00f3. La nostra meta \u00e9s convertir la biblioteca en un lloc m\u00e0gic on cada nen i nena pugui descobrir noves hist\u00f2ries i coneixements.<\/p>\n<p>A mesura que avancem en aquesta renovaci\u00f3, us mantindrem informats sobre les novetats i les activitats que estem planificant. Estem segurs que, amb el vostre suport, podrem fer d&#8217;aquest espai un veritable refugi per a la lectura.<\/p>\n<p>Gr\u00e0cies per la vostra col\u00b7laboraci\u00f3 i entusiasme!<\/p>\n<p><a href=\"https:\/\/agora.xtec.cat\/escolaandersen\/wp-content\/uploads\/usu2380\/2024\/12\/WhatsApp-Image-2024-12-10-at-6.18.31-PM.jpeg\"><img loading=\"lazy\" decoding=\"async\" class=\"alignnone size-large wp-image-2042\" src=\"https:\/\/agora.xtec.cat\/escolaandersen\/wp-content\/uploads\/usu2380\/2024\/12\/WhatsApp-Image-2024-12-10-at-6.18.31-PM-768x1024.jpeg\" alt=\"\" width=\"768\" height=\"1024\" srcset=\"https:\/\/agora.xtec.cat\/escolaandersen\/wp-content\/uploads\/usu2380\/2024\/12\/WhatsApp-Image-2024-12-10-at-6.18.31-PM-768x1024.jpeg 768w, https:\/\/agora.xtec.cat\/escolaandersen\/wp-content\/uploads\/usu2380\/2024\/12\/WhatsApp-Image-2024-12-10-at-6.18.31-PM-225x300.jpeg 225w, https:\/\/agora.xtec.cat\/escolaandersen\/wp-content\/uploads\/usu2380\/2024\/12\/WhatsApp-Image-2024-12-10-at-6.18.31-PM-1152x1536.jpeg 1152w, https:\/\/agora.xtec.cat\/escolaandersen\/wp-content\/uploads\/usu2380\/2024\/12\/WhatsApp-Image-2024-12-10-at-6.18.31-PM.jpeg 1200w\" sizes=\"auto, (max-width: 768px) 100vw, 768px\" \/><\/a><\/p>\n","protected":false},"excerpt":{"rendered":"<p>Estimades fam\u00edlies i alumnes,<br \/>\nEstem encantats d&#8217;anunciar que la nostra biblioteca escolar est\u00e0 en proc\u00e9s de renovaci\u00f3! Aquest projecte t\u00e9 com a objectiu crear un espai m\u00e9s acollidor i inspirador, on tots els nostres estudiants puguin gaudir de la lectura i l&#8217;aprenentatge.<br \/>\nEstem treballant per incorporar nous&hellip;  <a href=\"https:\/\/agora.xtec.cat\/escolaandersen\/general\/biblioteca-escolar\/\" title=\"Read Biblioteca escolar\">Llegeix m\u00e9s\u00bb<\/a><\/p>\n","protected":false},"author":6,"featured_media":0,"comment_status":"open","ping_status":"closed","sticky":false,"template":"","format":"standard","meta":{"_bbp_topic_count":0,"_bbp_reply_count":0,"_bbp_total_topic_count":0,"_bbp_total_reply_count":0,"_bbp_voice_count":0,"_bbp_anonymous_reply_count":0,"_bbp_topic_count_hidden":0,"_bbp_reply_count_hidden":0,"_bbp_forum_subforum_count":0,"footnotes":""},"categories":[1],"tags":[],"class_list":["post-2050","post","type-post","status-publish","format-standard","hentry","category-general"],"post_mailing_queue_ids":[],"_links":{"self":[{"href":"https:\/\/agora.xtec.cat\/escolaandersen\/wp-json\/wp\/v2\/posts\/2050","targetHints":{"allow":["GET"]}}],"collection":[{"href":"https:\/\/agora.xtec.cat\/escolaandersen\/wp-json\/wp\/v2\/posts"}],"about":[{"href":"https:\/\/agora.xtec.cat\/escolaandersen\/wp-json\/wp\/v2\/types\/post"}],"author":[{"embeddable":true,"href":"https:\/\/agora.xtec.cat\/escolaandersen\/wp-json\/wp\/v2\/users\/6"}],"replies":[{"embeddable":true,"href":"https:\/\/agora.xtec.cat\/escolaandersen\/wp-json\/wp\/v2\/comments?post=2050"}],"version-history":[{"count":4,"href":"https:\/\/agora.xtec.cat\/escolaandersen\/wp-json\/wp\/v2\/posts\/2050\/revisions"}],"predecessor-version":[{"id":2086,"href":"https:\/\/agora.xtec.cat\/escolaandersen\/wp-json\/wp\/v2\/posts\/2050\/revisions\/2086"}],"wp:attachment":[{"href":"https:\/\/agora.xtec.cat\/escolaandersen\/wp-json\/wp\/v2\/media?parent=2050"}],"wp:term":[{"taxonomy":"category","embeddable":true,"href":"https:\/\/agora.xtec.cat\/escolaandersen\/wp-json\/wp\/v2\/categories?post=2050"},{"taxonomy":"post_tag","embeddable":true,"href":"https:\/\/agora.xtec.cat\/escolaandersen\/wp-json\/wp\/v2\/tags?post=2050"}],"curies":[{"name":"wp","href":"https:\/\/api.w.org\/{rel}","templated":true}]}}