{"id":2037,"date":"2024-12-10T19:53:43","date_gmt":"2024-12-10T18:53:43","guid":{"rendered":"https:\/\/agora.xtec.cat\/escolaandersen\/?p=2037"},"modified":"2024-12-10T19:53:43","modified_gmt":"2024-12-10T18:53:43","slug":"si-toquem-junts-sona-millor","status":"publish","type":"post","link":"https:\/\/agora.xtec.cat\/escolaandersen\/general\/si-toquem-junts-sona-millor\/","title":{"rendered":"Si toquem junts&#8230;sona millor"},"content":{"rendered":"<div class=\"row\">\n<div class=\"col-xs-12 col-md-8 col-lg-5\">\n<p class=\"documentDescription description\">Si toquem junts&#8230;sona millor, \u00e9s un programa on l\u2019alumnat de 3r de l&#8217;escola assisteix durant un trimestre amb els seus mestres de m\u00fasica i en horari lectiu, a tallers setmanals a l\u2019Escola de M\u00fasica de Vic per treballar diferents disciplines musicals. Enguany hem compartit l&#8217;experi\u00e8ncia amb l&#8217;alumnat de 3r de l&#8217;escola Salarich.<\/p>\n<p class=\"documentDescription description\"><span style=\"font-family: inherit; font-size: 1em;\">Aquest programa, impulsat per l\u2019Escola de M\u00fasica de Vic i amb la col\u00b7laboraci\u00f3 de l\u2019Ajuntament de Vic, utilitza la m\u00fasica com a eina i com a vehicle per treballar objectius ben diversos, incloent-n\u2019hi d\u2019educatius, de pr\u00f2piament musicals i de socials.<\/span><\/p>\n<p class=\"documentDescription description\"><span style=\"font-family: inherit; font-size: 1em;\">El programa t\u00e9 com a objectius apropar l\u2019Escola de M\u00fasica de Vic a l\u2019alumnat i incidir en l\u2019educaci\u00f3 emocional mitjan\u00e7ant la m\u00fasica, com a eina principal per treballar valors com el respecte, la toler\u00e0ncia i l\u2019autoestima.\u00a0<\/span><\/p>\n<p><a href=\"https:\/\/agora.xtec.cat\/escolaandersen\/wp-content\/uploads\/usu2380\/2024\/12\/WhatsApp-Image-2024-12-10-at-19.15.52.jpeg\"><img loading=\"lazy\" decoding=\"async\" class=\"alignnone size-large wp-image-2038\" src=\"https:\/\/agora.xtec.cat\/escolaandersen\/wp-content\/uploads\/usu2380\/2024\/12\/WhatsApp-Image-2024-12-10-at-19.15.52-1024x768.jpeg\" alt=\"\" width=\"1024\" height=\"768\" srcset=\"https:\/\/agora.xtec.cat\/escolaandersen\/wp-content\/uploads\/usu2380\/2024\/12\/WhatsApp-Image-2024-12-10-at-19.15.52-1024x768.jpeg 1024w, https:\/\/agora.xtec.cat\/escolaandersen\/wp-content\/uploads\/usu2380\/2024\/12\/WhatsApp-Image-2024-12-10-at-19.15.52-300x225.jpeg 300w, https:\/\/agora.xtec.cat\/escolaandersen\/wp-content\/uploads\/usu2380\/2024\/12\/WhatsApp-Image-2024-12-10-at-19.15.52-768x576.jpeg 768w, https:\/\/agora.xtec.cat\/escolaandersen\/wp-content\/uploads\/usu2380\/2024\/12\/WhatsApp-Image-2024-12-10-at-19.15.52-1536x1152.jpeg 1536w, https:\/\/agora.xtec.cat\/escolaandersen\/wp-content\/uploads\/usu2380\/2024\/12\/WhatsApp-Image-2024-12-10-at-19.15.52-200x150.jpeg 200w, https:\/\/agora.xtec.cat\/escolaandersen\/wp-content\/uploads\/usu2380\/2024\/12\/WhatsApp-Image-2024-12-10-at-19.15.52.jpeg 1600w\" sizes=\"auto, (max-width: 1024px) 100vw, 1024px\" \/><\/a><\/p>\n<p>Les fam\u00edlies de 3r podeu veure algunes fotos i v\u00eddeos de la sessi\u00f3 a la carpeta compartida de fotos al Drive amb el nom: <a href=\"https:\/\/drive.google.com\/drive\/folders\/1FAyeUJFQtpuA2U9hVTjl6tpAQ2Lsnmx8?usp=drive_link\" target=\"_blank\" rel=\"noopener\">Si toquem junts&#8230;sona millor<\/a><\/p>\n<\/div>\n<\/div>\n","protected":false},"excerpt":{"rendered":"<p>Si toquem junts&#8230;sona millor, \u00e9s un programa on l\u2019alumnat de 3r de l&#8217;escola assisteix durant un trimestre amb els seus mestres de m\u00fasica i en horari lectiu, a tallers setmanals a l\u2019Escola de M\u00fasica de Vic per treballar diferents disciplines musicals. Enguany hem compartit l&#8217;experi\u00e8ncia&hellip;  <a href=\"https:\/\/agora.xtec.cat\/escolaandersen\/general\/si-toquem-junts-sona-millor\/\" title=\"Read Si toquem junts&#8230;sona millor\">Llegeix m\u00e9s\u00bb<\/a><\/p>\n","protected":false},"author":4,"featured_media":0,"comment_status":"open","ping_status":"closed","sticky":false,"template":"","format":"standard","meta":{"_bbp_topic_count":0,"_bbp_reply_count":0,"_bbp_total_topic_count":0,"_bbp_total_reply_count":0,"_bbp_voice_count":0,"_bbp_anonymous_reply_count":0,"_bbp_topic_count_hidden":0,"_bbp_reply_count_hidden":0,"_bbp_forum_subforum_count":0,"footnotes":""},"categories":[122,135,1,4],"tags":[],"class_list":["post-2037","post","type-post","status-publish","format-standard","hentry","category-araart","category-cicle-mitja","category-general","category-portada"],"post_mailing_queue_ids":[],"_links":{"self":[{"href":"https:\/\/agora.xtec.cat\/escolaandersen\/wp-json\/wp\/v2\/posts\/2037","targetHints":{"allow":["GET"]}}],"collection":[{"href":"https:\/\/agora.xtec.cat\/escolaandersen\/wp-json\/wp\/v2\/posts"}],"about":[{"href":"https:\/\/agora.xtec.cat\/escolaandersen\/wp-json\/wp\/v2\/types\/post"}],"author":[{"embeddable":true,"href":"https:\/\/agora.xtec.cat\/escolaandersen\/wp-json\/wp\/v2\/users\/4"}],"replies":[{"embeddable":true,"href":"https:\/\/agora.xtec.cat\/escolaandersen\/wp-json\/wp\/v2\/comments?post=2037"}],"version-history":[{"count":2,"href":"https:\/\/agora.xtec.cat\/escolaandersen\/wp-json\/wp\/v2\/posts\/2037\/revisions"}],"predecessor-version":[{"id":2040,"href":"https:\/\/agora.xtec.cat\/escolaandersen\/wp-json\/wp\/v2\/posts\/2037\/revisions\/2040"}],"wp:attachment":[{"href":"https:\/\/agora.xtec.cat\/escolaandersen\/wp-json\/wp\/v2\/media?parent=2037"}],"wp:term":[{"taxonomy":"category","embeddable":true,"href":"https:\/\/agora.xtec.cat\/escolaandersen\/wp-json\/wp\/v2\/categories?post=2037"},{"taxonomy":"post_tag","embeddable":true,"href":"https:\/\/agora.xtec.cat\/escolaandersen\/wp-json\/wp\/v2\/tags?post=2037"}],"curies":[{"name":"wp","href":"https:\/\/api.w.org\/{rel}","templated":true}]}}