{"id":2031,"date":"2024-12-17T17:37:41","date_gmt":"2024-12-17T16:37:41","guid":{"rendered":"https:\/\/agora.xtec.cat\/escolaandersen\/?p=2031"},"modified":"2024-12-17T17:37:41","modified_gmt":"2024-12-17T16:37:41","slug":"afa-informa-46","status":"publish","type":"post","link":"https:\/\/agora.xtec.cat\/escolaandersen\/afa\/afa-informa-46\/","title":{"rendered":"AFA informa 46"},"content":{"rendered":"<p><a href=\"https:\/\/agora.xtec.cat\/escolaandersen\/wp-content\/uploads\/usu2380\/2023\/11\/cap_afainforma-3.png\"><img loading=\"lazy\" decoding=\"async\" class=\"alignnone size-full wp-image-907\" src=\"https:\/\/agora.xtec.cat\/escolaandersen\/wp-content\/uploads\/usu2380\/2023\/11\/cap_afainforma-3.png\" alt=\"\" width=\"1280\" height=\"222\" srcset=\"https:\/\/agora.xtec.cat\/escolaandersen\/wp-content\/uploads\/usu2380\/2023\/11\/cap_afainforma-3.png 1280w, https:\/\/agora.xtec.cat\/escolaandersen\/wp-content\/uploads\/usu2380\/2023\/11\/cap_afainforma-3-300x52.png 300w, https:\/\/agora.xtec.cat\/escolaandersen\/wp-content\/uploads\/usu2380\/2023\/11\/cap_afainforma-3-1024x178.png 1024w, https:\/\/agora.xtec.cat\/escolaandersen\/wp-content\/uploads\/usu2380\/2023\/11\/cap_afainforma-3-768x133.png 768w\" sizes=\"auto, (max-width: 1280px) 100vw, 1280px\" \/><\/a><\/p>\n<ul>\n<li style=\"list-style-type: none;\">\n<ul>\n<li style=\"list-style-type: none;\">\n<ul>\n<li style=\"list-style-type: none;\">\n<ul>\n<li dir=\"ltr\" aria-level=\"2\">\n<p dir=\"ltr\" role=\"presentation\"><a href=\"#seccio-1\">NIT ASTRON\u00d2MICA<\/a><\/p>\n<\/li>\n<li dir=\"ltr\" aria-level=\"2\">\n<p dir=\"ltr\" role=\"presentation\"><a href=\"#seccio-2\">VALORACI\u00d3 MERCAT DE LES 5R<\/a><\/p>\n<\/li>\n<li dir=\"ltr\" aria-level=\"2\">\n<p dir=\"ltr\" role=\"presentation\"><a href=\"#seccio-3\"> BONES FESTES!<\/a><\/p>\n<\/li>\n<li dir=\"ltr\" aria-level=\"2\">\n<p dir=\"ltr\" role=\"presentation\"><a href=\"#seccio-4\">AGENDA<\/a><\/p>\n<\/li>\n<\/ul>\n<\/li>\n<\/ul>\n<h1 dir=\"ltr\"><a id=\"seccio-1\"><\/a>NIT ASTRON\u00d2MICA<\/h1>\n<p class=\"zfr3Q CDt4Ke \" dir=\"ltr\"><span class=\"C9DxTc \"><a href=\"https:\/\/agora.xtec.cat\/escolaandersen\/wp-content\/uploads\/usu2380\/2024\/12\/lluna.jpg\"><img loading=\"lazy\" decoding=\"async\" class=\"size-full wp-image-2054 alignright\" src=\"https:\/\/agora.xtec.cat\/escolaandersen\/wp-content\/uploads\/usu2380\/2024\/12\/lluna.jpg\" alt=\"\" width=\"300\" height=\"225\" srcset=\"https:\/\/agora.xtec.cat\/escolaandersen\/wp-content\/uploads\/usu2380\/2024\/12\/lluna.jpg 300w, https:\/\/agora.xtec.cat\/escolaandersen\/wp-content\/uploads\/usu2380\/2024\/12\/lluna-200x150.jpg 200w\" sizes=\"auto, (max-width: 300px) 100vw, 300px\" \/><\/a>Ja tenim a punt la primera activitat de l&#8217;any que ve. <strong>Divendres 10 de gener<\/strong> farem la <strong>Nit Astron\u00f2mica<\/strong>!! <\/span><\/p>\n<\/li>\n<li style=\"list-style-type: none;\">\n<p class=\"zfr3Q CDt4Ke \" dir=\"ltr\"><span class=\"C9DxTc \"><strong>A partir de les 19h<\/strong> i durant tota la jornada podrem observar amb telescopis la lluna* i tot el que puguem veure segons com estigui el cel.<\/span><\/p>\n<p class=\"zfr3Q CDt4Ke \" dir=\"ltr\"><span class=\"C9DxTc \">A 2\/4 de 8<\/span><span class=\"C9DxTc \">, <\/span><span class=\"C9DxTc \">podrem gaudir de la\u00a0<\/span><strong><span class=\"C9DxTc \">xerrada \u201cLes aurores boreals\u201d<\/span><\/strong><span class=\"C9DxTc \">, a c\u00e0rrec de l&#8217;Agrupaci\u00f3 Astron\u00f2mica d&#8217;Osona al gimn\u00e0s. I, simult\u00e0niament, s&#8217;explicar\u00e0 un <\/span><span class=\"C9DxTc \"><strong>conte<\/strong> pels infants d&#8217;educaci\u00f3 infantil i cicle inicial a la biblioteca.<\/span><\/p>\n<p class=\"zfr3Q CDt4Ke \" dir=\"ltr\"><span class=\"C9DxTc \">A les\u00a0<\/span><span class=\"C9DxTc \">20h<\/span><span class=\"C9DxTc \">,\u00a0<\/span><span class=\"C9DxTc \">soparem. <\/span><strong>Ja podeu reservar el vostre sopar<\/strong>: entrep\u00e0 de botifarra 4\u20ac o entrep\u00e0 de formatge 3\u20ac + beguda (aigua i vi) + mandarina mitjan\u00e7ant <a href=\"https:\/\/forms.gle\/AV5CnHksQgaXiLuB9\">aquest enlla\u00e7<\/a>.<\/p>\n<\/li>\n<li style=\"list-style-type: none;\">\n<p class=\"zfr3Q CDt4Ke \" dir=\"ltr\"><span class=\"C9DxTc \">A 3\/4 de 9 <strong>els alumnes de 6\u00e8 ens presentaran els seus treballs<\/strong> a les aules.<\/span><\/p>\n<p class=\"zfr3Q CDt4Ke \" dir=\"ltr\">* A les 19h els infants de 6\u00e8 podran observar el cel amb els telescopis i a continuaci\u00f3 sopar mentre escolten la xerrada de les aurores boreals al gimn\u00e0s. La resta dels assistents ho podran fer a mesura que hi hagi telescopis lliures i entrepans fets.<\/p>\n<h1 dir=\"ltr\"><a id=\"seccio-2\"><\/a>VALORACI\u00d3 MERCAT DE LES 5R<\/h1>\n<p>Aquest primer diumenge de desembre es va celebrar, un any m\u00e9s, el <strong>Mercat de les 5R (Reduir, Reutilitzar, Reciclar, Reparar i Recuperar)<\/strong>. Aquesta fira ja \u00e9s major d\u2019edat, complint aquest any els <strong>18 anys<\/strong>.<\/p>\n<p>Els alumnes de 4t, 5\u00e8 i 6\u00e8 van preparar unes treballades parades per vendre totes aquelles joguines, llibres, roba i altres materials educatius en bon estat que ja no utilitzaven.<\/p>\n<p>Per fer m\u00e9s agradable un dels primers dies de fred a Vic on el sol no va voler sortir, els Amics de l\u2019Andersen ens van oferir una calenta xocolata desfeta la qual vam poder acompanyar amb una gran varietat de pastissos i coques casolanes que les fam\u00edlies havien portat.<\/li>\n<li style=\"list-style-type: none;\"><a href=\"https:\/\/agora.xtec.cat\/escolaandersen\/wp-content\/uploads\/usu2380\/2024\/12\/Foto-de-Eva-Trepat.jpg\"><img loading=\"lazy\" decoding=\"async\" class=\"wp-image-2061 aligncenter\" src=\"https:\/\/agora.xtec.cat\/escolaandersen\/wp-content\/uploads\/usu2380\/2024\/12\/Foto-de-Eva-Trepat.jpg\" alt=\"\" width=\"427\" height=\"563\" \/><\/a><br \/>\nUn dels pilars d\u2019aquesta fira, a part, \u00e9s clar, de la conscienciaci\u00f3 de les 5R i de recaptar diners per a millores a l\u2019Escola (Dia del Pencaire), \u00e9s l\u2019esfor\u00e7, dedicaci\u00f3, creativitat, enginy, alegria i il\u00b7lusi\u00f3 que els joves paradistes dediquen a les seves parades per poder vendre el m\u00e0xim de productes. Aquest any, hi va haver <strong>dues parades finalistes<\/strong>, sent finalment la <strong>guanyadora la parada XXXXX<\/strong>, seguida de la parada <strong>Reciclar \u00e9s cuidar<\/strong>. En aquesta festa de les 5R les parades van recaptar un total de <strong>1.613,94\u20ac<\/strong> i els Amics de l&#8217;Andersen, amb la xocolatada, van recaptar <strong>465,17\u20ac<\/strong>. Aquests diners es destinaran a millores de l\u2019Escola.<\/li>\n<li><\/li>\n<li>Els objectes que no es van vendre al mercat els va recollir l\u2019<strong>Associaci\u00f3 Ashes de Vic<\/strong>.<\/li>\n<li>Per veure <strong>fotos<\/strong>, cliqueu damunt <a href=\"https:\/\/drive.google.com\/drive\/folders\/1h32lcV0V4mHy8xYgEZpZ8GdRxBUHjJpC?usp=drive_link\">l&#8217;enlla\u00e7.<\/a><\/li>\n<\/ul>\n<h1 dir=\"ltr\"><a id=\"seccio-3\"><\/a>BONES FESTES!!<\/h1>\n<p>Un any m\u00e9s, des de la Junta de l&#8217;AFA us volem desitjar a tota la comunitat escolar <strong>que passeu unes bones festes de Nadal!<\/strong>\u00a0Aquest any, aprofitant que el 2024 ha sigut el <strong>centenari de la mort del poeta Joan Salvat-Papasseit<\/strong>, hem volgut recordar-lo a la nostra felicitaci\u00f3 de Nadal.<\/li>\n<li style=\"list-style-type: none;\"><a href=\"https:\/\/agora.xtec.cat\/escolaandersen\/wp-content\/uploads\/usu2380\/2024\/12\/2f-nadal-2024.jpeg\"><img loading=\"lazy\" decoding=\"async\" class=\"wp-image-2081 aligncenter\" src=\"https:\/\/agora.xtec.cat\/escolaandersen\/wp-content\/uploads\/usu2380\/2024\/12\/2f-nadal-2024.jpeg\" alt=\"\" width=\"702\" height=\"1043\" \/><\/a><br \/>\n<h1 dir=\"ltr\"><a id=\"seccio-4\"><\/a>AGENDA<\/h1>\n<p><a href=\"https:\/\/agora.xtec.cat\/escolaandersen\/wp-content\/uploads\/usu2380\/2024\/12\/Yellow-Post-it-Note-Class-Reminder-Classroom-Announcement-1.png\"><img loading=\"lazy\" decoding=\"async\" class=\" wp-image-2072 aligncenter\" src=\"https:\/\/agora.xtec.cat\/escolaandersen\/wp-content\/uploads\/usu2380\/2024\/12\/Yellow-Post-it-Note-Class-Reminder-Classroom-Announcement-1.png\" alt=\"\" width=\"716\" height=\"684\" \/><\/a><\/li>\n<\/ul>\n","protected":false},"excerpt":{"rendered":"<p><a href=\"https:\/\/agora.xtec.cat\/escolaandersen\/wp-content\/uploads\/usu2380\/2023\/11\/cap_afainforma-3.png\"><\/a><\/p>\n<ul>\n<li style=\"list-style-type: none;\">\n<ul>\n<li style=\"list-style-type: none;\">\n<ul>\n<li style=\"list-style-type: none;\">\n<ul>\n<li dir=\"ltr\" aria-level=\"2\">\n<a href=\"#seccio-1\">NIT ASTRON\u00d2MICA<\/a>\n<\/li>\n<li dir=\"ltr\" aria-level=\"2\">\n<a href=\"#seccio-2\">VALORACI\u00d3 MERCAT DE LES 5R<\/a>\n<\/li>\n<li dir=\"ltr\" aria-level=\"2\">\n<a href=\"#seccio-3\"> BONES FESTES!<\/a>\n<\/li>\n<li dir=\"ltr\" aria-level=\"2\">\n<a href=\"#seccio-4\">AGENDA<\/a>\n<\/li>\n<\/ul>\n<\/li>\n<\/ul>\n<p><a id=\"seccio-1\"><\/a>NIT ASTRON\u00d2MICA<br \/>\n<a href=\"https:\/\/agora.xtec.cat\/escolaandersen\/wp-content\/uploads\/usu2380\/2024\/12\/lluna.jpg\"><\/a>Ja tenim a punt la primera activitat de l&#8217;any que ve. Divendres 10 de gener farem&hellip;  <a href=\"https:\/\/agora.xtec.cat\/escolaandersen\/afa\/afa-informa-46\/\" title=\"Read AFA informa 46\">Llegeix m\u00e9s\u00bb<\/a><\/p>\n","protected":false},"author":3,"featured_media":0,"comment_status":"open","ping_status":"closed","sticky":false,"template":"","format":"standard","meta":{"_bbp_topic_count":0,"_bbp_reply_count":0,"_bbp_total_topic_count":0,"_bbp_total_reply_count":0,"_bbp_voice_count":0,"_bbp_anonymous_reply_count":0,"_bbp_topic_count_hidden":0,"_bbp_reply_count_hidden":0,"_bbp_forum_subforum_count":0,"footnotes":""},"categories":[7],"tags":[],"class_list":["post-2031","post","type-post","status-publish","format-standard","hentry","category-afa"],"post_mailing_queue_ids":[],"_links":{"self":[{"href":"https:\/\/agora.xtec.cat\/escolaandersen\/wp-json\/wp\/v2\/posts\/2031","targetHints":{"allow":["GET"]}}],"collection":[{"href":"https:\/\/agora.xtec.cat\/escolaandersen\/wp-json\/wp\/v2\/posts"}],"about":[{"href":"https:\/\/agora.xtec.cat\/escolaandersen\/wp-json\/wp\/v2\/types\/post"}],"author":[{"embeddable":true,"href":"https:\/\/agora.xtec.cat\/escolaandersen\/wp-json\/wp\/v2\/users\/3"}],"replies":[{"embeddable":true,"href":"https:\/\/agora.xtec.cat\/escolaandersen\/wp-json\/wp\/v2\/comments?post=2031"}],"version-history":[{"count":7,"href":"https:\/\/agora.xtec.cat\/escolaandersen\/wp-json\/wp\/v2\/posts\/2031\/revisions"}],"predecessor-version":[{"id":2084,"href":"https:\/\/agora.xtec.cat\/escolaandersen\/wp-json\/wp\/v2\/posts\/2031\/revisions\/2084"}],"wp:attachment":[{"href":"https:\/\/agora.xtec.cat\/escolaandersen\/wp-json\/wp\/v2\/media?parent=2031"}],"wp:term":[{"taxonomy":"category","embeddable":true,"href":"https:\/\/agora.xtec.cat\/escolaandersen\/wp-json\/wp\/v2\/categories?post=2031"},{"taxonomy":"post_tag","embeddable":true,"href":"https:\/\/agora.xtec.cat\/escolaandersen\/wp-json\/wp\/v2\/tags?post=2031"}],"curies":[{"name":"wp","href":"https:\/\/api.w.org\/{rel}","templated":true}]}}