{"id":2002,"date":"2024-11-21T09:22:43","date_gmt":"2024-11-21T08:22:43","guid":{"rendered":"https:\/\/agora.xtec.cat\/escolaandersen\/?p=2002"},"modified":"2024-11-21T09:22:43","modified_gmt":"2024-11-21T08:22:43","slug":"mercat-de-les-5r","status":"publish","type":"post","link":"https:\/\/agora.xtec.cat\/escolaandersen\/general\/mercat-de-les-5r\/","title":{"rendered":"Mercat de les 5R"},"content":{"rendered":"<div><\/div>\n<div>El diumenge dia 1<b>\u00a0de desembre\u00a0tindr\u00e0 lloc el tradicional\u00a0Mercat\u00a0de les 5R&#8217;s\u00a0<\/b>a l&#8217;escola: Reciclar, Reutilitzar, Reduir, Reparar i Recuperar.<\/div>\n<div><\/div>\n<div>Aquest \u00e9s un mercat d&#8217;articles de segona m\u00e0 que es fa a l&#8217;escola cada any i que gestionen l&#8217;alumnat de 4t, 5\u00e8 i 6\u00e8. A les parades hi podreu trobar joguines, disfresses, llibres&#8230; tot de segona m\u00e0. \u00c9s una oportunitat per donar una segona vida a tot all\u00f2 que ja no en fas \u00fas, per\u00f2 encara est\u00e0 en bones condicions.<\/div>\n<div><\/div>\n<div>L&#8217;AFA de l&#8217;escola organitza aquesta festa amb la col\u00b7laboraci\u00f3 dels Amics de l&#8217;Andersen que oferiran esmorzar: caf\u00e8, xocolata desfeta, pastissos, coques casolanes&#8230;<\/div>\n<div><\/div>\n<div>Vine, independentment de si ets o no de l&#8217;escola.<\/div>\n<div><\/div>\n<div>Us esperem, tothom hi est\u00e0 convidat!<\/div>\n<div><\/div>\n<div><a href=\"https:\/\/agora.xtec.cat\/escolaandersen\/wp-content\/uploads\/usu2380\/2024\/11\/MERCAT-5Rs-ANDERSEN.jpg\"><img loading=\"lazy\" decoding=\"async\" class=\"alignnone size-large wp-image-2003\" src=\"https:\/\/agora.xtec.cat\/escolaandersen\/wp-content\/uploads\/usu2380\/2024\/11\/MERCAT-5Rs-ANDERSEN-1024x1024.jpg\" alt=\"\" width=\"1024\" height=\"1024\" srcset=\"https:\/\/agora.xtec.cat\/escolaandersen\/wp-content\/uploads\/usu2380\/2024\/11\/MERCAT-5Rs-ANDERSEN-1024x1024.jpg 1024w, https:\/\/agora.xtec.cat\/escolaandersen\/wp-content\/uploads\/usu2380\/2024\/11\/MERCAT-5Rs-ANDERSEN-300x300.jpg 300w, https:\/\/agora.xtec.cat\/escolaandersen\/wp-content\/uploads\/usu2380\/2024\/11\/MERCAT-5Rs-ANDERSEN-150x150.jpg 150w, https:\/\/agora.xtec.cat\/escolaandersen\/wp-content\/uploads\/usu2380\/2024\/11\/MERCAT-5Rs-ANDERSEN-768x768.jpg 768w, https:\/\/agora.xtec.cat\/escolaandersen\/wp-content\/uploads\/usu2380\/2024\/11\/MERCAT-5Rs-ANDERSEN.jpg 1080w\" sizes=\"auto, (max-width: 1024px) 100vw, 1024px\" \/><\/a><\/div>\n","protected":false},"excerpt":{"rendered":"<p>El diumenge dia 1\u00a0de desembre\u00a0tindr\u00e0 lloc el tradicional\u00a0Mercat\u00a0de les 5R&#8217;s\u00a0a l&#8217;escola: Reciclar, Reutilitzar, Reduir, Reparar i Recuperar.<\/p>\n<p>Aquest \u00e9s un mercat d&#8217;articles de segona m\u00e0 que es fa a l&#8217;escola cada any i que gestionen l&#8217;alumnat de 4t, 5\u00e8 i 6\u00e8. A les parades hi podreu&hellip;  <a href=\"https:\/\/agora.xtec.cat\/escolaandersen\/general\/mercat-de-les-5r\/\" title=\"Read Mercat de les 5R\">Llegeix m\u00e9s\u00bb<\/a><\/p>\n","protected":false},"author":4,"featured_media":0,"comment_status":"open","ping_status":"closed","sticky":false,"template":"","format":"standard","meta":{"_bbp_topic_count":0,"_bbp_reply_count":0,"_bbp_total_topic_count":0,"_bbp_total_reply_count":0,"_bbp_voice_count":0,"_bbp_anonymous_reply_count":0,"_bbp_topic_count_hidden":0,"_bbp_reply_count_hidden":0,"_bbp_forum_subforum_count":0,"footnotes":""},"categories":[7,1,4],"tags":[],"class_list":["post-2002","post","type-post","status-publish","format-standard","hentry","category-afa","category-general","category-portada"],"post_mailing_queue_ids":[],"_links":{"self":[{"href":"https:\/\/agora.xtec.cat\/escolaandersen\/wp-json\/wp\/v2\/posts\/2002","targetHints":{"allow":["GET"]}}],"collection":[{"href":"https:\/\/agora.xtec.cat\/escolaandersen\/wp-json\/wp\/v2\/posts"}],"about":[{"href":"https:\/\/agora.xtec.cat\/escolaandersen\/wp-json\/wp\/v2\/types\/post"}],"author":[{"embeddable":true,"href":"https:\/\/agora.xtec.cat\/escolaandersen\/wp-json\/wp\/v2\/users\/4"}],"replies":[{"embeddable":true,"href":"https:\/\/agora.xtec.cat\/escolaandersen\/wp-json\/wp\/v2\/comments?post=2002"}],"version-history":[{"count":1,"href":"https:\/\/agora.xtec.cat\/escolaandersen\/wp-json\/wp\/v2\/posts\/2002\/revisions"}],"predecessor-version":[{"id":2004,"href":"https:\/\/agora.xtec.cat\/escolaandersen\/wp-json\/wp\/v2\/posts\/2002\/revisions\/2004"}],"wp:attachment":[{"href":"https:\/\/agora.xtec.cat\/escolaandersen\/wp-json\/wp\/v2\/media?parent=2002"}],"wp:term":[{"taxonomy":"category","embeddable":true,"href":"https:\/\/agora.xtec.cat\/escolaandersen\/wp-json\/wp\/v2\/categories?post=2002"},{"taxonomy":"post_tag","embeddable":true,"href":"https:\/\/agora.xtec.cat\/escolaandersen\/wp-json\/wp\/v2\/tags?post=2002"}],"curies":[{"name":"wp","href":"https:\/\/api.w.org\/{rel}","templated":true}]}}