{"id":1995,"date":"2024-11-18T16:22:19","date_gmt":"2024-11-18T15:22:19","guid":{"rendered":"https:\/\/agora.xtec.cat\/escolaandersen\/?p=1995"},"modified":"2024-11-18T16:22:19","modified_gmt":"2024-11-18T15:22:19","slug":"dia-de-la-musica-2","status":"publish","type":"post","link":"https:\/\/agora.xtec.cat\/escolaandersen\/general\/dia-de-la-musica-2\/","title":{"rendered":"Dia de la M\u00fasica"},"content":{"rendered":"<p>Aquest divendres dia 22 de novembre celebrarem el Dia de la M\u00fasica a l&#8217;escola. Ens fa il\u00b7lusi\u00f3 compartir amb vosaltres la previsi\u00f3 d&#8217;activitats per aquest dia. Que soni la m\u00fasica!!<\/p>\n<p><a href=\"https:\/\/agora.xtec.cat\/escolaandersen\/wp-content\/uploads\/usu2380\/2024\/11\/DIA-DE-LA-MUSICA-1.png\"><img loading=\"lazy\" decoding=\"async\" class=\"alignnone size-large wp-image-1996\" src=\"https:\/\/agora.xtec.cat\/escolaandersen\/wp-content\/uploads\/usu2380\/2024\/11\/DIA-DE-LA-MUSICA-1-1024x1024.png\" alt=\"\" width=\"1024\" height=\"1024\" srcset=\"https:\/\/agora.xtec.cat\/escolaandersen\/wp-content\/uploads\/usu2380\/2024\/11\/DIA-DE-LA-MUSICA-1-1024x1024.png 1024w, https:\/\/agora.xtec.cat\/escolaandersen\/wp-content\/uploads\/usu2380\/2024\/11\/DIA-DE-LA-MUSICA-1-300x300.png 300w, https:\/\/agora.xtec.cat\/escolaandersen\/wp-content\/uploads\/usu2380\/2024\/11\/DIA-DE-LA-MUSICA-1-150x150.png 150w, https:\/\/agora.xtec.cat\/escolaandersen\/wp-content\/uploads\/usu2380\/2024\/11\/DIA-DE-LA-MUSICA-1-768x768.png 768w, https:\/\/agora.xtec.cat\/escolaandersen\/wp-content\/uploads\/usu2380\/2024\/11\/DIA-DE-LA-MUSICA-1.png 1080w\" sizes=\"auto, (max-width: 1024px) 100vw, 1024px\" \/><\/a><\/p>\n","protected":false},"excerpt":{"rendered":"<p>Aquest divendres dia 22 de novembre celebrarem el Dia de la M\u00fasica a l&#8217;escola. Ens fa il\u00b7lusi\u00f3 compartir amb vosaltres la previsi\u00f3 d&#8217;activitats per aquest dia. Que soni la m\u00fasica!!<br \/>\n<a href=\"https:\/\/agora.xtec.cat\/escolaandersen\/wp-content\/uploads\/usu2380\/2024\/11\/DIA-DE-LA-MUSICA-1.png\"><\/a><\/p>\n","protected":false},"author":4,"featured_media":0,"comment_status":"open","ping_status":"closed","sticky":false,"template":"","format":"standard","meta":{"_bbp_topic_count":0,"_bbp_reply_count":0,"_bbp_total_topic_count":0,"_bbp_total_reply_count":0,"_bbp_voice_count":0,"_bbp_anonymous_reply_count":0,"_bbp_topic_count_hidden":0,"_bbp_reply_count_hidden":0,"_bbp_forum_subforum_count":0,"footnotes":""},"categories":[122,1,4],"tags":[],"class_list":["post-1995","post","type-post","status-publish","format-standard","hentry","category-araart","category-general","category-portada"],"post_mailing_queue_ids":[],"_links":{"self":[{"href":"https:\/\/agora.xtec.cat\/escolaandersen\/wp-json\/wp\/v2\/posts\/1995","targetHints":{"allow":["GET"]}}],"collection":[{"href":"https:\/\/agora.xtec.cat\/escolaandersen\/wp-json\/wp\/v2\/posts"}],"about":[{"href":"https:\/\/agora.xtec.cat\/escolaandersen\/wp-json\/wp\/v2\/types\/post"}],"author":[{"embeddable":true,"href":"https:\/\/agora.xtec.cat\/escolaandersen\/wp-json\/wp\/v2\/users\/4"}],"replies":[{"embeddable":true,"href":"https:\/\/agora.xtec.cat\/escolaandersen\/wp-json\/wp\/v2\/comments?post=1995"}],"version-history":[{"count":1,"href":"https:\/\/agora.xtec.cat\/escolaandersen\/wp-json\/wp\/v2\/posts\/1995\/revisions"}],"predecessor-version":[{"id":1997,"href":"https:\/\/agora.xtec.cat\/escolaandersen\/wp-json\/wp\/v2\/posts\/1995\/revisions\/1997"}],"wp:attachment":[{"href":"https:\/\/agora.xtec.cat\/escolaandersen\/wp-json\/wp\/v2\/media?parent=1995"}],"wp:term":[{"taxonomy":"category","embeddable":true,"href":"https:\/\/agora.xtec.cat\/escolaandersen\/wp-json\/wp\/v2\/categories?post=1995"},{"taxonomy":"post_tag","embeddable":true,"href":"https:\/\/agora.xtec.cat\/escolaandersen\/wp-json\/wp\/v2\/tags?post=1995"}],"curies":[{"name":"wp","href":"https:\/\/api.w.org\/{rel}","templated":true}]}}