{"id":1989,"date":"2024-11-29T13:57:02","date_gmt":"2024-11-29T12:57:02","guid":{"rendered":"https:\/\/agora.xtec.cat\/escolaandersen\/?p=1989"},"modified":"2024-11-29T13:57:02","modified_gmt":"2024-11-29T12:57:02","slug":"afa-informa-45","status":"publish","type":"post","link":"https:\/\/agora.xtec.cat\/escolaandersen\/afa\/afa-informa-45\/","title":{"rendered":"AFA informa 45"},"content":{"rendered":"<p><a href=\"https:\/\/agora.xtec.cat\/escolaandersen\/wp-content\/uploads\/usu2380\/2023\/11\/cap_afainforma-3.png\"><img loading=\"lazy\" decoding=\"async\" class=\"alignnone size-full wp-image-907\" src=\"https:\/\/agora.xtec.cat\/escolaandersen\/wp-content\/uploads\/usu2380\/2023\/11\/cap_afainforma-3.png\" alt=\"\" width=\"1280\" height=\"222\" srcset=\"https:\/\/agora.xtec.cat\/escolaandersen\/wp-content\/uploads\/usu2380\/2023\/11\/cap_afainforma-3.png 1280w, https:\/\/agora.xtec.cat\/escolaandersen\/wp-content\/uploads\/usu2380\/2023\/11\/cap_afainforma-3-300x52.png 300w, https:\/\/agora.xtec.cat\/escolaandersen\/wp-content\/uploads\/usu2380\/2023\/11\/cap_afainforma-3-1024x178.png 1024w, https:\/\/agora.xtec.cat\/escolaandersen\/wp-content\/uploads\/usu2380\/2023\/11\/cap_afainforma-3-768x133.png 768w\" sizes=\"auto, (max-width: 1280px) 100vw, 1280px\" \/><\/a><\/p>\n<ul>\n<li style=\"list-style-type: none;\">\n<ul>\n<li dir=\"ltr\" aria-level=\"2\">\n<p dir=\"ltr\" role=\"presentation\"><a href=\"#seccio-1\">TORNA EL MERCAT DE LES 5R<\/a>&#8216;S<\/p>\n<\/li>\n<li dir=\"ltr\" aria-level=\"2\">\n<p dir=\"ltr\" role=\"presentation\"><a href=\"#seccio-2\">LOTERIA<\/a><\/p>\n<\/li>\n<li dir=\"ltr\" aria-level=\"2\">\n<p dir=\"ltr\" role=\"presentation\"><a href=\"#seccio-3\">CARNESTOLTES DE LA CIUTAT <\/a><\/p>\n<\/li>\n<li dir=\"ltr\" aria-level=\"2\">\n<p dir=\"ltr\" role=\"presentation\"><a href=\"#seccio-4\"> VALORACI\u00d3 CASTANYADA<\/a><\/p>\n<\/li>\n<li dir=\"ltr\" aria-level=\"2\">\n<p dir=\"ltr\" role=\"presentation\"><a href=\"#seccio-5\">VALORACI\u00d3 ASSEMBLEA GENERAL<\/a><\/p>\n<\/li>\n<li dir=\"ltr\" aria-level=\"2\">\n<p dir=\"ltr\" role=\"presentation\"><a href=\"#seccio-6\">AGENDA<\/a><\/p>\n<\/li>\n<\/ul>\n<\/li>\n<\/ul>\n<h1 dir=\"ltr\"><a id=\"seccio-1\"><\/a>TORNA EL MERCAT DE LES 5R&#8217;S<\/h1>\n<div><\/div>\n<div>El diumenge dia 1<b>\u00a0de desembre\u00a0tindr\u00e0 lloc el tradicional\u00a0Mercat\u00a0de les 5R&#8217;s\u00a0<\/b>a l&#8217;Escola: Reciclar, Reutilitzar, Reduir, Reparar i Recuperar.<\/div>\n<div><\/div>\n<div>Aquest \u00e9s un mercat d&#8217;articles de segona m\u00e0 que es fa a l&#8217;Escola cada any i que gestionen l&#8217;alumnat de 4t, 5\u00e8 i 6\u00e8. A les parades hi podreu trobar joguines, disfresses, llibres&#8230; tot de segona m\u00e0. \u00c9s una oportunitat per donar una segona vida a tot all\u00f2 que ja no s&#8217;en fa \u00fas, per\u00f2 que encara est\u00e0 en bones condicions.<\/div>\n<div><\/div>\n<div>L&#8217;AFA de l&#8217;Escola organitza aquesta festa amb la col\u00b7laboraci\u00f3 dels Amics de l&#8217;Andersen, que oferiran esmorzar: caf\u00e8, xocolata desfeta, pastissos, coques casolanes&#8230;<\/div>\n<div><\/div>\n<div>Vine, independentment de si ets o no de l&#8217;escola.<\/div>\n<div><\/div>\n<div>Us esperem, tothom hi est\u00e0 convidat!<\/div>\n<p>&nbsp;<\/p>\n<h1 dir=\"ltr\"><a id=\"seccio-2\"><\/a>LOTERIA DE CAP D&#8217;ANY DE L&#8217;AFA<\/h1>\n<p>&nbsp;<\/p>\n<p><span style=\"font-weight: 400;\"><a href=\"https:\/\/agora.xtec.cat\/escolaandersen\/wp-content\/uploads\/usu2380\/2024\/11\/Dooble_ticket.png\"><img loading=\"lazy\" decoding=\"async\" class=\"wp-image-2005 alignright\" src=\"https:\/\/agora.xtec.cat\/escolaandersen\/wp-content\/uploads\/usu2380\/2024\/11\/Dooble_ticket.png\" alt=\"\" width=\"185\" height=\"185\" srcset=\"https:\/\/agora.xtec.cat\/escolaandersen\/wp-content\/uploads\/usu2380\/2024\/11\/Dooble_ticket.png 1200w, https:\/\/agora.xtec.cat\/escolaandersen\/wp-content\/uploads\/usu2380\/2024\/11\/Dooble_ticket-300x300.png 300w, https:\/\/agora.xtec.cat\/escolaandersen\/wp-content\/uploads\/usu2380\/2024\/11\/Dooble_ticket-1024x1024.png 1024w, https:\/\/agora.xtec.cat\/escolaandersen\/wp-content\/uploads\/usu2380\/2024\/11\/Dooble_ticket-150x150.png 150w, https:\/\/agora.xtec.cat\/escolaandersen\/wp-content\/uploads\/usu2380\/2024\/11\/Dooble_ticket-768x768.png 768w\" sizes=\"auto, (max-width: 185px) 100vw, 185px\" \/><\/a><\/span><span style=\"font-weight: 400;\">Per segon any consecutiu, jugarem a La Grossa amb la Dooble del sorteig de Cap d&#8217;Any.\u00a0<\/span><\/p>\n<p><span style=\"font-weight: 400;\">Amb una participaci\u00f3 es juga 2\u202f\u20ac a La Grossa i 2\u202f\u20ac a la Dooble m\u00e9s 1\u202f\u20ac de donatiu.<\/span><\/p>\n<p><span style=\"font-weight: 400;\">La participaci\u00f3 t\u00e9 dos n\u00fameros:<\/span><\/p>\n<ul>\n<li><span style=\"font-weight: 400;\">El n\u00famero de <\/span><b>La Grossa de Cap d\u2019Any.<\/b><span style=\"font-weight: 400;\"> S\u2019assigna aleat\u00f2riament, \u00e9s <\/span><b>diferent en cada participaci\u00f3 <\/b><span style=\"font-weight: 400;\">i opta als seg\u00fcents premis: <\/span><\/li>\n<\/ul>\n<p><a href=\"https:\/\/agora.xtec.cat\/escolaandersen\/wp-content\/uploads\/usu2380\/2024\/11\/PREMIS-GROSSA.png\"><img loading=\"lazy\" decoding=\"async\" class=\"aligncenter wp-image-2006 size-full\" src=\"https:\/\/agora.xtec.cat\/escolaandersen\/wp-content\/uploads\/usu2380\/2024\/11\/PREMIS-GROSSA.png\" alt=\"\" width=\"583\" height=\"327\" srcset=\"https:\/\/agora.xtec.cat\/escolaandersen\/wp-content\/uploads\/usu2380\/2024\/11\/PREMIS-GROSSA.png 583w, https:\/\/agora.xtec.cat\/escolaandersen\/wp-content\/uploads\/usu2380\/2024\/11\/PREMIS-GROSSA-300x168.png 300w\" sizes=\"auto, (max-width: 583px) 100vw, 583px\" \/><\/a><\/p>\n<ul>\n<li style=\"font-weight: 400;\" aria-level=\"1\"><span style=\"font-weight: 400;\">El n\u00famero\u00a0 <\/span><b>54731<\/b><span style=\"font-weight: 400;\"> de <\/span><b>La Dooble.<\/b><span style=\"font-weight: 400;\"> Hi juguem col\u00b7lectivament com a entitat (AFA) (hi ha el <\/span><b>mateix n\u00famero totes les participacions)<\/b><span style=\"font-weight: 400;\"> i optem als seg\u00fcents premis:\u00a0<\/span><a href=\"https:\/\/agora.xtec.cat\/escolaandersen\/wp-content\/uploads\/usu2380\/2024\/11\/PREMIS-DOOBLE.png\"><img loading=\"lazy\" decoding=\"async\" class=\"aligncenter wp-image-2007 size-full\" src=\"https:\/\/agora.xtec.cat\/escolaandersen\/wp-content\/uploads\/usu2380\/2024\/11\/PREMIS-DOOBLE.png\" alt=\"\" width=\"603\" height=\"177\" srcset=\"https:\/\/agora.xtec.cat\/escolaandersen\/wp-content\/uploads\/usu2380\/2024\/11\/PREMIS-DOOBLE.png 603w, https:\/\/agora.xtec.cat\/escolaandersen\/wp-content\/uploads\/usu2380\/2024\/11\/PREMIS-DOOBLE-300x88.png 300w\" sizes=\"auto, (max-width: 603px) 100vw, 603px\" \/><\/a><br \/>\n<span style=\"font-weight: 400;\">* El premi ser\u00e0 repartit pel nombre de butlletes venudes per l\u2019AFA.<\/span><\/li>\n<li aria-level=\"1\"><span style=\"font-weight: 400;\">Els sortejos es faran el <\/span><b>31 de desembre<\/b><span style=\"font-weight: 400;\"> i es retransmetran per TV3. Si voleu comprar m\u00e9s butlletes, les podeu adquirir <\/span><b>a la Dolors<\/b><span style=\"font-weight: 400;\"> (matins) fins el 16 de desembre, a <\/span><b>qualsevol administraci\u00f3 de Loteries de Catalunya<\/b><span style=\"font-weight: 400;\">\u00a0 o b\u00e9 <\/span><b>per internet<\/b><span style=\"font-weight: 400;\">\u00a0 (<\/span><a href=\"https:\/\/www.loteriesdecatalunya.cat\/jocs\/ladooble\/\"><span style=\"font-weight: 400;\">https:\/\/www.loteriesdecatalunya.cat\/jocs\/ladooble\/<\/span><\/a><span style=\"font-weight: 400;\">). <\/span><span style=\"font-weight: 400;\">Desitgem que tinguem tots molt bona sort!<\/span><\/li>\n<\/ul>\n<h1 dir=\"ltr\"><a id=\"seccio-3\"><\/a>CARNESTOLTES DE LA CIUTAT<\/h1>\n<p>Aquest any <strong>l\u2019AFA de l\u2019Escola participar\u00e0 al Carnestoltes de la ciutat<\/strong>, que tindr\u00e0 lloc el dia 1 de mar\u00e7!<br \/>\nL\u2019Ajuntament ens facilitar\u00e0 una tallerista que ens ajudar\u00e0 en el disseny de la disfressa. Un dia vindr\u00e0 a l\u2019Escola amb el material necessari i es far\u00e0 el muntatge de la disfressa juntament amb les fam\u00edlies.<br \/>\nEs tracta d\u2019un carnestoltes familiar que comen\u00e7a a les 10h del mat\u00ed i que est\u00e0 promogut per l\u2019Associaci\u00f3 de ve\u00efns del barri del Remei. El recorregut ser\u00e0 curtet, apte per a tots els infants i amb participaci\u00f3 d\u2019altres entitats de la ciutat com els gegants i els capgrossos.<br \/>\nCom a escola participant, haurem de decidir si nom\u00e9s anem com a comparsa o si ens atrevim a fer una petita carrossa\u2026 Per\u00f2 anirem tots junts representant la nostra escola igual que altres escoles de la ciutat que tamb\u00e9 hi participaran.<br \/>\nAneu pensant si us agradaria formar part de la rua de l\u2019Andersen per poder preparar-ho tot i gaudir d\u2019un carnestoltes com a escola on els infants i la disbauxa seran els protagonistes!<\/p>\n<p>&nbsp;<\/p>\n<h1 dir=\"ltr\"><a id=\"seccio-4\"><\/a>VALORACI\u00d3 ASSAMBLEA<\/h1>\n<p>El passat 30 d\u2019octubre vam celebrar l\u2019ASSEMBLEA GENERAL de l\u2019AFA, on es va aprovar el Pla Anual de propostes per aquest curs i tamb\u00e9 els comptes de l\u2019any passat. En breu trobareu l&#8217;acta de la reuni\u00f3 penjada a la web de l&#8217;Escola.\u00a0 Ens agradaria fer notar que l&#8217;assist\u00e8ncia per part de les fam\u00edlies va ser molt baixa.<\/p>\n<p>&nbsp;<\/p>\n<h1 dir=\"ltr\"><a id=\"seccio-5\"><\/a>VALORACI\u00d3 CASTANYADA<\/h1>\n<p>El passat 31 d\u2019octubre vam celebrar la <strong>Castanyada<\/strong> i un altre any va ser tot un \u00e8xit! Agra\u00efr a L\u2019Andreu, en Bartomeu i en Joan, que ens van torrar les castanyes! Gr\u00e0cies a totes les fam\u00edlies que van participar de la festa: v\u00e0rem poder gaudir de deliciosos pastissos casolans i d\u2019un berenar magn\u00edfic! Entre tot@s v\u00e0rem fer possible una castanyada genial!<\/p>\n<p>&nbsp;<\/p>\n<h1 dir=\"ltr\"><a id=\"seccio-6\"><\/a>AGENDA<\/h1>\n<p><a href=\"https:\/\/agora.xtec.cat\/escolaandersen\/wp-content\/uploads\/usu2380\/2024\/11\/Yellow-Post-it-Note-Class-Reminder-Classroom-Announcement.png\"><img loading=\"lazy\" decoding=\"async\" class=\"wp-image-2011 aligncenter\" src=\"https:\/\/agora.xtec.cat\/escolaandersen\/wp-content\/uploads\/usu2380\/2024\/11\/Yellow-Post-it-Note-Class-Reminder-Classroom-Announcement.png\" alt=\"\" width=\"566\" height=\"571\" \/><\/a><\/p>\n<p>&nbsp;<\/p>\n","protected":false},"excerpt":{"rendered":"<p><a href=\"https:\/\/agora.xtec.cat\/escolaandersen\/wp-content\/uploads\/usu2380\/2023\/11\/cap_afainforma-3.png\"><\/a><\/p>\n<ul>\n<li style=\"list-style-type: none;\">\n<ul>\n<li dir=\"ltr\" aria-level=\"2\">\n<a href=\"#seccio-1\">TORNA EL MERCAT DE LES 5R<\/a>&#8216;S\n<\/li>\n<li dir=\"ltr\" aria-level=\"2\">\n<a href=\"#seccio-2\">LOTERIA<\/a>\n<\/li>\n<li dir=\"ltr\" aria-level=\"2\">\n<a href=\"#seccio-3\">CARNESTOLTES DE LA CIUTAT <\/a>\n<\/li>\n<li dir=\"ltr\" aria-level=\"2\">\n<a href=\"#seccio-4\"> VALORACI\u00d3 CASTANYADA<\/a>\n<\/li>\n<li dir=\"ltr\" aria-level=\"2\">\n<a href=\"#seccio-5\">VALORACI\u00d3 ASSEMBLEA GENERAL<\/a>\n<\/li>\n<li dir=\"ltr\" aria-level=\"2\">\n<a href=\"#seccio-6\">AGENDA<\/a>\n<\/li>\n<\/ul>\n<\/li>\n<\/ul>\n<p><a id=\"seccio-1\"><\/a>TORNA EL MERCAT DE LES 5R&#8217;S<\/p>\n<p>El diumenge dia 1\u00a0de desembre\u00a0tindr\u00e0&hellip;  <a href=\"https:\/\/agora.xtec.cat\/escolaandersen\/afa\/afa-informa-45\/\" title=\"Read AFA informa 45\">Llegeix m\u00e9s\u00bb<\/a><\/p>\n","protected":false},"author":3,"featured_media":0,"comment_status":"open","ping_status":"closed","sticky":false,"template":"","format":"standard","meta":{"_bbp_topic_count":0,"_bbp_reply_count":0,"_bbp_total_topic_count":0,"_bbp_total_reply_count":0,"_bbp_voice_count":0,"_bbp_anonymous_reply_count":0,"_bbp_topic_count_hidden":0,"_bbp_reply_count_hidden":0,"_bbp_forum_subforum_count":0,"footnotes":""},"categories":[7],"tags":[],"class_list":["post-1989","post","type-post","status-publish","format-standard","hentry","category-afa"],"post_mailing_queue_ids":[],"_links":{"self":[{"href":"https:\/\/agora.xtec.cat\/escolaandersen\/wp-json\/wp\/v2\/posts\/1989","targetHints":{"allow":["GET"]}}],"collection":[{"href":"https:\/\/agora.xtec.cat\/escolaandersen\/wp-json\/wp\/v2\/posts"}],"about":[{"href":"https:\/\/agora.xtec.cat\/escolaandersen\/wp-json\/wp\/v2\/types\/post"}],"author":[{"embeddable":true,"href":"https:\/\/agora.xtec.cat\/escolaandersen\/wp-json\/wp\/v2\/users\/3"}],"replies":[{"embeddable":true,"href":"https:\/\/agora.xtec.cat\/escolaandersen\/wp-json\/wp\/v2\/comments?post=1989"}],"version-history":[{"count":6,"href":"https:\/\/agora.xtec.cat\/escolaandersen\/wp-json\/wp\/v2\/posts\/1989\/revisions"}],"predecessor-version":[{"id":2027,"href":"https:\/\/agora.xtec.cat\/escolaandersen\/wp-json\/wp\/v2\/posts\/1989\/revisions\/2027"}],"wp:attachment":[{"href":"https:\/\/agora.xtec.cat\/escolaandersen\/wp-json\/wp\/v2\/media?parent=1989"}],"wp:term":[{"taxonomy":"category","embeddable":true,"href":"https:\/\/agora.xtec.cat\/escolaandersen\/wp-json\/wp\/v2\/categories?post=1989"},{"taxonomy":"post_tag","embeddable":true,"href":"https:\/\/agora.xtec.cat\/escolaandersen\/wp-json\/wp\/v2\/tags?post=1989"}],"curies":[{"name":"wp","href":"https:\/\/api.w.org\/{rel}","templated":true}]}}