{"id":1975,"date":"2024-11-13T20:09:06","date_gmt":"2024-11-13T19:09:06","guid":{"rendered":"https:\/\/agora.xtec.cat\/escolaandersen\/?p=1975"},"modified":"2024-11-13T20:09:06","modified_gmt":"2024-11-13T19:09:06","slug":"formacio-sobre-el-trastorn-de-lespectre-autista-a-lescola","status":"publish","type":"post","link":"https:\/\/agora.xtec.cat\/escolaandersen\/general\/formacio-sobre-el-trastorn-de-lespectre-autista-a-lescola\/","title":{"rendered":"Formaci\u00f3 sobre el Trastorn de l&#8217;Espectre Autista a l&#8217;escola"},"content":{"rendered":"<p>Aquesta tarda l&#8217;equip docent de la nostra escola ha participat en una sessi\u00f3 formativa organitzada pel CRP d&#8217;Osona dedicada al Trastorn de l&#8217;Espectre Autista (TEA). Aquesta sessi\u00f3, que ha tingut lloc a les instal\u00b7lacions de la nostra escola, ha estat organitzada amb l\u2019objectiu de proporcionar als docents eines i estrat\u00e8gies per atendre millor les necessitats educatives i emocionals dels alumnes amb TEA.<\/p>\n<p>A m\u00e9s, aquesta formaci\u00f3 s\u2019ha obert a altres centres educatius, fet que ha enriquit l&#8217;experi\u00e8ncia amb la participaci\u00f3 i intercanvi de coneixements entre professionals de diverses escoles. Estem molt satisfetes amb aquesta col\u00b7laboraci\u00f3, ja que creiem fermament que el treball conjunt i la formaci\u00f3 cont\u00ednua s\u00f3n clau per a la millora de la qualitat educativa.<\/p>\n<p><a href=\"https:\/\/agora.xtec.cat\/escolaandersen\/wp-content\/uploads\/usu2380\/2024\/11\/WhatsApp-Image-2024-11-13-at-19.24.18.jpeg\"><img loading=\"lazy\" decoding=\"async\" class=\"wp-image-1978 aligncenter\" src=\"https:\/\/agora.xtec.cat\/escolaandersen\/wp-content\/uploads\/usu2380\/2024\/11\/WhatsApp-Image-2024-11-13-at-19.24.18-768x1024.jpeg\" alt=\"\" width=\"677\" height=\"903\" srcset=\"https:\/\/agora.xtec.cat\/escolaandersen\/wp-content\/uploads\/usu2380\/2024\/11\/WhatsApp-Image-2024-11-13-at-19.24.18-768x1024.jpeg 768w, https:\/\/agora.xtec.cat\/escolaandersen\/wp-content\/uploads\/usu2380\/2024\/11\/WhatsApp-Image-2024-11-13-at-19.24.18-225x300.jpeg 225w, https:\/\/agora.xtec.cat\/escolaandersen\/wp-content\/uploads\/usu2380\/2024\/11\/WhatsApp-Image-2024-11-13-at-19.24.18-1152x1536.jpeg 1152w, https:\/\/agora.xtec.cat\/escolaandersen\/wp-content\/uploads\/usu2380\/2024\/11\/WhatsApp-Image-2024-11-13-at-19.24.18.jpeg 1500w\" sizes=\"auto, (max-width: 677px) 100vw, 677px\" \/><\/a><\/p>\n<p>&nbsp;<\/p>\n","protected":false},"excerpt":{"rendered":"<p>Aquesta tarda l&#8217;equip docent de la nostra escola ha participat en una sessi\u00f3 formativa organitzada pel CRP d&#8217;Osona dedicada al Trastorn de l&#8217;Espectre Autista (TEA). Aquesta sessi\u00f3, que ha tingut lloc a les instal\u00b7lacions de la nostra escola, ha estat organitzada amb l\u2019objectiu de proporcionar&hellip;  <a href=\"https:\/\/agora.xtec.cat\/escolaandersen\/general\/formacio-sobre-el-trastorn-de-lespectre-autista-a-lescola\/\" title=\"Read Formaci\u00f3 sobre el Trastorn de l&#8217;Espectre Autista a l&#8217;escola\">Llegeix m\u00e9s\u00bb<\/a><\/p>\n","protected":false},"author":4,"featured_media":0,"comment_status":"open","ping_status":"closed","sticky":false,"template":"","format":"standard","meta":{"_bbp_topic_count":0,"_bbp_reply_count":0,"_bbp_total_topic_count":0,"_bbp_total_reply_count":0,"_bbp_voice_count":0,"_bbp_anonymous_reply_count":0,"_bbp_topic_count_hidden":0,"_bbp_reply_count_hidden":0,"_bbp_forum_subforum_count":0,"footnotes":""},"categories":[1,4],"tags":[],"class_list":["post-1975","post","type-post","status-publish","format-standard","hentry","category-general","category-portada"],"post_mailing_queue_ids":[],"_links":{"self":[{"href":"https:\/\/agora.xtec.cat\/escolaandersen\/wp-json\/wp\/v2\/posts\/1975","targetHints":{"allow":["GET"]}}],"collection":[{"href":"https:\/\/agora.xtec.cat\/escolaandersen\/wp-json\/wp\/v2\/posts"}],"about":[{"href":"https:\/\/agora.xtec.cat\/escolaandersen\/wp-json\/wp\/v2\/types\/post"}],"author":[{"embeddable":true,"href":"https:\/\/agora.xtec.cat\/escolaandersen\/wp-json\/wp\/v2\/users\/4"}],"replies":[{"embeddable":true,"href":"https:\/\/agora.xtec.cat\/escolaandersen\/wp-json\/wp\/v2\/comments?post=1975"}],"version-history":[{"count":5,"href":"https:\/\/agora.xtec.cat\/escolaandersen\/wp-json\/wp\/v2\/posts\/1975\/revisions"}],"predecessor-version":[{"id":1981,"href":"https:\/\/agora.xtec.cat\/escolaandersen\/wp-json\/wp\/v2\/posts\/1975\/revisions\/1981"}],"wp:attachment":[{"href":"https:\/\/agora.xtec.cat\/escolaandersen\/wp-json\/wp\/v2\/media?parent=1975"}],"wp:term":[{"taxonomy":"category","embeddable":true,"href":"https:\/\/agora.xtec.cat\/escolaandersen\/wp-json\/wp\/v2\/categories?post=1975"},{"taxonomy":"post_tag","embeddable":true,"href":"https:\/\/agora.xtec.cat\/escolaandersen\/wp-json\/wp\/v2\/tags?post=1975"}],"curies":[{"name":"wp","href":"https:\/\/api.w.org\/{rel}","templated":true}]}}