{"id":1968,"date":"2024-11-15T11:06:13","date_gmt":"2024-11-15T10:06:13","guid":{"rendered":"https:\/\/agora.xtec.cat\/escolaandersen\/?p=1968"},"modified":"2024-11-15T11:06:13","modified_gmt":"2024-11-15T10:06:13","slug":"comiat-amadeu-bosch","status":"publish","type":"post","link":"https:\/\/agora.xtec.cat\/escolaandersen\/general\/comiat-amadeu-bosch\/","title":{"rendered":"Comiat Amadeu Bosch"},"content":{"rendered":"<p>Benvolgudes fam\u00edlies,<\/p>\n<p>Avui ha estat l&#8217;\u00faltim dia de l&#8217;Amadeu com a conserge de l&#8217;escola, ja que comen\u00e7a una nova etapa professional. Despr\u00e9s de tants anys compartits amb tots nosaltres, volem agrair-li la dedicaci\u00f3, el comprom\u00eds i l&#8217;afecte amb qu\u00e8 ha cuidat cada rac\u00f3 de l\u2019escola i, sobretot, la proximitat i amabilitat amb qu\u00e8 ha tractat cada infant, fam\u00edlia i equip docent.<\/p>\n<p>Ha estat una figura clau en el dia a dia del nostre centre, contribuint a fer de l&#8217;escola un espai m\u00e9s acollidor i segur. Sabem que trobar\u00e0 nous reptes i oportunitats en aquesta nova fase, per\u00f2 no vol\u00edem deixar passar l&#8217;oportunitat de recon\u00e8ixer tot el que ens ha aportat.<\/p>\n<p>Des d\u2019aqu\u00ed, li desitgem el millor en el nou cam\u00ed que inicia avui i ens fa il\u00b7lusi\u00f3 compartir amb vosaltres les paraules que els infants li han dedicat aquest mat\u00ed.<\/p>\n<p>Moltes gr\u00e0cies per tot, l&#8217;Andersen sempre ser\u00e0 casa teva.<\/p>\n<p><a href=\"https:\/\/agora.xtec.cat\/escolaandersen\/wp-content\/uploads\/usu2380\/2024\/11\/2-2.png\"><img loading=\"lazy\" decoding=\"async\" class=\"alignnone size-large wp-image-1973\" src=\"https:\/\/agora.xtec.cat\/escolaandersen\/wp-content\/uploads\/usu2380\/2024\/11\/2-2-724x1024.png\" alt=\"\" width=\"724\" height=\"1024\" srcset=\"https:\/\/agora.xtec.cat\/escolaandersen\/wp-content\/uploads\/usu2380\/2024\/11\/2-2-724x1024.png 724w, https:\/\/agora.xtec.cat\/escolaandersen\/wp-content\/uploads\/usu2380\/2024\/11\/2-2-212x300.png 212w, https:\/\/agora.xtec.cat\/escolaandersen\/wp-content\/uploads\/usu2380\/2024\/11\/2-2-768x1086.png 768w, https:\/\/agora.xtec.cat\/escolaandersen\/wp-content\/uploads\/usu2380\/2024\/11\/2-2-1086x1536.png 1086w, https:\/\/agora.xtec.cat\/escolaandersen\/wp-content\/uploads\/usu2380\/2024\/11\/2-2.png 1414w\" sizes=\"auto, (max-width: 724px) 100vw, 724px\" \/><\/a><\/p>\n<p><a href=\"https:\/\/agora.xtec.cat\/escolaandersen\/wp-content\/uploads\/usu2380\/2024\/11\/WhatsApp-Image-2024-11-15-at-10.23.14-1-1.jpeg\"><img loading=\"lazy\" decoding=\"async\" class=\"alignnone size-large wp-image-1986\" src=\"https:\/\/agora.xtec.cat\/escolaandersen\/wp-content\/uploads\/usu2380\/2024\/11\/WhatsApp-Image-2024-11-15-at-10.23.14-1-1-723x1024.jpeg\" alt=\"\" width=\"723\" height=\"1024\" srcset=\"https:\/\/agora.xtec.cat\/escolaandersen\/wp-content\/uploads\/usu2380\/2024\/11\/WhatsApp-Image-2024-11-15-at-10.23.14-1-1-723x1024.jpeg 723w, https:\/\/agora.xtec.cat\/escolaandersen\/wp-content\/uploads\/usu2380\/2024\/11\/WhatsApp-Image-2024-11-15-at-10.23.14-1-1-212x300.jpeg 212w, https:\/\/agora.xtec.cat\/escolaandersen\/wp-content\/uploads\/usu2380\/2024\/11\/WhatsApp-Image-2024-11-15-at-10.23.14-1-1-768x1088.jpeg 768w, https:\/\/agora.xtec.cat\/escolaandersen\/wp-content\/uploads\/usu2380\/2024\/11\/WhatsApp-Image-2024-11-15-at-10.23.14-1-1-1084x1536.jpeg 1084w, https:\/\/agora.xtec.cat\/escolaandersen\/wp-content\/uploads\/usu2380\/2024\/11\/WhatsApp-Image-2024-11-15-at-10.23.14-1-1.jpeg 1445w\" sizes=\"auto, (max-width: 723px) 100vw, 723px\" \/><\/a><\/p>\n","protected":false},"excerpt":{"rendered":"<p>Benvolgudes fam\u00edlies,<br \/>\nAvui ha estat l&#8217;\u00faltim dia de l&#8217;Amadeu com a conserge de l&#8217;escola, ja que comen\u00e7a una nova etapa professional. Despr\u00e9s de tants anys compartits amb tots nosaltres, volem agrair-li la dedicaci\u00f3, el comprom\u00eds i l&#8217;afecte amb qu\u00e8 ha cuidat cada rac\u00f3 de l\u2019escola i,&hellip;  <a href=\"https:\/\/agora.xtec.cat\/escolaandersen\/general\/comiat-amadeu-bosch\/\" title=\"Read Comiat Amadeu Bosch\">Llegeix m\u00e9s\u00bb<\/a><\/p>\n","protected":false},"author":4,"featured_media":0,"comment_status":"open","ping_status":"closed","sticky":false,"template":"","format":"standard","meta":{"_bbp_topic_count":0,"_bbp_reply_count":0,"_bbp_total_topic_count":0,"_bbp_total_reply_count":0,"_bbp_voice_count":0,"_bbp_anonymous_reply_count":0,"_bbp_topic_count_hidden":0,"_bbp_reply_count_hidden":0,"_bbp_forum_subforum_count":0,"footnotes":""},"categories":[1,4],"tags":[],"class_list":["post-1968","post","type-post","status-publish","format-standard","hentry","category-general","category-portada"],"post_mailing_queue_ids":[],"_links":{"self":[{"href":"https:\/\/agora.xtec.cat\/escolaandersen\/wp-json\/wp\/v2\/posts\/1968","targetHints":{"allow":["GET"]}}],"collection":[{"href":"https:\/\/agora.xtec.cat\/escolaandersen\/wp-json\/wp\/v2\/posts"}],"about":[{"href":"https:\/\/agora.xtec.cat\/escolaandersen\/wp-json\/wp\/v2\/types\/post"}],"author":[{"embeddable":true,"href":"https:\/\/agora.xtec.cat\/escolaandersen\/wp-json\/wp\/v2\/users\/4"}],"replies":[{"embeddable":true,"href":"https:\/\/agora.xtec.cat\/escolaandersen\/wp-json\/wp\/v2\/comments?post=1968"}],"version-history":[{"count":4,"href":"https:\/\/agora.xtec.cat\/escolaandersen\/wp-json\/wp\/v2\/posts\/1968\/revisions"}],"predecessor-version":[{"id":1988,"href":"https:\/\/agora.xtec.cat\/escolaandersen\/wp-json\/wp\/v2\/posts\/1968\/revisions\/1988"}],"wp:attachment":[{"href":"https:\/\/agora.xtec.cat\/escolaandersen\/wp-json\/wp\/v2\/media?parent=1968"}],"wp:term":[{"taxonomy":"category","embeddable":true,"href":"https:\/\/agora.xtec.cat\/escolaandersen\/wp-json\/wp\/v2\/categories?post=1968"},{"taxonomy":"post_tag","embeddable":true,"href":"https:\/\/agora.xtec.cat\/escolaandersen\/wp-json\/wp\/v2\/tags?post=1968"}],"curies":[{"name":"wp","href":"https:\/\/api.w.org\/{rel}","templated":true}]}}