{"id":1952,"date":"2024-11-06T15:42:36","date_gmt":"2024-11-06T14:42:36","guid":{"rendered":"https:\/\/agora.xtec.cat\/escolaandersen\/?p=1952"},"modified":"2024-11-06T15:50:26","modified_gmt":"2024-11-06T14:50:26","slug":"parlem-i-compartim","status":"publish","type":"post","link":"https:\/\/agora.xtec.cat\/escolaandersen\/portada\/parlem-i-compartim\/","title":{"rendered":"Parlem i compartim"},"content":{"rendered":"<p>Benvolgudes fam\u00edlies,<\/p>\n<p>Us convidem a participar en les sessions<strong> <em>Parlem i compartim<\/em>\u00a0<\/strong> que es duran a terme <strong>els dimarts a partir del 12 de novembre de 15:15h a 16:15h<\/strong> <strong>a l&#8217;aula de ci\u00e8ncies<\/strong>. Est\u00e0 adre\u00e7ada a totes les fam\u00edlies i es compartiran diferents temes com el vincle, les emocions o la resoluci\u00f3 de problemes.<\/p>\n<p>Us hi esperem!<\/p>\n<p>&nbsp;<\/p>\n<p><iframe loading=\"lazy\" title=\"YouTube video player\" src=\"https:\/\/drive.google.com\/file\/d\/1DRxw8DRSPaZ4dWnapuoVJT01NMmWlNfH\/preview?usp=drive_link\" width=\"760\" height=\"515\" frameborder=\"0\" allowfullscreen=\"allowfullscreen\"><span data-mce-type=\"bookmark\" style=\"display: inline-block; width: 0px; overflow: hidden; line-height: 0;\" class=\"mce_SELRES_start\">\ufeff<\/span><span data-mce-type=\"bookmark\" style=\"display: inline-block; width: 0px; overflow: hidden; line-height: 0;\" class=\"mce_SELRES_start\">\ufeff<\/span><span data-mce-type=\"bookmark\" style=\"display: inline-block; width: 0px; overflow: hidden; line-height: 0;\" class=\"mce_SELRES_start\">\ufeff<\/span><span data-mce-type=\"bookmark\" style=\"display: inline-block; width: 0px; overflow: hidden; line-height: 0;\" class=\"mce_SELRES_start\">\ufeff<\/span><span data-mce-type=\"bookmark\" style=\"display: inline-block; width: 0px; overflow: hidden; line-height: 0;\" class=\"mce_SELRES_start\">\ufeff<\/span><\/iframe><\/p>\n","protected":false},"excerpt":{"rendered":"<p>Benvolgudes fam\u00edlies,<br \/>\nUs convidem a participar en les sessions Parlem i compartim\u00a0 que es duran a terme els dimarts a partir del 12 de novembre de 15:15h a 16:15h a l&#8217;aula de ci\u00e8ncies. Est\u00e0 adre\u00e7ada a totes les fam\u00edlies i es compartiran diferents temes com el&hellip;  <a href=\"https:\/\/agora.xtec.cat\/escolaandersen\/portada\/parlem-i-compartim\/\" title=\"Read Parlem i compartim\">Llegeix m\u00e9s\u00bb<\/a><\/p>\n","protected":false},"author":4,"featured_media":0,"comment_status":"open","ping_status":"closed","sticky":false,"template":"","format":"standard","meta":{"_bbp_topic_count":0,"_bbp_reply_count":0,"_bbp_total_topic_count":0,"_bbp_total_reply_count":0,"_bbp_voice_count":0,"_bbp_anonymous_reply_count":0,"_bbp_topic_count_hidden":0,"_bbp_reply_count_hidden":0,"_bbp_forum_subforum_count":0,"footnotes":""},"categories":[4],"tags":[],"class_list":["post-1952","post","type-post","status-publish","format-standard","hentry","category-portada"],"post_mailing_queue_ids":[],"_links":{"self":[{"href":"https:\/\/agora.xtec.cat\/escolaandersen\/wp-json\/wp\/v2\/posts\/1952","targetHints":{"allow":["GET"]}}],"collection":[{"href":"https:\/\/agora.xtec.cat\/escolaandersen\/wp-json\/wp\/v2\/posts"}],"about":[{"href":"https:\/\/agora.xtec.cat\/escolaandersen\/wp-json\/wp\/v2\/types\/post"}],"author":[{"embeddable":true,"href":"https:\/\/agora.xtec.cat\/escolaandersen\/wp-json\/wp\/v2\/users\/4"}],"replies":[{"embeddable":true,"href":"https:\/\/agora.xtec.cat\/escolaandersen\/wp-json\/wp\/v2\/comments?post=1952"}],"version-history":[{"count":3,"href":"https:\/\/agora.xtec.cat\/escolaandersen\/wp-json\/wp\/v2\/posts\/1952\/revisions"}],"predecessor-version":[{"id":1955,"href":"https:\/\/agora.xtec.cat\/escolaandersen\/wp-json\/wp\/v2\/posts\/1952\/revisions\/1955"}],"wp:attachment":[{"href":"https:\/\/agora.xtec.cat\/escolaandersen\/wp-json\/wp\/v2\/media?parent=1952"}],"wp:term":[{"taxonomy":"category","embeddable":true,"href":"https:\/\/agora.xtec.cat\/escolaandersen\/wp-json\/wp\/v2\/categories?post=1952"},{"taxonomy":"post_tag","embeddable":true,"href":"https:\/\/agora.xtec.cat\/escolaandersen\/wp-json\/wp\/v2\/tags?post=1952"}],"curies":[{"name":"wp","href":"https:\/\/api.w.org\/{rel}","templated":true}]}}