{"id":1943,"date":"2024-10-30T14:17:07","date_gmt":"2024-10-30T13:17:07","guid":{"rendered":"https:\/\/agora.xtec.cat\/escolaandersen\/?p=1943"},"modified":"2024-10-30T14:17:07","modified_gmt":"2024-10-30T13:17:07","slug":"sortida-de-tardor-cicle-inicial","status":"publish","type":"post","link":"https:\/\/agora.xtec.cat\/escolaandersen\/portada\/sortida-de-tardor-cicle-inicial\/","title":{"rendered":"SORTIDA DE TARDOR CICLE INICIAL"},"content":{"rendered":"<p>El passat <strong>dimecres 23 d&#8217;octubre<\/strong> els nens i nenes de <strong>1r i 2n<\/strong> van fer una sortida a Saladeures (Santa Eug\u00e8nia) per celebrar l&#8217;arribada de la tardor.<\/p>\n<p><span style=\"font-family: inherit; font-size: 1em;\">Vam comen\u00e7ar el dia amb un bon esmorzar, i despr\u00e9s vam emprendre el cam\u00ed a peu fins al bosc. All\u00e0, els infants van explorar l&#8217;entorn natural i es van divertir construint cabanyes amb branques i fulles. Alguns nens i nenes van tenir una gran iniciativa i van ajudar a netejar el bosc, recollint brossa per cuidar aquest espai tan bonic. Tamb\u00e9 vam fer un joc d&#8217;animals: hav\u00edem de relacionar les fotos amb les petjades i els seus noms. Va ser una jornada plena d&#8217;aprenentatges i diversi\u00f3!<\/span><\/p>\n<p>Si voleu veure les fotos cliqueu <a href=\"https:\/\/drive.google.com\/drive\/folders\/1u-l39EYhHT_GWzp-OO97TdkTMb0kzks9?usp=sharing\">aqu\u00ed.<\/a><\/p>\n<p>Equip de mestres de CI \ud83d\ude42<\/p>\n<div class=\"mb-2 flex gap-3 empty:hidden -ml-2\">\n<div class=\"items-center justify-start rounded-xl p-1 flex\">\n<div class=\"flex items-center\">\n<div class=\"flex items-center pb-0\"><\/div>\n<\/div>\n<\/div>\n<\/div>\n","protected":false},"excerpt":{"rendered":"<p>El passat dimecres 23 d&#8217;octubre els nens i nenes de 1r i 2n van fer una sortida a Saladeures (Santa Eug\u00e8nia) per celebrar l&#8217;arribada de la tardor.<br \/>\nVam comen\u00e7ar el dia amb un bon esmorzar, i despr\u00e9s vam emprendre el cam\u00ed a peu fins al bosc.&hellip;  <a href=\"https:\/\/agora.xtec.cat\/escolaandersen\/portada\/sortida-de-tardor-cicle-inicial\/\" title=\"Read SORTIDA DE TARDOR CICLE INICIAL\">Llegeix m\u00e9s\u00bb<\/a><\/p>\n","protected":false},"author":6,"featured_media":0,"comment_status":"open","ping_status":"closed","sticky":false,"template":"","format":"standard","meta":{"_bbp_topic_count":0,"_bbp_reply_count":0,"_bbp_total_topic_count":0,"_bbp_total_reply_count":0,"_bbp_voice_count":0,"_bbp_anonymous_reply_count":0,"_bbp_topic_count_hidden":0,"_bbp_reply_count_hidden":0,"_bbp_forum_subforum_count":0,"footnotes":""},"categories":[134,4],"tags":[],"class_list":["post-1943","post","type-post","status-publish","format-standard","hentry","category-cicle-inicial","category-portada"],"post_mailing_queue_ids":[],"_links":{"self":[{"href":"https:\/\/agora.xtec.cat\/escolaandersen\/wp-json\/wp\/v2\/posts\/1943","targetHints":{"allow":["GET"]}}],"collection":[{"href":"https:\/\/agora.xtec.cat\/escolaandersen\/wp-json\/wp\/v2\/posts"}],"about":[{"href":"https:\/\/agora.xtec.cat\/escolaandersen\/wp-json\/wp\/v2\/types\/post"}],"author":[{"embeddable":true,"href":"https:\/\/agora.xtec.cat\/escolaandersen\/wp-json\/wp\/v2\/users\/6"}],"replies":[{"embeddable":true,"href":"https:\/\/agora.xtec.cat\/escolaandersen\/wp-json\/wp\/v2\/comments?post=1943"}],"version-history":[{"count":1,"href":"https:\/\/agora.xtec.cat\/escolaandersen\/wp-json\/wp\/v2\/posts\/1943\/revisions"}],"predecessor-version":[{"id":1944,"href":"https:\/\/agora.xtec.cat\/escolaandersen\/wp-json\/wp\/v2\/posts\/1943\/revisions\/1944"}],"wp:attachment":[{"href":"https:\/\/agora.xtec.cat\/escolaandersen\/wp-json\/wp\/v2\/media?parent=1943"}],"wp:term":[{"taxonomy":"category","embeddable":true,"href":"https:\/\/agora.xtec.cat\/escolaandersen\/wp-json\/wp\/v2\/categories?post=1943"},{"taxonomy":"post_tag","embeddable":true,"href":"https:\/\/agora.xtec.cat\/escolaandersen\/wp-json\/wp\/v2\/tags?post=1943"}],"curies":[{"name":"wp","href":"https:\/\/api.w.org\/{rel}","templated":true}]}}