{"id":1851,"date":"2024-10-09T09:41:05","date_gmt":"2024-10-09T07:41:05","guid":{"rendered":"https:\/\/agora.xtec.cat\/escolaandersen\/?p=1851"},"modified":"2024-10-09T09:41:05","modified_gmt":"2024-10-09T07:41:05","slug":"afa-informa-44","status":"publish","type":"post","link":"https:\/\/agora.xtec.cat\/escolaandersen\/afa\/afa-informa-44\/","title":{"rendered":"AFA informa 44"},"content":{"rendered":"<p><a href=\"https:\/\/agora.xtec.cat\/escolaandersen\/wp-content\/uploads\/usu2380\/2023\/11\/cap_afainforma.png\"><img loading=\"lazy\" decoding=\"async\" class=\"alignnone size-full wp-image-904\" src=\"https:\/\/agora.xtec.cat\/escolaandersen\/wp-content\/uploads\/usu2380\/2023\/11\/cap_afainforma.png\" alt=\"\" width=\"1280\" height=\"222\" srcset=\"https:\/\/agora.xtec.cat\/escolaandersen\/wp-content\/uploads\/usu2380\/2023\/11\/cap_afainforma.png 1280w, https:\/\/agora.xtec.cat\/escolaandersen\/wp-content\/uploads\/usu2380\/2023\/11\/cap_afainforma-300x52.png 300w, https:\/\/agora.xtec.cat\/escolaandersen\/wp-content\/uploads\/usu2380\/2023\/11\/cap_afainforma-1024x178.png 1024w, https:\/\/agora.xtec.cat\/escolaandersen\/wp-content\/uploads\/usu2380\/2023\/11\/cap_afainforma-768x133.png 768w\" sizes=\"auto, (max-width: 1280px) 100vw, 1280px\" \/><\/a><\/p>\n<ul>\n<li dir=\"ltr\" aria-level=\"2\">\n<p dir=\"ltr\" role=\"presentation\"><a href=\"#seccio-1\">BENVINGUDA DEL CURS<\/a><\/p>\n<\/li>\n<li dir=\"ltr\" aria-level=\"2\">\n<p dir=\"ltr\" role=\"presentation\"><a href=\"#seccio-2\">ACCI\u00d3 CARRIL BICI<\/a><\/p>\n<\/li>\n<li dir=\"ltr\" aria-level=\"2\">\n<p dir=\"ltr\" role=\"presentation\"><a href=\"#seccio-3\">ASSEMBLEA GENERAL AFA <\/a><\/p>\n<\/li>\n<li dir=\"ltr\" aria-level=\"2\">\n<p dir=\"ltr\" role=\"presentation\"><a href=\"#seccio-4\"> EXTRAESCOLARS<\/a><\/p>\n<\/li>\n<li dir=\"ltr\" aria-level=\"2\">\n<p dir=\"ltr\" role=\"presentation\"><a href=\"#seccio-5\">AGENDA<\/a><\/p>\n<\/li>\n<\/ul>\n<h1 dir=\"ltr\"><a id=\"seccio-1\"><\/a>BENVINGUDA DEL CURS<\/h1>\n<p>Benvolgudes fam\u00edlies, des de la junta de l&#8217;AFA us volem donar la benvinguda al nou curs escolar 2024-25. Com cada any, iniciem un nou curs amb ganes i il\u00b7lusi\u00f3. Des de l&#8217;AFA, seguirem treballant per la cohesi\u00f3 i bon ambient de tota la comunitat. Us anirem informant de totes les festes, ja tradicionals, i noves accions que anem organitzant al llarg del curs.<\/p>\n<p>Pels que sou nous a la nostra escola, sigueu molt benvinguts! Pels que ja formem part de la comunitat des fa m\u00e9s temps, contents de retrobar-nos tots plegats! Bon curs a tothom!<\/p>\n<p>&nbsp;<\/p>\n<h1 dir=\"ltr\"><a id=\"seccio-2\"><\/a>ACCI\u00d3 CARRIL BICI<\/h1>\n<p>El passat 4 d\u2019octubre va tenir lloc la <strong>manifestaci\u00f3 per reclamar que l\u2019Ajuntament de Vic reprengui el projecte del carril bici<\/strong> que discorre per l\u2019Avinguda Ol\u00edmpia des del Mil\u00b7lenari fins l\u2019Escola. Agra\u00efm la col\u00b7laboraci\u00f3 de totes les fam\u00edlies que v\u00e0reu sumar-vos a la causa. Gr\u00e0cies a vosaltres v\u00e0rem poder encerclar el Mil\u00b7lenari amb m\u00e9s d\u2019un centenar de bicis tot simbolitzant un nou carril bici que garanteixi la seguretat de tota la canalla i fam\u00edlies que vulguin accedir a l\u2019escola en bicicleta. Com a AFA seguirem treballant perqu\u00e8 el projecte surti del calaix i es faci realitat.<\/p>\n<p>Not\u00edcies vinculades:<\/p>\n<p><a href=\"https:\/\/el9nou.cat\/osona-ripolles\/actualitat\/mes-dun-centenar-de-persones-a-la-manifestacio-pel-carril-bici-de-lavinguda-olimpia-de-vic\/\">https:\/\/el9nou.cat\/osona-ripolles\/actualitat\/mes-dun-centenar-de-persones-a-la-manifestacio-pel-carril-bici-de-lavinguda-olimpia-de-vic\/<\/a><\/p>\n<p><a href=\"https:\/\/naciodigital.cat\/osona\/societat\/mobilitzacio-vic-perque-carril-bici-ha-enllacar-millenari-zona-esportiva-passi-on-toca_2020997_102.html\">https:\/\/naciodigital.cat\/osona\/societat\/mobilitzacio-vic-perque-carril-bici-ha-enllacar-millenari-zona-esportiva-passi-on-toca_2020997_102.html<\/a><\/p>\n<p><a href=\"https:\/\/www.elsetembre.cat\/noticia\/1619\/accio-contra-marxa-enrere-ajuntament-vic-amb-carril-bici-eix-millenari-sagrada-familia-av-olimpia\">https:\/\/www.elsetembre.cat\/noticia\/1619\/accio-contra-marxa-enrere-ajuntament-vic-amb-carril-bici-eix-millenari-sagrada-familia-av-olimpia<\/a><\/p>\n<h1 dir=\"ltr\"><a id=\"seccio-3\"><\/a>ASSEMBLEA GENERAL AFA<\/h1>\n<p>Aquest mes es convocar\u00e0 l\u2019<strong>Assamblea General de l\u2019AFA<\/strong>, que tindr\u00e0 lloc el proper dia <strong>30 d\u2019octubre de 2024 a les 21h al menjador de l\u2019Escola<\/strong>. Agrair\u00edem la m\u00e0xima participaci\u00f3, doncs a l\u2019Assamblea \u00e9s on s\u2019aproven els comptes anuals de l\u2019any passat i el pressupost per al proper any, aix\u00ed com tamb\u00e9 s\u2019aprova la mem\u00f2ria de l\u2019any passat i el pla anual per aquest, documents de vital import\u00e0ncia i que marquen el tarann\u00e0 de l\u2019associaci\u00f3.<br \/>\nA l\u2019Andersen tenim la sort de tenir una AFA molt activa i amb gran participaci\u00f3 de les fam\u00edlies a les festes que organitzem i aix\u00f2 \u00e9s gr\u00e0cies a la feina que es fa des de les diferents comissions de l\u2019AFA i la implicaci\u00f3 de molts voluntaris. Per aix\u00f2, cal donar-hi suport i refor\u00e7ar amb la vostra pres\u00e8ncia que estem anant en la direcci\u00f3 correcta.<br \/>\nVeniu a dir-hi la vostra, participeu, voteu i formeu part de l\u2019AFA de l\u2019Andersen.<\/p>\n<p>&nbsp;<\/p>\n<h1 dir=\"ltr\"><a id=\"seccio-4\"><\/a>EXTRAESCOLARS<\/h1>\n<p>Les activitats extraescolars de l\u2019Andersen estan en marxa! Hem iniciat el curs amb 68 alumnes inscrits a alguna de les set disciplines que s\u2019ofereixen: <strong>Dansa, futbol, Surfskate, Judo, Teatre, Circ i Hoquei.<\/strong> <strong>Queden places disponibles<\/strong> i us oferim de nou la possibilitat de venir-ho a provar si us ve de gust! Comentar-vos que Handbol i Art en Angl\u00e8s al final no les hem pogut portar a terme, per\u00f2 seguirem treballant per oferir aquestes i noves activitats de cara al curs que ve.<\/p>\n<p>A tall de recordatori, <strong>no \u00e9s obligatori ser alumne\/a de l\u2019Andersen per participar en les activitats extraescolars de l\u2019Escola<\/strong>. Dins el projecte <em>Extraescolars Compartides<\/em>, actualment hi ha 2 infants d\u2019altres centres i estan a punt de comen\u00e7ar dos infants m\u00e9s a alguna extraescolar de la nostra escola. Us ho expliquem perqu\u00e8 si coneixeu alg\u00fa que li podria interessar venir a alguna activitat que ofereix l\u2019Andersen ens podeu escriure un correu electr\u00f2nic a: <strong>extraescolarsafa@andersen.ca<\/strong><\/p>\n<h1 dir=\"ltr\"><a id=\"seccio-5\"><\/a>AGENDA<\/h1>\n<p><a href=\"https:\/\/agora.xtec.cat\/escolaandersen\/wp-content\/uploads\/usu2380\/2024\/10\/Yellow-Post-it-Note-Class-Reminder-Classroom-Announcement-5-2.png\"><img loading=\"lazy\" decoding=\"async\" class=\"alignnone wp-image-1860\" src=\"https:\/\/agora.xtec.cat\/escolaandersen\/wp-content\/uploads\/usu2380\/2024\/10\/Yellow-Post-it-Note-Class-Reminder-Classroom-Announcement-5-2.png\" alt=\"\" width=\"558\" height=\"526\" \/><\/a><\/p>\n","protected":false},"excerpt":{"rendered":"<p><a href=\"https:\/\/agora.xtec.cat\/escolaandersen\/wp-content\/uploads\/usu2380\/2023\/11\/cap_afainforma.png\"><\/a><\/p>\n<ul>\n<li dir=\"ltr\" aria-level=\"2\">\n<a href=\"#seccio-1\">BENVINGUDA DEL CURS<\/a>\n<\/li>\n<li dir=\"ltr\" aria-level=\"2\">\n<a href=\"#seccio-2\">ACCI\u00d3 CARRIL BICI<\/a>\n<\/li>\n<li dir=\"ltr\" aria-level=\"2\">\n<a href=\"#seccio-3\">ASSEMBLEA GENERAL AFA <\/a>\n<\/li>\n<li dir=\"ltr\" aria-level=\"2\">\n<a href=\"#seccio-4\"> EXTRAESCOLARS<\/a>\n<\/li>\n<li dir=\"ltr\" aria-level=\"2\">\n<a href=\"#seccio-5\">AGENDA<\/a>\n<\/li>\n<\/ul>\n<p><a id=\"seccio-1\"><\/a>BENVINGUDA DEL CURS<br \/>\nBenvolgudes fam\u00edlies, des de la junta de l&#8217;AFA us volem donar la benvinguda al nou curs escolar 2024-25.&hellip;  <a href=\"https:\/\/agora.xtec.cat\/escolaandersen\/afa\/afa-informa-44\/\" title=\"Read AFA informa 44\">Llegeix m\u00e9s\u00bb<\/a><\/p>\n","protected":false},"author":3,"featured_media":0,"comment_status":"open","ping_status":"closed","sticky":false,"template":"","format":"standard","meta":{"_bbp_topic_count":0,"_bbp_reply_count":0,"_bbp_total_topic_count":0,"_bbp_total_reply_count":0,"_bbp_voice_count":0,"_bbp_anonymous_reply_count":0,"_bbp_topic_count_hidden":0,"_bbp_reply_count_hidden":0,"_bbp_forum_subforum_count":0,"footnotes":""},"categories":[7],"tags":[],"class_list":["post-1851","post","type-post","status-publish","format-standard","hentry","category-afa"],"post_mailing_queue_ids":[],"_links":{"self":[{"href":"https:\/\/agora.xtec.cat\/escolaandersen\/wp-json\/wp\/v2\/posts\/1851","targetHints":{"allow":["GET"]}}],"collection":[{"href":"https:\/\/agora.xtec.cat\/escolaandersen\/wp-json\/wp\/v2\/posts"}],"about":[{"href":"https:\/\/agora.xtec.cat\/escolaandersen\/wp-json\/wp\/v2\/types\/post"}],"author":[{"embeddable":true,"href":"https:\/\/agora.xtec.cat\/escolaandersen\/wp-json\/wp\/v2\/users\/3"}],"replies":[{"embeddable":true,"href":"https:\/\/agora.xtec.cat\/escolaandersen\/wp-json\/wp\/v2\/comments?post=1851"}],"version-history":[{"count":6,"href":"https:\/\/agora.xtec.cat\/escolaandersen\/wp-json\/wp\/v2\/posts\/1851\/revisions"}],"predecessor-version":[{"id":1889,"href":"https:\/\/agora.xtec.cat\/escolaandersen\/wp-json\/wp\/v2\/posts\/1851\/revisions\/1889"}],"wp:attachment":[{"href":"https:\/\/agora.xtec.cat\/escolaandersen\/wp-json\/wp\/v2\/media?parent=1851"}],"wp:term":[{"taxonomy":"category","embeddable":true,"href":"https:\/\/agora.xtec.cat\/escolaandersen\/wp-json\/wp\/v2\/categories?post=1851"},{"taxonomy":"post_tag","embeddable":true,"href":"https:\/\/agora.xtec.cat\/escolaandersen\/wp-json\/wp\/v2\/tags?post=1851"}],"curies":[{"name":"wp","href":"https:\/\/api.w.org\/{rel}","templated":true}]}}