{"id":1731,"date":"2024-07-03T07:23:36","date_gmt":"2024-07-03T05:23:36","guid":{"rendered":"https:\/\/agora.xtec.cat\/escolaandersen\/?p=1731"},"modified":"2024-07-03T07:25:41","modified_gmt":"2024-07-03T05:25:41","slug":"afa-informa-43","status":"publish","type":"post","link":"https:\/\/agora.xtec.cat\/escolaandersen\/afa\/afa-informa-43\/","title":{"rendered":"AFA informa 43"},"content":{"rendered":"<p><a href=\"https:\/\/agora.xtec.cat\/escolaandersen\/wp-content\/uploads\/usu2380\/2023\/11\/cap_afainforma.png\"><img loading=\"lazy\" decoding=\"async\" class=\"alignnone size-full wp-image-904\" src=\"https:\/\/agora.xtec.cat\/escolaandersen\/wp-content\/uploads\/usu2380\/2023\/11\/cap_afainforma.png\" alt=\"\" width=\"1280\" height=\"222\" srcset=\"https:\/\/agora.xtec.cat\/escolaandersen\/wp-content\/uploads\/usu2380\/2023\/11\/cap_afainforma.png 1280w, https:\/\/agora.xtec.cat\/escolaandersen\/wp-content\/uploads\/usu2380\/2023\/11\/cap_afainforma-300x52.png 300w, https:\/\/agora.xtec.cat\/escolaandersen\/wp-content\/uploads\/usu2380\/2023\/11\/cap_afainforma-1024x178.png 1024w, https:\/\/agora.xtec.cat\/escolaandersen\/wp-content\/uploads\/usu2380\/2023\/11\/cap_afainforma-768x133.png 768w\" sizes=\"auto, (max-width: 1280px) 100vw, 1280px\" \/><\/a><\/p>\n<ul>\n<li dir=\"ltr\" aria-level=\"2\">\n<p dir=\"ltr\" role=\"presentation\"><a href=\"#seccio-1\">VAL ESCOLAR<\/a><\/p>\n<\/li>\n<li dir=\"ltr\" aria-level=\"2\">\n<p dir=\"ltr\" role=\"presentation\"><a href=\"#seccio-2\">EXTRAESCOLARS CURS 2024-25 <\/a><\/p>\n<\/li>\n<li dir=\"ltr\" aria-level=\"2\">\n<p dir=\"ltr\" role=\"presentation\"><a href=\"#seccio-2\">AGENDES ESCOLARS 2024-25 <\/a><\/p>\n<\/li>\n<li dir=\"ltr\" aria-level=\"2\">\n<p dir=\"ltr\" role=\"presentation\"><a href=\"#seccio-4\"> FESTA MAJOR <\/a><\/p>\n<\/li>\n<li dir=\"ltr\" aria-level=\"2\">\n<p dir=\"ltr\" role=\"presentation\"><a href=\"#seccio-5\">BON ESTIU<\/a><\/p>\n<\/li>\n<\/ul>\n<h1 dir=\"ltr\"><a id=\"seccio-1\"><\/a>VAL ESCOLAR<\/h1>\n<p><a href=\"https:\/\/agora.xtec.cat\/escolaandersen\/wp-content\/uploads\/usu2380\/2024\/06\/Val-escolar.png\"><img loading=\"lazy\" decoding=\"async\" class=\"alignnone wp-image-1742\" src=\"https:\/\/agora.xtec.cat\/escolaandersen\/wp-content\/uploads\/usu2380\/2024\/06\/Val-escolar.png\" alt=\"\" width=\"185\" height=\"122\" srcset=\"https:\/\/agora.xtec.cat\/escolaandersen\/wp-content\/uploads\/usu2380\/2024\/06\/Val-escolar.png 1400w, https:\/\/agora.xtec.cat\/escolaandersen\/wp-content\/uploads\/usu2380\/2024\/06\/Val-escolar-300x198.png 300w, https:\/\/agora.xtec.cat\/escolaandersen\/wp-content\/uploads\/usu2380\/2024\/06\/Val-escolar-1024x677.png 1024w, https:\/\/agora.xtec.cat\/escolaandersen\/wp-content\/uploads\/usu2380\/2024\/06\/Val-escolar-768x507.png 768w\" sizes=\"auto, (max-width: 185px) 100vw, 185px\" \/><\/a><\/p>\n<p><b>A partir d\u2019aquest juliol <\/b><span style=\"font-weight: 400;\">rebrem <\/span><b>per correu postal<\/b><span style=\"font-weight: 400;\"> dos <\/span><b>VALS ESCOLARS<\/b><span style=\"font-weight: 400;\"> per valor de 30\u20ac. Per tant, en total, cada infant que durant el curs 2024-25 estigui realitzant prim\u00e0ria rebr\u00e0 <\/span><b>60\u20ac per la compra de material escolar.<\/b><\/p>\n<p><span style=\"font-weight: 400;\">Els vals s\u2019han de bescanviar <\/span><b>de forma presencial en els establiments comercials autoritzats<\/b><span style=\"font-weight: 400;\"> adherits a la campanya<\/span><b> fins al 30 de novembre de 2024.<\/b><\/p>\n<p><span style=\"font-weight: 400;\">Us informem que l<\/span><b>\u2019AFA Andersen som una entitat autoritzada per acceptar aquests VALS.\u00a0 <\/b><span style=\"font-weight: 400;\">Les fam\u00edlies que aix\u00ed ho desitgin podran utilitzar els vals <\/span><b>per pagar la part* de la quota de material del curs escolar 2024-25.\u00a0\u00a0<\/b><\/p>\n<p><b>ATENCI\u00d3!! <\/b><span style=\"font-weight: 400;\">Els vals s\u2019han d\u2019activar\u00a0 a trav\u00e9s de la plataforma <\/span><a href=\"http:\/\/valescolar.cat\"><span style=\"font-weight: 400;\">valescolar.cat<\/span><\/a><span style=\"font-weight: 400;\"> per poder-los utilitzar. Veureu que aquest any es poden cedir volunt\u00e0riament els vals als centres educatius per a fer una compra conjunta de material escolar. Aquesta opci\u00f3 <\/span><b>no <\/b><span style=\"font-weight: 400;\">\u00e9s v\u00e0lida per la nostra escola ja que, en el cas de l\u2019Andersen, <strong>\u00e9s l\u2019AFA qui fa la compra de material escolar.<\/strong>\u00a0<\/span><\/p>\n<p><span style=\"font-weight: 400;\">Al web<\/span><a href=\"https:\/\/www.valescolar.cat\/\"> <span style=\"font-weight: 400;\">valescolar.cat<\/span><\/a><span style=\"font-weight: 400;\"> trobareu tota la informaci\u00f3 sobre la iniciativa.<\/span><\/p>\n<p><span style=\"font-weight: 400;\">* A l\u2019octubre es girar\u00e0 100\u20ac de quota de material escolar 2024-25 o la part restant del valor dels vals escolars.<br \/>\n<\/span><\/p>\n<hr \/>\n<h1 dir=\"ltr\"><a id=\"seccio-2\"><\/a>EXTRAESCOLARS curs 2024-25<\/h1>\n<p>Ja tenim a punt la proposta d&#8217;activitats extraescolars pel curs que ve. L&#8217;objectiu de la comissi\u00f3 \u00e9s continuar amb la mateixa l\u00ednia, oferint activitats l\u00fadiques, esportives, din\u00e0miques i, sobretot, ben gestionades per cada un dels professionals. Aix\u00ed doncs, aquest curs vinent podreu gaudir de les mateixes activitats, per\u00f2 tamb\u00e9 n&#8217;hi haur\u00e0 tres de noves, que s\u00f3n Judo, Handbol i Teatre.<br \/>\nA continuaci\u00f3 us adjuntem el cartell informatiu i un enlla\u00e7 per tal que us hi pugueu anar inscrivint.<\/p>\n<div><a href=\"http:\/\/goog_1308218535\/\" target=\"_blank\" rel=\"noopener\" data-saferedirecturl=\"https:\/\/www.google.com\/url?q=http:\/\/goog_1308218535&amp;source=gmail&amp;ust=1719052275715000&amp;usg=AOvVaw0Ee6-ll2d1QTfWjROI2gID\">\u00a0<\/a><\/div>\n<div><a href=\"https:\/\/docs.google.com\/forms\/d\/e\/1FAIpQLSeXDHnzftdWeNP0BKLIEm1rnFTSv4iDAC6QTpbXtb6gvKlHcQ\/viewform?usp=sf_link\" target=\"_blank\" rel=\"noopener\" data-saferedirecturl=\"https:\/\/www.google.com\/url?q=https:\/\/docs.google.com\/forms\/d\/e\/1FAIpQLSeXDHnzftdWeNP0BKLIEm1rnFTSv4iDAC6QTpbXtb6gvKlHcQ\/viewform?usp%3Dsf_link&amp;source=gmail&amp;ust=1719052275715000&amp;usg=AOvVaw054AIFCVu6EfiQ5Okr-iHq\">https:\/\/docs.google.com\/forms\/<wbr \/>d\/e\/<wbr \/>1FAIpQLSeXDHnzftdWeNP0BKLIEm1r<wbr \/>nFTSv4iDAC6QTpbXtb6gvKlHcQ\/<wbr \/>viewform?usp=sf_link<\/a><\/div>\n<div style=\"padding-top: 25px;\"><a href=\"https:\/\/agora.xtec.cat\/escolaandersen\/wp-content\/uploads\/usu2380\/2024\/06\/WhatsApp-Image-2024-06-19-at-12.32.53-PM.jpeg\"><img loading=\"lazy\" decoding=\"async\" class=\"aligncenter wp-image-1744 size-large\" src=\"https:\/\/agora.xtec.cat\/escolaandersen\/wp-content\/uploads\/usu2380\/2024\/06\/WhatsApp-Image-2024-06-19-at-12.32.53-PM-724x1024.jpeg\" alt=\"\" width=\"724\" height=\"1024\" srcset=\"https:\/\/agora.xtec.cat\/escolaandersen\/wp-content\/uploads\/usu2380\/2024\/06\/WhatsApp-Image-2024-06-19-at-12.32.53-PM-724x1024.jpeg 724w, https:\/\/agora.xtec.cat\/escolaandersen\/wp-content\/uploads\/usu2380\/2024\/06\/WhatsApp-Image-2024-06-19-at-12.32.53-PM-212x300.jpeg 212w, https:\/\/agora.xtec.cat\/escolaandersen\/wp-content\/uploads\/usu2380\/2024\/06\/WhatsApp-Image-2024-06-19-at-12.32.53-PM-768x1086.jpeg 768w, https:\/\/agora.xtec.cat\/escolaandersen\/wp-content\/uploads\/usu2380\/2024\/06\/WhatsApp-Image-2024-06-19-at-12.32.53-PM-1086x1536.jpeg 1086w, https:\/\/agora.xtec.cat\/escolaandersen\/wp-content\/uploads\/usu2380\/2024\/06\/WhatsApp-Image-2024-06-19-at-12.32.53-PM.jpeg 1131w\" sizes=\"auto, (max-width: 724px) 100vw, 724px\" \/><\/a><\/div>\n<hr \/>\n<h1 dir=\"ltr\"><a id=\"seccio-3\"><\/a>AGENDES ESCOLARS<\/h1>\n<p>Durant la primera setmana de curs l&#8217;AFA vendr\u00e0 agendes escolars corporatives de l&#8217;escola pels alumnes de 3r fins a 6\u00e8. El preu de l&#8217;agenda ser\u00e0 de<strong> 3\u20ac. <\/strong>A l&#8217;inici de curs us informarem dels horaris de venta.<\/p>\n<hr \/>\n<h1 dir=\"ltr\"><a id=\"seccio-4\"><\/a>FESTA MAJOR<\/h1>\n<p>Acaba el curs\u2026<\/p>\n<p>Cada any, per aquestes dates, ens dirigim a vosaltres, les fam\u00edlies de l\u2019Escola, per tancar el curs i desitjar-nos bon estiu, despr\u00e9s d\u2019haver celebrat la Festa Major, acomiadant a les fam\u00edlies de 6\u00e8 que deixen l\u2019Escola, imaginant com ser\u00e0 l\u2019estiu, recordant les viv\u00e8ncies viscudes durant tots els mesos anteriors i esperant que el curs seg\u00fcent sigui millor, amb un bon retrobament de tots plegats despr\u00e9s de la llarga aturada estival.<\/p>\n<p>Formem part d\u2019una escola, de la seva comunitat educativa i d\u2019un projecte, el de l\u2019Andersen, que, entre moltes altres coses, ens fa VIURE l\u2019Escola en maj\u00fascules, tant a nosaltres com als nostres fills, compartint espais, experi\u00e8ncies, coneixements, tradicions, festes\u2026 com tant b\u00e9 ho van representar\u00a0 Bet Rosell i Meritxell Torrent al preg\u00f3 de la Festa Major.<\/p>\n<p>Valorem la Festa Major de manera positiva i negativa i farem la reflexi\u00f3 corresponent per intentar millorar-la el curs vinent, doncs la batucada va ser molt xula per\u00f2 va faltar alguna altra activitat per als infants i fam\u00edlies que no van participar-hi. D&#8217;altra banda, estem fent un treball intens per aconseguir rebaixar el preu del tiquet per fer-la m\u00e9s inclusiva i valorant altres f\u00f3rmules per no pagar tant per les taules i cadires que lloguem pel sopar.<\/p>\n<p>Es van vendre m\u00e9s de 400 tiquets i l&#8217;estesa de taules i cadires feia patxoca. Una festa major molt divertida amb un gran sopar, la venda de tiquets per la rifa pel sorteig dels regals i la mini disco posterior, que va acabar ben tard amb alguns troneres que no acabaven les ganes de ballar.<\/p>\n<p>Agra\u00efm molt\u00edssim als Amics de l&#8217;Andersen el servei de barra que van oferir, la brillant idea de la venda de gelats com a gran novetat d&#8217;aquest any i la sempre predisposici\u00f3 a col\u00b7laborar i participar en totes les activitats que els proposem. Els Amics de l&#8217;Andersen volen fer saber a la comunitat que la barra del bar de la Festa Major va aconseguir recaptar 634,31\u20ac, una molt bona xifra que es destinar\u00e0 a que els infants de fam\u00edlies m\u00e9s vulnerables puguin fer les mateixes sortides i activitats que la resta.<\/p>\n<p>Gr\u00e0cies a totes les fam\u00edlies i docents que v\u00e0reu venir i participar de la festa. Esperem que la gaud\u00edssiu molt.<\/p>\n<p>Si voleu tornar a reviure instants de la festa, aqu\u00ed us deixem <a href=\"https:\/\/drive.google.com\/drive\/folders\/1q6jpxShV9MjG23TLs1PiVC7a4371ojhB?usp=drive_link\">l&#8217;enlla\u00e7<\/a> a les fotografies.<\/p>\n<p>Bon estiu a tothom!!<\/p>\n<hr \/>\n<h1 dir=\"ltr\"><a id=\"seccio-5\"><\/a>BON ESTIU!<\/h1>\n<p><a href=\"https:\/\/agora.xtec.cat\/escolaandersen\/wp-content\/uploads\/usu2380\/2024\/06\/Captura-de-pantalla-2024-06-20-a-les-17.13.54-e1718896583306.png\"><img loading=\"lazy\" decoding=\"async\" class=\"wp-image-1737 aligncenter\" src=\"https:\/\/agora.xtec.cat\/escolaandersen\/wp-content\/uploads\/usu2380\/2024\/06\/Captura-de-pantalla-2024-06-20-a-les-17.13.54-e1718896583306.png\" alt=\"\" width=\"799\" height=\"560\" \/><\/a><\/p>\n<p>Quan s&#8217;acaba el curs ens acomiadem de moltes coses i de molta gent. Alguns els tornarem a veure el curs vinent, per\u00f2 d&#8217;altres ja no. Deixem enrere amics, mestres, coneguts, saludats&#8230; i companys. Alguns sense tenir la certesa de si els tornarem a veure o no. El company \u00e9s aquell amb qui comparteixes o vas compartir alguna cosa, tant se val quina, i creiem que es mereixen ser els protagonistes ara que acomiadem el curs.<\/p>\n<p>Un company t&#8217;acompanya i et fa companyia sempre, encara que sigui en el record. Un company no caduca mai, hi tenim un vincle etern d&#8217;estima i familiaritat perqu\u00e8 en algun moment ha format part d\u2019un cap\u00edtol de la nostra vida. Alguns companys s\u2019han convertit en amics o potser nom\u00e9s en un conegut saludat, per\u00f2 sempre hi haur\u00e0 una complicitat especial: vau ser companys.<\/p>\n<p>Un brindis per l\u2019estiu que comen\u00e7a i pels companys que hem gaudit durant aquest curs i tota l\u2019etapa de prim\u00e0ria! I un brindis, tamb\u00e9, per la nova etapa que es presenta!<\/p>\n<p>&nbsp;<\/p>\n<p>BON VIATGE COMPANYS&#8230;<\/p>\n<p>&nbsp;<\/p>\n<div><\/div>\n","protected":false},"excerpt":{"rendered":"<p><a href=\"https:\/\/agora.xtec.cat\/escolaandersen\/wp-content\/uploads\/usu2380\/2023\/11\/cap_afainforma.png\"><\/a><\/p>\n<ul>\n<li dir=\"ltr\" aria-level=\"2\">\n<a href=\"#seccio-1\">VAL ESCOLAR<\/a>\n<\/li>\n<li dir=\"ltr\" aria-level=\"2\">\n<a href=\"#seccio-2\">EXTRAESCOLARS CURS 2024-25 <\/a>\n<\/li>\n<li dir=\"ltr\" aria-level=\"2\">\n<a href=\"#seccio-2\">AGENDES ESCOLARS 2024-25 <\/a>\n<\/li>\n<li dir=\"ltr\" aria-level=\"2\">\n<a href=\"#seccio-4\"> FESTA MAJOR <\/a>\n<\/li>\n<li dir=\"ltr\" aria-level=\"2\">\n<a href=\"#seccio-5\">BON ESTIU<\/a>\n<\/li>\n<\/ul>\n<p><a id=\"seccio-1\"><\/a>VAL ESCOLAR<br \/>\n<a href=\"https:\/\/agora.xtec.cat\/escolaandersen\/wp-content\/uploads\/usu2380\/2024\/06\/Val-escolar.png\"><\/a><br \/>\nA partir d\u2019aquest juliol rebrem per correu postal dos VALS ESCOLARS per valor de 30\u20ac.&hellip;  <a href=\"https:\/\/agora.xtec.cat\/escolaandersen\/afa\/afa-informa-43\/\" title=\"Read AFA informa 43\">Llegeix m\u00e9s\u00bb<\/a><\/p>\n","protected":false},"author":3,"featured_media":0,"comment_status":"open","ping_status":"closed","sticky":false,"template":"","format":"standard","meta":{"_bbp_topic_count":0,"_bbp_reply_count":0,"_bbp_total_topic_count":0,"_bbp_total_reply_count":0,"_bbp_voice_count":0,"_bbp_anonymous_reply_count":0,"_bbp_topic_count_hidden":0,"_bbp_reply_count_hidden":0,"_bbp_forum_subforum_count":0,"footnotes":""},"categories":[7],"tags":[],"class_list":["post-1731","post","type-post","status-publish","format-standard","hentry","category-afa"],"post_mailing_queue_ids":[],"_links":{"self":[{"href":"https:\/\/agora.xtec.cat\/escolaandersen\/wp-json\/wp\/v2\/posts\/1731","targetHints":{"allow":["GET"]}}],"collection":[{"href":"https:\/\/agora.xtec.cat\/escolaandersen\/wp-json\/wp\/v2\/posts"}],"about":[{"href":"https:\/\/agora.xtec.cat\/escolaandersen\/wp-json\/wp\/v2\/types\/post"}],"author":[{"embeddable":true,"href":"https:\/\/agora.xtec.cat\/escolaandersen\/wp-json\/wp\/v2\/users\/3"}],"replies":[{"embeddable":true,"href":"https:\/\/agora.xtec.cat\/escolaandersen\/wp-json\/wp\/v2\/comments?post=1731"}],"version-history":[{"count":6,"href":"https:\/\/agora.xtec.cat\/escolaandersen\/wp-json\/wp\/v2\/posts\/1731\/revisions"}],"predecessor-version":[{"id":1772,"href":"https:\/\/agora.xtec.cat\/escolaandersen\/wp-json\/wp\/v2\/posts\/1731\/revisions\/1772"}],"wp:attachment":[{"href":"https:\/\/agora.xtec.cat\/escolaandersen\/wp-json\/wp\/v2\/media?parent=1731"}],"wp:term":[{"taxonomy":"category","embeddable":true,"href":"https:\/\/agora.xtec.cat\/escolaandersen\/wp-json\/wp\/v2\/categories?post=1731"},{"taxonomy":"post_tag","embeddable":true,"href":"https:\/\/agora.xtec.cat\/escolaandersen\/wp-json\/wp\/v2\/tags?post=1731"}],"curies":[{"name":"wp","href":"https:\/\/api.w.org\/{rel}","templated":true}]}}