{"id":1705,"date":"2024-05-31T10:50:05","date_gmt":"2024-05-31T08:50:05","guid":{"rendered":"https:\/\/agora.xtec.cat\/escolaandersen\/?p=1705"},"modified":"2024-05-31T10:51:05","modified_gmt":"2024-05-31T08:51:05","slug":"tastets-extraescolars","status":"publish","type":"post","link":"https:\/\/agora.xtec.cat\/escolaandersen\/general\/tastets-extraescolars\/","title":{"rendered":"Tastets extraescolars"},"content":{"rendered":"<p>Benvolgudes fam\u00edlies,<\/p>\n<p>Aquest dimecres i dijous s&#8217;han portat\u00a0 terme els tastets d&#8217;extraescolars en l&#8217;espai del migdia. L&#8217;objectiu dels tastets \u00e9s oferir la possibilitat de con\u00e8ixer les activitats extraescolars que es duran a terme el curs vinent: art en angl\u00e8s, dansa, hoquei, teatre, futbol en valors, surfskate, judo, handbol i circ.<\/p>\n<p>Com b\u00e9 sabeu la setmana vinent farem el tancament de les activitats d&#8217;extraescolars i tots hi esteu convidats!<\/p>\n<p>Aviat rebreu la proposta amb la programaci\u00f3 de l&#8217;oferta d&#8217;activitats d&#8217;extraescolars pel curs vinent.<\/p>\n<p>Us animem a participar-hi!!<\/p>\n<p><a href=\"https:\/\/agora.xtec.cat\/escolaandersen\/wp-content\/uploads\/usu2380\/2024\/05\/WhatsApp-Image-2024-05-31-at-10.48.55.jpeg\"><img loading=\"lazy\" decoding=\"async\" class=\"alignnone size-large wp-image-1707\" src=\"https:\/\/agora.xtec.cat\/escolaandersen\/wp-content\/uploads\/usu2380\/2024\/05\/WhatsApp-Image-2024-05-31-at-10.48.55-1024x768.jpeg\" alt=\"\" width=\"1024\" height=\"768\" srcset=\"https:\/\/agora.xtec.cat\/escolaandersen\/wp-content\/uploads\/usu2380\/2024\/05\/WhatsApp-Image-2024-05-31-at-10.48.55-1024x768.jpeg 1024w, https:\/\/agora.xtec.cat\/escolaandersen\/wp-content\/uploads\/usu2380\/2024\/05\/WhatsApp-Image-2024-05-31-at-10.48.55-300x225.jpeg 300w, https:\/\/agora.xtec.cat\/escolaandersen\/wp-content\/uploads\/usu2380\/2024\/05\/WhatsApp-Image-2024-05-31-at-10.48.55-768x576.jpeg 768w, https:\/\/agora.xtec.cat\/escolaandersen\/wp-content\/uploads\/usu2380\/2024\/05\/WhatsApp-Image-2024-05-31-at-10.48.55-1536x1152.jpeg 1536w, https:\/\/agora.xtec.cat\/escolaandersen\/wp-content\/uploads\/usu2380\/2024\/05\/WhatsApp-Image-2024-05-31-at-10.48.55-200x150.jpeg 200w, https:\/\/agora.xtec.cat\/escolaandersen\/wp-content\/uploads\/usu2380\/2024\/05\/WhatsApp-Image-2024-05-31-at-10.48.55.jpeg 1600w\" sizes=\"auto, (max-width: 1024px) 100vw, 1024px\" \/><\/a><\/p>\n<p>&nbsp;<\/p>\n","protected":false},"excerpt":{"rendered":"<p>Benvolgudes fam\u00edlies,<br \/>\nAquest dimecres i dijous s&#8217;han portat\u00a0 terme els tastets d&#8217;extraescolars en l&#8217;espai del migdia. L&#8217;objectiu dels tastets \u00e9s oferir la possibilitat de con\u00e8ixer les activitats extraescolars que es duran a terme el curs vinent: art en angl\u00e8s, dansa, hoquei, teatre, futbol en valors, surfskate,&hellip;  <a href=\"https:\/\/agora.xtec.cat\/escolaandersen\/general\/tastets-extraescolars\/\" title=\"Read Tastets extraescolars\">Llegeix m\u00e9s\u00bb<\/a><\/p>\n","protected":false},"author":4,"featured_media":0,"comment_status":"open","ping_status":"closed","sticky":false,"template":"","format":"standard","meta":{"_bbp_topic_count":0,"_bbp_reply_count":0,"_bbp_total_topic_count":0,"_bbp_total_reply_count":0,"_bbp_voice_count":0,"_bbp_anonymous_reply_count":0,"_bbp_topic_count_hidden":0,"_bbp_reply_count_hidden":0,"_bbp_forum_subforum_count":0,"footnotes":""},"categories":[1,4],"tags":[],"class_list":["post-1705","post","type-post","status-publish","format-standard","hentry","category-general","category-portada"],"post_mailing_queue_ids":[],"_links":{"self":[{"href":"https:\/\/agora.xtec.cat\/escolaandersen\/wp-json\/wp\/v2\/posts\/1705","targetHints":{"allow":["GET"]}}],"collection":[{"href":"https:\/\/agora.xtec.cat\/escolaandersen\/wp-json\/wp\/v2\/posts"}],"about":[{"href":"https:\/\/agora.xtec.cat\/escolaandersen\/wp-json\/wp\/v2\/types\/post"}],"author":[{"embeddable":true,"href":"https:\/\/agora.xtec.cat\/escolaandersen\/wp-json\/wp\/v2\/users\/4"}],"replies":[{"embeddable":true,"href":"https:\/\/agora.xtec.cat\/escolaandersen\/wp-json\/wp\/v2\/comments?post=1705"}],"version-history":[{"count":2,"href":"https:\/\/agora.xtec.cat\/escolaandersen\/wp-json\/wp\/v2\/posts\/1705\/revisions"}],"predecessor-version":[{"id":1708,"href":"https:\/\/agora.xtec.cat\/escolaandersen\/wp-json\/wp\/v2\/posts\/1705\/revisions\/1708"}],"wp:attachment":[{"href":"https:\/\/agora.xtec.cat\/escolaandersen\/wp-json\/wp\/v2\/media?parent=1705"}],"wp:term":[{"taxonomy":"category","embeddable":true,"href":"https:\/\/agora.xtec.cat\/escolaandersen\/wp-json\/wp\/v2\/categories?post=1705"},{"taxonomy":"post_tag","embeddable":true,"href":"https:\/\/agora.xtec.cat\/escolaandersen\/wp-json\/wp\/v2\/tags?post=1705"}],"curies":[{"name":"wp","href":"https:\/\/api.w.org\/{rel}","templated":true}]}}