{"id":1617,"date":"2024-05-26T20:08:21","date_gmt":"2024-05-26T18:08:21","guid":{"rendered":"https:\/\/agora.xtec.cat\/escolaandersen\/?p=1617"},"modified":"2024-05-26T20:12:55","modified_gmt":"2024-05-26T18:12:55","slug":"cantania-el-naufragi","status":"publish","type":"post","link":"https:\/\/agora.xtec.cat\/escolaandersen\/general\/cantania-el-naufragi\/","title":{"rendered":"Cant\u00e0nia El naufragi"},"content":{"rendered":"<p>Aquesta tarda l&#8217;alumnat de 4t ha participat en la Cant\u00e0nia El Naufragi a l&#8217;Atl\u00e0ntida. Aquesta activitat participativa est\u00e0 dins del projecte d&#8217;innovaci\u00f3 araArt que compartim amb l&#8217;Escola de M\u00fasica de Vic.<\/p>\n<p>Els nostres alumnes es disposen a fer un viatge de final de curs amb un enorme creuer. Els dos protagonistes de l&#8217;obra, en Biel i la Martina, guiaran el nostre viatge abans i despr\u00e9s del naufragi. Despr\u00e9s d&#8217;una gran tempesta se n&#8217;adonen que l&#8217;\u00fanica manera de fer les coses \u00e9s fer-les b\u00e9 i que l&#8217;ecologia i el respecte pel planeta \u00e9s la millor soluci\u00f3.<\/p>\n<p>Enhorabona per l&#8217;espectacle i gr\u00e0cies a tot l&#8217;equip que ho heu fet possible!<\/p>\n<p><a href=\"https:\/\/agora.xtec.cat\/escolaandersen\/wp-content\/uploads\/usu2380\/2024\/05\/WhatsApp-Image-2024-05-26-at-19.50.32-7-2.jpeg\"><img loading=\"lazy\" decoding=\"async\" class=\"alignnone size-large wp-image-1624\" src=\"https:\/\/agora.xtec.cat\/escolaandersen\/wp-content\/uploads\/usu2380\/2024\/05\/WhatsApp-Image-2024-05-26-at-19.50.32-7-2-1024x401.jpeg\" alt=\"\" width=\"1024\" height=\"401\" srcset=\"https:\/\/agora.xtec.cat\/escolaandersen\/wp-content\/uploads\/usu2380\/2024\/05\/WhatsApp-Image-2024-05-26-at-19.50.32-7-2-1024x401.jpeg 1024w, https:\/\/agora.xtec.cat\/escolaandersen\/wp-content\/uploads\/usu2380\/2024\/05\/WhatsApp-Image-2024-05-26-at-19.50.32-7-2-300x117.jpeg 300w, https:\/\/agora.xtec.cat\/escolaandersen\/wp-content\/uploads\/usu2380\/2024\/05\/WhatsApp-Image-2024-05-26-at-19.50.32-7-2-768x300.jpeg 768w, https:\/\/agora.xtec.cat\/escolaandersen\/wp-content\/uploads\/usu2380\/2024\/05\/WhatsApp-Image-2024-05-26-at-19.50.32-7-2-1536x601.jpeg 1536w, https:\/\/agora.xtec.cat\/escolaandersen\/wp-content\/uploads\/usu2380\/2024\/05\/WhatsApp-Image-2024-05-26-at-19.50.32-7-2.jpeg 1600w\" sizes=\"auto, (max-width: 1024px) 100vw, 1024px\" \/><\/a><\/p>\n<p><a href=\"https:\/\/drive.google.com\/drive\/folders\/1TKaLQEUwNa3u5C36wTpV4FJY5x4NYBei?usp=sharing\" target=\"_blank\" rel=\"noopener\">Accediu a les fotos<\/a><\/p>\n","protected":false},"excerpt":{"rendered":"<p>Aquesta tarda l&#8217;alumnat de 4t ha participat en la Cant\u00e0nia El Naufragi a l&#8217;Atl\u00e0ntida. Aquesta activitat participativa est\u00e0 dins del projecte d&#8217;innovaci\u00f3 araArt que compartim amb l&#8217;Escola de M\u00fasica de Vic.<br \/>\nEls nostres alumnes es disposen a fer un viatge de final de curs amb un&hellip;  <a href=\"https:\/\/agora.xtec.cat\/escolaandersen\/general\/cantania-el-naufragi\/\" title=\"Read Cant\u00e0nia El naufragi\">Llegeix m\u00e9s\u00bb<\/a><\/p>\n","protected":false},"author":4,"featured_media":1620,"comment_status":"open","ping_status":"closed","sticky":false,"template":"","format":"standard","meta":{"_bbp_topic_count":0,"_bbp_reply_count":0,"_bbp_total_topic_count":0,"_bbp_total_reply_count":0,"_bbp_voice_count":0,"_bbp_anonymous_reply_count":0,"_bbp_topic_count_hidden":0,"_bbp_reply_count_hidden":0,"_bbp_forum_subforum_count":0,"footnotes":""},"categories":[1,4],"tags":[],"class_list":["post-1617","post","type-post","status-publish","format-standard","has-post-thumbnail","hentry","category-general","category-portada"],"post_mailing_queue_ids":[],"_links":{"self":[{"href":"https:\/\/agora.xtec.cat\/escolaandersen\/wp-json\/wp\/v2\/posts\/1617","targetHints":{"allow":["GET"]}}],"collection":[{"href":"https:\/\/agora.xtec.cat\/escolaandersen\/wp-json\/wp\/v2\/posts"}],"about":[{"href":"https:\/\/agora.xtec.cat\/escolaandersen\/wp-json\/wp\/v2\/types\/post"}],"author":[{"embeddable":true,"href":"https:\/\/agora.xtec.cat\/escolaandersen\/wp-json\/wp\/v2\/users\/4"}],"replies":[{"embeddable":true,"href":"https:\/\/agora.xtec.cat\/escolaandersen\/wp-json\/wp\/v2\/comments?post=1617"}],"version-history":[{"count":5,"href":"https:\/\/agora.xtec.cat\/escolaandersen\/wp-json\/wp\/v2\/posts\/1617\/revisions"}],"predecessor-version":[{"id":1625,"href":"https:\/\/agora.xtec.cat\/escolaandersen\/wp-json\/wp\/v2\/posts\/1617\/revisions\/1625"}],"wp:featuredmedia":[{"embeddable":true,"href":"https:\/\/agora.xtec.cat\/escolaandersen\/wp-json\/wp\/v2\/media\/1620"}],"wp:attachment":[{"href":"https:\/\/agora.xtec.cat\/escolaandersen\/wp-json\/wp\/v2\/media?parent=1617"}],"wp:term":[{"taxonomy":"category","embeddable":true,"href":"https:\/\/agora.xtec.cat\/escolaandersen\/wp-json\/wp\/v2\/categories?post=1617"},{"taxonomy":"post_tag","embeddable":true,"href":"https:\/\/agora.xtec.cat\/escolaandersen\/wp-json\/wp\/v2\/tags?post=1617"}],"curies":[{"name":"wp","href":"https:\/\/api.w.org\/{rel}","templated":true}]}}