{"id":1535,"date":"2024-05-30T22:19:40","date_gmt":"2024-05-30T20:19:40","guid":{"rendered":"https:\/\/agora.xtec.cat\/escolaandersen\/?p=1535"},"modified":"2024-05-30T22:19:40","modified_gmt":"2024-05-30T20:19:40","slug":"afa-informa-42","status":"publish","type":"post","link":"https:\/\/agora.xtec.cat\/escolaandersen\/afa\/afa-informa-42\/","title":{"rendered":"AFA informa 42"},"content":{"rendered":"<p><a href=\"https:\/\/agora.xtec.cat\/escolaandersen\/wp-content\/uploads\/usu2380\/2023\/11\/cap_afainforma-3.png\"><img loading=\"lazy\" decoding=\"async\" class=\"alignnone size-large wp-image-907\" src=\"https:\/\/agora.xtec.cat\/escolaandersen\/wp-content\/uploads\/usu2380\/2023\/11\/cap_afainforma-3-1024x178.png\" alt=\"\" width=\"1024\" height=\"178\" srcset=\"https:\/\/agora.xtec.cat\/escolaandersen\/wp-content\/uploads\/usu2380\/2023\/11\/cap_afainforma-3-1024x178.png 1024w, https:\/\/agora.xtec.cat\/escolaandersen\/wp-content\/uploads\/usu2380\/2023\/11\/cap_afainforma-3-300x52.png 300w, https:\/\/agora.xtec.cat\/escolaandersen\/wp-content\/uploads\/usu2380\/2023\/11\/cap_afainforma-3-768x133.png 768w, https:\/\/agora.xtec.cat\/escolaandersen\/wp-content\/uploads\/usu2380\/2023\/11\/cap_afainforma-3.png 1280w\" sizes=\"auto, (max-width: 1024px) 100vw, 1024px\" \/><\/a><\/p>\n<ul>\n<li dir=\"ltr\" aria-level=\"2\">\n<p dir=\"ltr\" role=\"presentation\"><a href=\"#seccio-1\">VALORACI\u00d3 SORTIDA A LA NATURA<\/a><\/p>\n<\/li>\n<li dir=\"ltr\" aria-level=\"2\">\n<p dir=\"ltr\" role=\"presentation\"><a href=\"#seccio-2\">VALORACI\u00d3 PLA\u00c7A DE LES CULTURES <\/a><\/p>\n<\/li>\n<li dir=\"ltr\" aria-level=\"2\">\n<p dir=\"ltr\" role=\"presentation\"><a href=\"#seccio-3\"> VALORACI\u00d3 SCRATCH DAY 8.0 <\/a><\/p>\n<\/li>\n<li dir=\"ltr\" aria-level=\"2\">\n<p dir=\"ltr\" role=\"presentation\"><a href=\"#seccio-4\">EXTRAESCOLARS<\/a><\/p>\n<\/li>\n<li dir=\"ltr\" aria-level=\"2\">\n<p dir=\"ltr\" role=\"presentation\"><a href=\"#seccio-5\">CONCURS DE PORTADA, FESTES DEL BARRI DEL SUCRE<\/a><\/p>\n<\/li>\n<li dir=\"ltr\" aria-level=\"2\">\n<p dir=\"ltr\" role=\"presentation\"><a href=\"#seccio-6\">LOTERIA<\/a><\/p>\n<\/li>\n<li dir=\"ltr\" aria-level=\"2\">\n<p dir=\"ltr\" role=\"presentation\"><a href=\"#seccio-7\">L&#8217;AGENDA<\/a><\/p>\n<\/li>\n<\/ul>\n<h1 dir=\"ltr\"><a id=\"seccio-1\"><\/a>SORTIDA A LA NATURA: ocells i caixes niu<\/h1>\n<p>Aquest any, gr\u00e0cies a l&#8217;acompanyament inestimable del Grup Anellament de Calldetenes-Osona, tots vam ser <strong>ornit\u00f2legs per un dia<\/strong>! Mentre passej\u00e0vem al llarg del riu M\u00e8der fins al <strong>tram apadrinat de l&#8217;Andersen<\/strong>, en Miquel ens va ensenyar a estar en silenci per poder apreciar i distingir el cant dels ocells. Pel cam\u00ed ens vam trobar el <strong>pou de gla\u00e7<\/strong> i hi vam pujar: una construcci\u00f3 del segle XVII on es guardava gel per ser comercialitzat i que, actualment, ja nom\u00e9s \u00e9s record de gran valor hist\u00f2ric d&#8217;aquella \u00e8poca i d&#8217;aquell Vic. Tamb\u00e9 <strong>vam despenjar alguna caixa niu<\/strong> i vam poder veure algun ou i alguna cria que havia nascut feia poc. Quina sort ser testimonis d&#8217;aquest moment!<br \/>\nGrans i petits vam aprendre moltes coses i, finalment, vam recuperar energies amb un bon esmorzar. L&#8217;any que ve, m\u00e9s!<br \/>\nSi voleu veure&#8217;n les fotos, cliqueu <a href=\"https:\/\/drive.google.com\/drive\/folders\/1d5HIxsVnoRPCWFCFY8FbxXLLnueeIi3w?usp=drive_link\">aqu\u00ed<\/a>:<\/p>\n<p><a href=\"https:\/\/agora.xtec.cat\/escolaandersen\/wp-content\/uploads\/usu2380\/2024\/05\/1-1.jpg\"><img loading=\"lazy\" decoding=\"async\" class=\"wp-image-1541 aligncenter\" src=\"https:\/\/agora.xtec.cat\/escolaandersen\/wp-content\/uploads\/usu2380\/2024\/05\/1-1.jpg\" alt=\"\" width=\"413\" height=\"309\" srcset=\"https:\/\/agora.xtec.cat\/escolaandersen\/wp-content\/uploads\/usu2380\/2024\/05\/1-1.jpg 1940w, https:\/\/agora.xtec.cat\/escolaandersen\/wp-content\/uploads\/usu2380\/2024\/05\/1-1-300x224.jpg 300w, https:\/\/agora.xtec.cat\/escolaandersen\/wp-content\/uploads\/usu2380\/2024\/05\/1-1-1024x765.jpg 1024w, https:\/\/agora.xtec.cat\/escolaandersen\/wp-content\/uploads\/usu2380\/2024\/05\/1-1-768x574.jpg 768w, https:\/\/agora.xtec.cat\/escolaandersen\/wp-content\/uploads\/usu2380\/2024\/05\/1-1-1536x1148.jpg 1536w, https:\/\/agora.xtec.cat\/escolaandersen\/wp-content\/uploads\/usu2380\/2024\/05\/1-1-200x150.jpg 200w\" sizes=\"auto, (max-width: 413px) 100vw, 413px\" \/><\/a><\/p>\n<p><a href=\"https:\/\/agora.xtec.cat\/escolaandersen\/wp-content\/uploads\/usu2380\/2024\/05\/4.jpg\"><img loading=\"lazy\" decoding=\"async\" class=\"wp-image-1543 aligncenter\" src=\"https:\/\/agora.xtec.cat\/escolaandersen\/wp-content\/uploads\/usu2380\/2024\/05\/4.jpg\" alt=\"\" width=\"417\" height=\"315\" srcset=\"https:\/\/agora.xtec.cat\/escolaandersen\/wp-content\/uploads\/usu2380\/2024\/05\/4.jpg 1940w, https:\/\/agora.xtec.cat\/escolaandersen\/wp-content\/uploads\/usu2380\/2024\/05\/4-300x226.jpg 300w, https:\/\/agora.xtec.cat\/escolaandersen\/wp-content\/uploads\/usu2380\/2024\/05\/4-1024x772.jpg 1024w, https:\/\/agora.xtec.cat\/escolaandersen\/wp-content\/uploads\/usu2380\/2024\/05\/4-768x579.jpg 768w, https:\/\/agora.xtec.cat\/escolaandersen\/wp-content\/uploads\/usu2380\/2024\/05\/4-1536x1158.jpg 1536w, https:\/\/agora.xtec.cat\/escolaandersen\/wp-content\/uploads\/usu2380\/2024\/05\/4-200x150.jpg 200w\" sizes=\"auto, (max-width: 417px) 100vw, 417px\" \/><\/a><\/p>\n<p><a href=\"https:\/\/agora.xtec.cat\/escolaandersen\/wp-content\/uploads\/usu2380\/2024\/05\/6-3.jpg\"><img loading=\"lazy\" decoding=\"async\" class=\"wp-image-1547 aligncenter\" src=\"https:\/\/agora.xtec.cat\/escolaandersen\/wp-content\/uploads\/usu2380\/2024\/05\/6-3.jpg\" alt=\"\" width=\"413\" height=\"331\" srcset=\"https:\/\/agora.xtec.cat\/escolaandersen\/wp-content\/uploads\/usu2380\/2024\/05\/6-3.jpg 1738w, https:\/\/agora.xtec.cat\/escolaandersen\/wp-content\/uploads\/usu2380\/2024\/05\/6-3-300x240.jpg 300w, https:\/\/agora.xtec.cat\/escolaandersen\/wp-content\/uploads\/usu2380\/2024\/05\/6-3-1024x819.jpg 1024w, https:\/\/agora.xtec.cat\/escolaandersen\/wp-content\/uploads\/usu2380\/2024\/05\/6-3-768x614.jpg 768w, https:\/\/agora.xtec.cat\/escolaandersen\/wp-content\/uploads\/usu2380\/2024\/05\/6-3-1536x1228.jpg 1536w\" sizes=\"auto, (max-width: 413px) 100vw, 413px\" \/><\/a><\/p>\n<hr \/>\n<h1 dir=\"ltr\"><a id=\"seccio-2\"><\/a>Valoraci\u00f3 Pla\u00e7a de les Cultures<\/h1>\n<p>La Pla\u00e7a de les Cultures tanca aquesta 2a. edici\u00f3 aconseguint un benefici de <strong>269&#8217;93\u20ac<\/strong> que anir\u00e0 destinat a <strong>Amics de l&#8217;Andersen, associaci\u00f3 que promou la SOLIDARITAT<\/strong> amb l&#8217;objectiu que tots els infants puguin gaudir de les col\u00f2nies i\/o altres activitats.<\/p>\n<p>Moltes gr\u00e0cies a tots!!!<\/p>\n<p><a href=\"https:\/\/agora.xtec.cat\/escolaandersen\/wp-content\/uploads\/usu2380\/2024\/05\/placultu.jpeg\"><img loading=\"lazy\" decoding=\"async\" class=\"wp-image-1702 aligncenter\" src=\"https:\/\/agora.xtec.cat\/escolaandersen\/wp-content\/uploads\/usu2380\/2024\/05\/placultu.jpeg\" alt=\"\" width=\"579\" height=\"475\" \/><\/a><\/p>\n<hr \/>\n<h1 dir=\"ltr\"><a id=\"seccio-3\"><\/a>Valoraci\u00f3 Scratch Day<\/h1>\n<p>Un curs m\u00e9s, la comissi\u00f3 TIC de l&#8217;AFA vam organitzar l&#8217;<strong>Scracth day<\/strong>. Aquest any amb l&#8217;ajuda d&#8217;en Felip Cede\u00f1o, mestre i mentor digital de l&#8217;Escola a qui volem agrair la seva implicaci\u00f3 i motivaci\u00f3 en aquesta jornada que dediquem a compartir coneixements sobre l&#8217;Scratch, un llenguatge de programaci\u00f3 per nens.<\/p>\n<p>Vam decidir fer un\u00a0 canvi de data per tal de poder treballar amb els nous materials de rob\u00f2tica que estaven a punt d&#8217;arribar al centre. Finalment, vam poder desembolicar i estrenar el <strong>codey Rocky, els sets de Lego spike i les bluebot.<\/strong><\/p>\n<p>Hi va haver una bona participaci\u00f3 de les fam\u00edlies, que van venir amb moltes ganes de treballar i compartir una estona tots junts.<\/p>\n<p>Un any m\u00e9s, no van faltar les &#8220;sorpreses&#8221; t\u00e8cniques d&#8217;\u00faltima hora, ja que no dispos\u00e0vem d&#8217;internet perqu\u00e8 el departament n&#8217;estava fent l&#8217;actualitzaci\u00f3. Entre tots, per\u00f2, vam aconseguir minimitzar els impediments que aix\u00f2 va suposar.<\/p>\n<p>Estem molt contents i agra\u00efts a tots els participants del mat\u00ed de l&#8217;SCRATCH DAY 8.0!<\/p>\n<hr \/>\n<h1 dir=\"ltr\"><a id=\"seccio-4\"><\/a>Extraescolars<\/h1>\n<p>La <strong>setmana del 3 al 6 de juny<\/strong> ser\u00e0 la darrera setmana que farem activitats extraescolars i ho volem celebrar portant a terme un<strong> tancament especial de cada activitat<\/strong> (coincidint amb el dia de l&#8217;extraescolar) i us volem animar a venir-nos a veure!<br \/>\nTindrem:<\/p>\n<p><strong>Dilluns 3 de juny:<\/strong><br \/>\n&#8211; Festival de dansa al gimn\u00e0s.<br \/>\n&#8211; Art en angl\u00e8s (nom\u00e9s obert a les fam\u00edlies dels alumnes participants).<\/p>\n<p><strong>Dimarts 4 de juny:<\/strong><br \/>\n&#8211; Exhibici\u00f3 de surfskate a la pista i a continuaci\u00f3 l&#8217;activitat ser\u00e0 oberta a tothom qui ho vulgui provar.<\/p>\n<p><strong>Dimecres 5 de juny:<\/strong><br \/>\n&#8211; Exhibici\u00f3 de circ al gimn\u00e0s.<br \/>\n&#8211; Partit de futbol a la pista &#8211; Andersen vs Sagrat Cor -.<\/p>\n<p><strong>Dijous 6 de juny:<\/strong><br \/>\n&#8211; Exhibici\u00f3 de hoquei a la pista i a continuaci\u00f3 l&#8217;activitat ser\u00e0 oberta a tothom qui ho vulgui provar.<\/p>\n<p>Des de l\u2019AFA, us volem agrair la confian\u00e7a que ens heu dipositat aquest curs i us informem que els dies <strong>29 i 30 de maig tots els alumnes de l&#8217;Escola podran fer un tastet de la nova proposta d&#8217;activitats extraescolars de l&#8217;any vinent<\/strong> durant l&#8217;estona del migdia.<br \/>\nPer \u00faltim, informar-vos que <strong>durant la primera quinzena de juny rebreu l&#8217;oferta de les activitats extraescolars i l&#8217;horari del proper curs 2024-25.<\/strong><br \/>\nUs animem a participar a les exhibicions de final de curs i tamb\u00e9 a apuntar-vos a les activitats del curs que ve.<\/p>\n<p>Moltes gr\u00e0cies!<\/p>\n<hr \/>\n<h1 dir=\"ltr\"><a id=\"seccio-5\"><\/a>12\u00e8 CONCURS DE PORTADA \u201cPROGRAMA DE FESTES DEL BARRI DEL SUCRE 2025\u201d<\/h1>\n<p>Un any m\u00e9s, el <strong>Sucre i la Sacarina<\/strong>, els capgrossos del nostre barri, us conviden a les <strong>festes<\/strong> del pr\u00f2xim<br \/>\n<strong>31 de maig, 1 i 2 de juny<\/strong>. <em>Divendres 31<\/em> hi haur\u00e0 un taller de capgrossos. <em>Dissabte 1<\/em> hi haur\u00e0<br \/>\nxocolatada i despertada, mini crida i, a la tarda, cursa d\u2019orientaci\u00f3, visita guiada pel barri, sopar de<br \/>\np\u00edcnic, foodtruck i cinema a la fresca. <em>Diumenge 2<\/em> hi haur\u00e0 mercat del trasto, inflables, jocs<br \/>\ngegants, zumba, circuit de karts, dinar popular, titelles i circ.<\/p>\n<p>Us animem a <strong>participar del 12\u00e8 concurs de portada<\/strong>.\u00a0 <a href=\"https:\/\/agora.xtec.cat\/escolaandersen\/wp-content\/uploads\/usu2380\/2024\/05\/1000046952.jpg\"><img loading=\"lazy\" decoding=\"async\" class=\"wp-image-1553 alignright\" src=\"https:\/\/agora.xtec.cat\/escolaandersen\/wp-content\/uploads\/usu2380\/2024\/05\/1000046952.jpg\" alt=\"\" width=\"436\" height=\"245\" srcset=\"https:\/\/agora.xtec.cat\/escolaandersen\/wp-content\/uploads\/usu2380\/2024\/05\/1000046952.jpg 1600w, https:\/\/agora.xtec.cat\/escolaandersen\/wp-content\/uploads\/usu2380\/2024\/05\/1000046952-300x169.jpg 300w, https:\/\/agora.xtec.cat\/escolaandersen\/wp-content\/uploads\/usu2380\/2024\/05\/1000046952-1024x576.jpg 1024w, https:\/\/agora.xtec.cat\/escolaandersen\/wp-content\/uploads\/usu2380\/2024\/05\/1000046952-768x432.jpg 768w, https:\/\/agora.xtec.cat\/escolaandersen\/wp-content\/uploads\/usu2380\/2024\/05\/1000046952-1536x864.jpg 1536w\" sizes=\"auto, (max-width: 436px) 100vw, 436px\" \/><\/a><br \/>\n<strong>Tema<\/strong>: Com imagines les festes de l\u2019any que ve?<br \/>\n<strong>Materials<\/strong>: Els que vulguis.<br \/>\n<strong>Premi<\/strong>: Portada programa de festes 2025.<br \/>\nBases:<br \/>\n\u25cf Es pot fer a casa o el mateix dia de la festa.<br \/>\n\u25cf Podeu passar a recollir una l\u00e0mina A4 a secretaria o fer servir un full A4.<br \/>\n\u25cf El dibuix ha de ser vertical.<br \/>\n\u25cf Ha d\u2019estar acabat i ben pintat.<br \/>\n\u25cf No hi ha l\u00edmit d\u2019edat.<br \/>\n\u25cf Escriure darrere del dibuix: nom, cognoms, edat i tel\u00e8fon de contacte.<br \/>\n\u25cf El podeu deixar a secretaria de l\u2019Escola Andersen del 27 al 31 de maig o portar-lo diumenge<br \/>\n2 a la festa abans de les 12\u202fh (Parc d\u2019Occit\u00e0nia, C\/de la Laura, 19).<\/p>\n<hr \/>\n<h1 dir=\"ltr\"><a id=\"seccio-6\"><\/a>LOTERIA<\/h1>\n<p>Despr\u00e9s del tancament de la loteria 2023-24, amb el n\u00famero de l&#8217;AFA jugat, el 54731, i tot i haver repartit algun premi de n\u00famero individual, el n\u00famero col\u00b7lectiu no va ser guanyador, malauradament.<\/p>\n<p>El total de diners recollits de la suma de tots els donatius va ser: <strong>2668\u20ac<\/strong><br \/>\nCom ja sabeu, l&#8217;Escola est\u00e0 reformant la biblioteca. Per aix\u00f2, <strong>amb els diners recollits de la loteria l&#8217;omplirem de llibres i material did\u00e0ctic perqu\u00e8 ho puguin gaudir els nostres infants.<\/strong><\/p>\n<p>Moltes gr\u00e0cies per participar. Cada petita aportaci\u00f3 compta!<\/p>\n<hr \/>\n<h1 dir=\"ltr\"><a id=\"seccio-7\"><\/a>FESTA MAJOR<\/h1>\n<p class=\"zfr3Q CDt4Ke \" dir=\"ltr\"><span class=\"C9DxTc \">Ja la tenim aqu\u00ed!!!<\/span><\/p>\n<p class=\"zfr3Q CDt4Ke \" dir=\"ltr\"><span class=\"C9DxTc \">Sembla mentida que ja hagi passat un curs i ens trobem a les portes de l\u2019estiu.<\/span><\/p>\n<p class=\"zfr3Q CDt4Ke \" dir=\"ltr\"><span class=\"C9DxTc \">Enguany, la <strong>Festa Major<\/strong> ser\u00e0\u00a0<\/span><strong><span class=\"C9DxTc \">dissabte dia 8 de juny.<\/span><\/strong><\/p>\n<p class=\"zfr3Q CDt4Ke \" dir=\"ltr\"><span class=\"C9DxTc \">L\u2019AFA us ha preparat una tarda-vespre ben divertida: taller d&#8217;instruments, cercavila amb els gegantons Pere Joan i Andersina, batucada<\/span><span class=\"C9DxTc \">, preg\u00f3 de Festa Major, sopar de carmanyola, sorteig&#8230;<\/span><span class=\"C9DxTc \"> I, c<\/span><span class=\"C9DxTc \">om cada any, tindrem servei <\/span><span class=\"C9DxTc \">de bar dels Amics de l\u2019Andersen i m\u00fasica per amenitzar la festa.<\/span><span class=\"C9DxTc \">\u00a0<\/span><\/p>\n<p class=\"zfr3Q CDt4Ke \" dir=\"ltr\"><span class=\"C9DxTc \">Atenci\u00f3! Es comen\u00e7aran a vendre tiquets a partir del dilluns 27 de maig. El preu de cada tiquet s\u00f3n <\/span><span class=\"C9DxTc \">5 euros.<\/span><span class=\"C9DxTc \">\u00a0<\/span><\/p>\n<p dir=\"ltr\"><a href=\"https:\/\/agora.xtec.cat\/escolaandersen\/wp-content\/uploads\/usu2380\/2024\/05\/cartell-f-m-24.jpeg\"><img loading=\"lazy\" decoding=\"async\" class=\"wp-image-1701 aligncenter\" src=\"https:\/\/agora.xtec.cat\/escolaandersen\/wp-content\/uploads\/usu2380\/2024\/05\/cartell-f-m-24.jpeg\" alt=\"\" width=\"690\" height=\"987\" \/><\/a><\/p>\n<h1 dir=\"ltr\"><a id=\"seccio-8\"><\/a>L&#8217;AGENDA<\/h1>\n<p><a href=\"https:\/\/agora.xtec.cat\/escolaandersen\/wp-content\/uploads\/usu2380\/2024\/05\/Yellow-Post-it-Note-Class-Reminder-Classroom-Announcement-8-1.png\"><img loading=\"lazy\" decoding=\"async\" class=\"wp-image-1700 aligncenter\" src=\"https:\/\/agora.xtec.cat\/escolaandersen\/wp-content\/uploads\/usu2380\/2024\/05\/Yellow-Post-it-Note-Class-Reminder-Classroom-Announcement-8-1.png\" alt=\"\" width=\"596\" height=\"599\" \/><\/a><\/p>\n<hr \/>\n","protected":false},"excerpt":{"rendered":"<p><a href=\"https:\/\/agora.xtec.cat\/escolaandersen\/wp-content\/uploads\/usu2380\/2023\/11\/cap_afainforma-3.png\"><\/a><\/p>\n<ul>\n<li dir=\"ltr\" aria-level=\"2\">\n<a href=\"#seccio-1\">VALORACI\u00d3 SORTIDA A LA NATURA<\/a>\n<\/li>\n<li dir=\"ltr\" aria-level=\"2\">\n<a href=\"#seccio-2\">VALORACI\u00d3 PLA\u00c7A DE LES CULTURES <\/a>\n<\/li>\n<li dir=\"ltr\" aria-level=\"2\">\n<a href=\"#seccio-3\"> VALORACI\u00d3 SCRATCH DAY 8.0 <\/a>\n<\/li>\n<li dir=\"ltr\" aria-level=\"2\">\n<a href=\"#seccio-4\">EXTRAESCOLARS<\/a>\n<\/li>\n<li dir=\"ltr\" aria-level=\"2\">\n<a href=\"#seccio-5\">CONCURS DE PORTADA, FESTES DEL BARRI DEL SUCRE<\/a>\n<\/li>\n<li dir=\"ltr\" aria-level=\"2\">\n<a href=\"#seccio-6\">LOTERIA<\/a>\n<\/li>\n<li dir=\"ltr\" aria-level=\"2\">\n<a href=\"#seccio-7\">L&#8217;AGENDA<\/a>\n<\/li>\n<\/ul>\n<p><a id=\"seccio-1\"><\/a>SORTIDA&hellip;  <a href=\"https:\/\/agora.xtec.cat\/escolaandersen\/afa\/afa-informa-42\/\" title=\"Read AFA informa 42\">Llegeix m\u00e9s\u00bb<\/a><\/p>\n","protected":false},"author":3,"featured_media":0,"comment_status":"open","ping_status":"closed","sticky":false,"template":"","format":"standard","meta":{"_bbp_topic_count":0,"_bbp_reply_count":0,"_bbp_total_topic_count":0,"_bbp_total_reply_count":0,"_bbp_voice_count":0,"_bbp_anonymous_reply_count":0,"_bbp_topic_count_hidden":0,"_bbp_reply_count_hidden":0,"_bbp_forum_subforum_count":0,"footnotes":""},"categories":[7],"tags":[],"class_list":["post-1535","post","type-post","status-publish","format-standard","hentry","category-afa"],"post_mailing_queue_ids":[],"_links":{"self":[{"href":"https:\/\/agora.xtec.cat\/escolaandersen\/wp-json\/wp\/v2\/posts\/1535","targetHints":{"allow":["GET"]}}],"collection":[{"href":"https:\/\/agora.xtec.cat\/escolaandersen\/wp-json\/wp\/v2\/posts"}],"about":[{"href":"https:\/\/agora.xtec.cat\/escolaandersen\/wp-json\/wp\/v2\/types\/post"}],"author":[{"embeddable":true,"href":"https:\/\/agora.xtec.cat\/escolaandersen\/wp-json\/wp\/v2\/users\/3"}],"replies":[{"embeddable":true,"href":"https:\/\/agora.xtec.cat\/escolaandersen\/wp-json\/wp\/v2\/comments?post=1535"}],"version-history":[{"count":6,"href":"https:\/\/agora.xtec.cat\/escolaandersen\/wp-json\/wp\/v2\/posts\/1535\/revisions"}],"predecessor-version":[{"id":1704,"href":"https:\/\/agora.xtec.cat\/escolaandersen\/wp-json\/wp\/v2\/posts\/1535\/revisions\/1704"}],"wp:attachment":[{"href":"https:\/\/agora.xtec.cat\/escolaandersen\/wp-json\/wp\/v2\/media?parent=1535"}],"wp:term":[{"taxonomy":"category","embeddable":true,"href":"https:\/\/agora.xtec.cat\/escolaandersen\/wp-json\/wp\/v2\/categories?post=1535"},{"taxonomy":"post_tag","embeddable":true,"href":"https:\/\/agora.xtec.cat\/escolaandersen\/wp-json\/wp\/v2\/tags?post=1535"}],"curies":[{"name":"wp","href":"https:\/\/api.w.org\/{rel}","templated":true}]}}