{"id":1475,"date":"2024-04-23T16:48:13","date_gmt":"2024-04-23T14:48:13","guid":{"rendered":"https:\/\/agora.xtec.cat\/escolaandersen\/?p=1475"},"modified":"2024-04-23T16:50:28","modified_gmt":"2024-04-23T14:50:28","slug":"diada-de-sant-jordi","status":"publish","type":"post","link":"https:\/\/agora.xtec.cat\/escolaandersen\/general\/diada-de-sant-jordi\/","title":{"rendered":"DIADA DE SANT JORDI"},"content":{"rendered":"<p>Benvolgudes fam\u00edlies,<\/p>\n<p>Avui hem celebrat a l&#8217;escola la diada de Sant Jordi, un dia ben especial. Durant tot el dia l&#8217;alumnat de 6\u00e8 ha venut roses i llibres. A primera hora del mat\u00ed l&#8217;alumnat de 4t ha representat una adaptaci\u00f3 de l&#8217;obra de St. Jordi per petits i grans. Ens han fet gaudir d&#8217;una bona estona!<\/p>\n<p>Despr\u00e9s, l&#8217;alumnat de 3r amb el drac com a protagonista ha estat al capdavant de la rua on de mica en mica ens hi hem anat afegint fins a arribar al gimn\u00e0s. All\u00e0, hem fet l&#8217;entrega dels premis de la Festa de lletres. Cada curs hi participava en una modalitat diferent: contes, rimes, acr\u00f2stics, llegendes, endevinalles, cal\u00b7ligrames, poemes, not\u00edcies i diaris personals. Val a dir que els jurats han tingut molta feina, ja que tots i totes s&#8217;hi han esfor\u00e7at de valent.<\/p>\n<p>A la tarda l&#8217;alumnat de 4t ha representat l&#8217;obra de teatre per les fam\u00edlies i despr\u00e9s ha arribat el cavaller a matar al drac. Com cada any hem gaudit d&#8217;un dia per recordar.<\/p>\n<p><a href=\"https:\/\/drive.google.com\/drive\/folders\/1-4v2fYyTL3_a9BZ1U0eXK4MJ-YyYfhBG?usp=drive_link\" target=\"_blank\" rel=\"noopener\">Podeu veure un recull de fotos al Drive dins la carpeta de Sant Jordi<\/a><\/p>\n<p><a href=\"https:\/\/agora.xtec.cat\/escolaandersen\/wp-content\/uploads\/usu2380\/2024\/04\/WhatsApp-Image-2024-04-23-at-15.17.24.jpeg\"><img loading=\"lazy\" decoding=\"async\" class=\"alignnone size-large wp-image-1480\" src=\"https:\/\/agora.xtec.cat\/escolaandersen\/wp-content\/uploads\/usu2380\/2024\/04\/WhatsApp-Image-2024-04-23-at-15.17.24-1024x768.jpeg\" alt=\"\" width=\"1024\" height=\"768\" srcset=\"https:\/\/agora.xtec.cat\/escolaandersen\/wp-content\/uploads\/usu2380\/2024\/04\/WhatsApp-Image-2024-04-23-at-15.17.24-1024x768.jpeg 1024w, https:\/\/agora.xtec.cat\/escolaandersen\/wp-content\/uploads\/usu2380\/2024\/04\/WhatsApp-Image-2024-04-23-at-15.17.24-300x225.jpeg 300w, https:\/\/agora.xtec.cat\/escolaandersen\/wp-content\/uploads\/usu2380\/2024\/04\/WhatsApp-Image-2024-04-23-at-15.17.24-768x576.jpeg 768w, https:\/\/agora.xtec.cat\/escolaandersen\/wp-content\/uploads\/usu2380\/2024\/04\/WhatsApp-Image-2024-04-23-at-15.17.24-1536x1152.jpeg 1536w, https:\/\/agora.xtec.cat\/escolaandersen\/wp-content\/uploads\/usu2380\/2024\/04\/WhatsApp-Image-2024-04-23-at-15.17.24-200x150.jpeg 200w, https:\/\/agora.xtec.cat\/escolaandersen\/wp-content\/uploads\/usu2380\/2024\/04\/WhatsApp-Image-2024-04-23-at-15.17.24.jpeg 1600w\" sizes=\"auto, (max-width: 1024px) 100vw, 1024px\" \/><\/a><\/p>\n","protected":false},"excerpt":{"rendered":"<p>Benvolgudes fam\u00edlies,<br \/>\nAvui hem celebrat a l&#8217;escola la diada de Sant Jordi, un dia ben especial. Durant tot el dia l&#8217;alumnat de 6\u00e8 ha venut roses i llibres. A primera hora del mat\u00ed l&#8217;alumnat de 4t ha representat una adaptaci\u00f3 de l&#8217;obra de St. Jordi per&hellip;  <a href=\"https:\/\/agora.xtec.cat\/escolaandersen\/general\/diada-de-sant-jordi\/\" title=\"Read DIADA DE SANT JORDI\">Llegeix m\u00e9s\u00bb<\/a><\/p>\n","protected":false},"author":4,"featured_media":1483,"comment_status":"open","ping_status":"closed","sticky":false,"template":"","format":"standard","meta":{"_bbp_topic_count":0,"_bbp_reply_count":0,"_bbp_total_topic_count":0,"_bbp_total_reply_count":0,"_bbp_voice_count":0,"_bbp_anonymous_reply_count":0,"_bbp_topic_count_hidden":0,"_bbp_reply_count_hidden":0,"_bbp_forum_subforum_count":0,"footnotes":""},"categories":[1,4],"tags":[],"class_list":["post-1475","post","type-post","status-publish","format-standard","has-post-thumbnail","hentry","category-general","category-portada"],"post_mailing_queue_ids":[],"_links":{"self":[{"href":"https:\/\/agora.xtec.cat\/escolaandersen\/wp-json\/wp\/v2\/posts\/1475","targetHints":{"allow":["GET"]}}],"collection":[{"href":"https:\/\/agora.xtec.cat\/escolaandersen\/wp-json\/wp\/v2\/posts"}],"about":[{"href":"https:\/\/agora.xtec.cat\/escolaandersen\/wp-json\/wp\/v2\/types\/post"}],"author":[{"embeddable":true,"href":"https:\/\/agora.xtec.cat\/escolaandersen\/wp-json\/wp\/v2\/users\/4"}],"replies":[{"embeddable":true,"href":"https:\/\/agora.xtec.cat\/escolaandersen\/wp-json\/wp\/v2\/comments?post=1475"}],"version-history":[{"count":6,"href":"https:\/\/agora.xtec.cat\/escolaandersen\/wp-json\/wp\/v2\/posts\/1475\/revisions"}],"predecessor-version":[{"id":1486,"href":"https:\/\/agora.xtec.cat\/escolaandersen\/wp-json\/wp\/v2\/posts\/1475\/revisions\/1486"}],"wp:featuredmedia":[{"embeddable":true,"href":"https:\/\/agora.xtec.cat\/escolaandersen\/wp-json\/wp\/v2\/media\/1483"}],"wp:attachment":[{"href":"https:\/\/agora.xtec.cat\/escolaandersen\/wp-json\/wp\/v2\/media?parent=1475"}],"wp:term":[{"taxonomy":"category","embeddable":true,"href":"https:\/\/agora.xtec.cat\/escolaandersen\/wp-json\/wp\/v2\/categories?post=1475"},{"taxonomy":"post_tag","embeddable":true,"href":"https:\/\/agora.xtec.cat\/escolaandersen\/wp-json\/wp\/v2\/tags?post=1475"}],"curies":[{"name":"wp","href":"https:\/\/api.w.org\/{rel}","templated":true}]}}