{"id":1399,"date":"2024-04-11T12:34:56","date_gmt":"2024-04-11T10:34:56","guid":{"rendered":"https:\/\/agora.xtec.cat\/escolaandersen\/?p=1399"},"modified":"2024-04-11T12:44:37","modified_gmt":"2024-04-11T10:44:37","slug":"colonies-1r-palamos","status":"publish","type":"post","link":"https:\/\/agora.xtec.cat\/escolaandersen\/general\/colonies-1r-palamos\/","title":{"rendered":"Col\u00f2nies 1r Palam\u00f3s"},"content":{"rendered":"<p>Benvolgudes fam\u00edlies,<\/p>\n<p>Els vostres fills\/es s&#8217;ho estan passant d&#8217;all\u00f2 m\u00e9s b\u00e9. Ahir al mat\u00ed ens vam instal\u00b7lar a les habitacions i vam con\u00e8ixer els monitors i monitores. Despr\u00e9s de dinar, vam anar a fer una activitat a la fosca on a partir d&#8217;un conte vam con\u00e8ixer i observar la fauna marina. A la nit, un joc de pistes per trobar un tresor pirata amagat. Hem menjat i dormit d&#8217;all\u00f2 m\u00e9s b\u00e9!<br \/>\nAvui al mat\u00ed estem fent diferents activitats relacionades amb el mar i la pesca.<br \/>\nA la tarda anirem al Port de Palam\u00f3s a veure les barques i al Museu de la Pesca. A la nit festa pirata i dem\u00e0 viatge amb el Nautilus a les Illes Medes.<\/p>\n<p>Ja teniu disponibles en el Drive de l&#8217;escola les fotos del primer dia de col\u00f2nies. Durant les pr\u00f2ximes hores l&#8217;anirem actualitzant!!<\/p>\n<p><a href=\"https:\/\/agora.xtec.cat\/escolaandersen\/wp-content\/uploads\/usu2380\/2024\/04\/WhatsApp-Image-2024-04-10-at-15.12.37.jpeg\"><img loading=\"lazy\" decoding=\"async\" class=\"alignnone size-large wp-image-1400\" src=\"https:\/\/agora.xtec.cat\/escolaandersen\/wp-content\/uploads\/usu2380\/2024\/04\/WhatsApp-Image-2024-04-10-at-15.12.37-1024x769.jpeg\" alt=\"\" width=\"1024\" height=\"769\" \/><\/a><\/p>\n","protected":false},"excerpt":{"rendered":"<p>Benvolgudes fam\u00edlies,<br \/>\nEls vostres fills\/es s&#8217;ho estan passant d&#8217;all\u00f2 m\u00e9s b\u00e9. Ahir al mat\u00ed ens vam instal\u00b7lar a les habitacions i vam con\u00e8ixer els monitors i monitores. Despr\u00e9s de dinar, vam anar a fer una activitat a la fosca on a partir d&#8217;un conte vam con\u00e8ixer&hellip;  <a href=\"https:\/\/agora.xtec.cat\/escolaandersen\/general\/colonies-1r-palamos\/\" title=\"Read Col\u00f2nies 1r Palam\u00f3s\">Llegeix m\u00e9s\u00bb<\/a><\/p>\n","protected":false},"author":4,"featured_media":1402,"comment_status":"open","ping_status":"closed","sticky":false,"template":"","format":"standard","meta":{"_bbp_topic_count":0,"_bbp_reply_count":0,"_bbp_total_topic_count":0,"_bbp_total_reply_count":0,"_bbp_voice_count":0,"_bbp_anonymous_reply_count":0,"_bbp_topic_count_hidden":0,"_bbp_reply_count_hidden":0,"_bbp_forum_subforum_count":0,"footnotes":""},"categories":[1,4],"tags":[],"class_list":["post-1399","post","type-post","status-publish","format-standard","has-post-thumbnail","hentry","category-general","category-portada"],"post_mailing_queue_ids":[],"_links":{"self":[{"href":"https:\/\/agora.xtec.cat\/escolaandersen\/wp-json\/wp\/v2\/posts\/1399","targetHints":{"allow":["GET"]}}],"collection":[{"href":"https:\/\/agora.xtec.cat\/escolaandersen\/wp-json\/wp\/v2\/posts"}],"about":[{"href":"https:\/\/agora.xtec.cat\/escolaandersen\/wp-json\/wp\/v2\/types\/post"}],"author":[{"embeddable":true,"href":"https:\/\/agora.xtec.cat\/escolaandersen\/wp-json\/wp\/v2\/users\/4"}],"replies":[{"embeddable":true,"href":"https:\/\/agora.xtec.cat\/escolaandersen\/wp-json\/wp\/v2\/comments?post=1399"}],"version-history":[{"count":3,"href":"https:\/\/agora.xtec.cat\/escolaandersen\/wp-json\/wp\/v2\/posts\/1399\/revisions"}],"predecessor-version":[{"id":1404,"href":"https:\/\/agora.xtec.cat\/escolaandersen\/wp-json\/wp\/v2\/posts\/1399\/revisions\/1404"}],"wp:featuredmedia":[{"embeddable":true,"href":"https:\/\/agora.xtec.cat\/escolaandersen\/wp-json\/wp\/v2\/media\/1402"}],"wp:attachment":[{"href":"https:\/\/agora.xtec.cat\/escolaandersen\/wp-json\/wp\/v2\/media?parent=1399"}],"wp:term":[{"taxonomy":"category","embeddable":true,"href":"https:\/\/agora.xtec.cat\/escolaandersen\/wp-json\/wp\/v2\/categories?post=1399"},{"taxonomy":"post_tag","embeddable":true,"href":"https:\/\/agora.xtec.cat\/escolaandersen\/wp-json\/wp\/v2\/tags?post=1399"}],"curies":[{"name":"wp","href":"https:\/\/api.w.org\/{rel}","templated":true}]}}