{"id":1392,"date":"2024-04-10T14:51:00","date_gmt":"2024-04-10T12:51:00","guid":{"rendered":"https:\/\/agora.xtec.cat\/escolaandersen\/?p=1392"},"modified":"2024-04-10T14:51:00","modified_gmt":"2024-04-10T12:51:00","slug":"2n-ultim-dia-de-colonies-a-palamos","status":"publish","type":"post","link":"https:\/\/agora.xtec.cat\/escolaandersen\/general\/2n-ultim-dia-de-colonies-a-palamos\/","title":{"rendered":"2n- \u00daltim dia de col\u00f2nies a Palam\u00f3s"},"content":{"rendered":"<p>Bon dia fam\u00edlies,<\/p>\n<p>Avui hem dormit una mica m\u00e9s i ens ha costat m\u00e9s llevar-nos. Hem tancat les maletes i hem anat a fer un bon esmorzar.<\/p>\n<p>A les 10h en punt hem agafat l\u2019autob\u00fas per anar a l\u2019Estartit, on ens esperava el Nautilus per anar a fer una passejada i veure el fons mar\u00ed de les Illes Medes.<\/p>\n<p>Hem tornat a la casa i els de 1r ja estaven preparats i preparades per fer la seva estada. Nosaltres hem dinat, hem carregat les motxilles i cap a Vic falta gent.<\/p>\n<p>Fins ara!<\/p>\n<p><a href=\"https:\/\/drive.google.com\/drive\/folders\/1-59-gcZuK6EommZTcfXizZrpF0UgD7XH\">Enlla\u00e7 fotos<\/a><\/p>\n","protected":false},"excerpt":{"rendered":"<p>Bon dia fam\u00edlies,<br \/>\nAvui hem dormit una mica m\u00e9s i ens ha costat m\u00e9s llevar-nos. Hem tancat les maletes i hem anat a fer un bon esmorzar.<br \/>\nA les 10h en punt hem agafat l\u2019autob\u00fas per anar a l\u2019Estartit, on ens esperava el Nautilus per anar a&hellip;  <a href=\"https:\/\/agora.xtec.cat\/escolaandersen\/general\/2n-ultim-dia-de-colonies-a-palamos\/\" title=\"Read 2n- \u00daltim dia de col\u00f2nies a Palam\u00f3s\">Llegeix m\u00e9s\u00bb<\/a><\/p>\n","protected":false},"author":6,"featured_media":0,"comment_status":"open","ping_status":"closed","sticky":false,"template":"","format":"standard","meta":{"_bbp_topic_count":0,"_bbp_reply_count":0,"_bbp_total_topic_count":0,"_bbp_total_reply_count":0,"_bbp_voice_count":0,"_bbp_anonymous_reply_count":0,"_bbp_topic_count_hidden":0,"_bbp_reply_count_hidden":0,"_bbp_forum_subforum_count":0,"footnotes":""},"categories":[1,4],"tags":[],"class_list":["post-1392","post","type-post","status-publish","format-standard","hentry","category-general","category-portada"],"post_mailing_queue_ids":[],"_links":{"self":[{"href":"https:\/\/agora.xtec.cat\/escolaandersen\/wp-json\/wp\/v2\/posts\/1392","targetHints":{"allow":["GET"]}}],"collection":[{"href":"https:\/\/agora.xtec.cat\/escolaandersen\/wp-json\/wp\/v2\/posts"}],"about":[{"href":"https:\/\/agora.xtec.cat\/escolaandersen\/wp-json\/wp\/v2\/types\/post"}],"author":[{"embeddable":true,"href":"https:\/\/agora.xtec.cat\/escolaandersen\/wp-json\/wp\/v2\/users\/6"}],"replies":[{"embeddable":true,"href":"https:\/\/agora.xtec.cat\/escolaandersen\/wp-json\/wp\/v2\/comments?post=1392"}],"version-history":[{"count":1,"href":"https:\/\/agora.xtec.cat\/escolaandersen\/wp-json\/wp\/v2\/posts\/1392\/revisions"}],"predecessor-version":[{"id":1393,"href":"https:\/\/agora.xtec.cat\/escolaandersen\/wp-json\/wp\/v2\/posts\/1392\/revisions\/1393"}],"wp:attachment":[{"href":"https:\/\/agora.xtec.cat\/escolaandersen\/wp-json\/wp\/v2\/media?parent=1392"}],"wp:term":[{"taxonomy":"category","embeddable":true,"href":"https:\/\/agora.xtec.cat\/escolaandersen\/wp-json\/wp\/v2\/categories?post=1392"},{"taxonomy":"post_tag","embeddable":true,"href":"https:\/\/agora.xtec.cat\/escolaandersen\/wp-json\/wp\/v2\/tags?post=1392"}],"curies":[{"name":"wp","href":"https:\/\/api.w.org\/{rel}","templated":true}]}}