{"id":1382,"date":"2024-04-13T14:11:11","date_gmt":"2024-04-13T12:11:11","guid":{"rendered":"https:\/\/agora.xtec.cat\/escolaandersen\/?p=1382"},"modified":"2024-04-14T22:50:44","modified_gmt":"2024-04-14T20:50:44","slug":"afa-informa-41","status":"publish","type":"post","link":"https:\/\/agora.xtec.cat\/escolaandersen\/afa\/afa-informa-41\/","title":{"rendered":"AFA informa 41"},"content":{"rendered":"<p><a href=\"https:\/\/agora.xtec.cat\/escolaandersen\/wp-content\/uploads\/usu2380\/2023\/11\/cap_afainforma-3.png\"><img loading=\"lazy\" decoding=\"async\" class=\"alignnone size-large wp-image-907\" src=\"https:\/\/agora.xtec.cat\/escolaandersen\/wp-content\/uploads\/usu2380\/2023\/11\/cap_afainforma-3-1024x178.png\" alt=\"\" width=\"1024\" height=\"178\" srcset=\"https:\/\/agora.xtec.cat\/escolaandersen\/wp-content\/uploads\/usu2380\/2023\/11\/cap_afainforma-3-1024x178.png 1024w, https:\/\/agora.xtec.cat\/escolaandersen\/wp-content\/uploads\/usu2380\/2023\/11\/cap_afainforma-3-300x52.png 300w, https:\/\/agora.xtec.cat\/escolaandersen\/wp-content\/uploads\/usu2380\/2023\/11\/cap_afainforma-3-768x133.png 768w, https:\/\/agora.xtec.cat\/escolaandersen\/wp-content\/uploads\/usu2380\/2023\/11\/cap_afainforma-3.png 1280w\" sizes=\"auto, (max-width: 1024px) 100vw, 1024px\" \/><\/a><\/p>\n<ul>\n<li dir=\"ltr\" aria-level=\"2\">\n<p dir=\"ltr\" role=\"presentation\"><a href=\"#seccio-1\">SCRATCH DAY<\/a><\/p>\n<\/li>\n<li dir=\"ltr\" aria-level=\"2\">\n<p dir=\"ltr\" role=\"presentation\"><a href=\"#seccio-2\">1r F\u00d2RUM DE DEBAT DE l&#8217;AFA<\/a><\/p>\n<\/li>\n<li dir=\"ltr\" aria-level=\"2\">\n<p dir=\"ltr\" role=\"presentation\"><a href=\"#seccio-3\">SORTIDA A LA NATURA<\/a><\/p>\n<\/li>\n<li dir=\"ltr\" aria-level=\"2\">\n<p dir=\"ltr\" role=\"presentation\"><a href=\"#seccio-4\">VALORACI\u00d3 DIA DEL PENCAIRE<\/a><\/p>\n<\/li>\n<li dir=\"ltr\" aria-level=\"2\">\n<p dir=\"ltr\" role=\"presentation\"><a href=\"#seccio-5\">L&#8217;AGENDA<\/a><\/p>\n<\/li>\n<\/ul>\n<h1 dir=\"ltr\"><a id=\"seccio-1\"><\/a>SCRATCH DAY Andersen 8.0: Rob\u00f2tica i programaci\u00f3 per a totes les edats<\/h1>\n<p><em><b>&#8220;T\u00e9 m\u00e9s sentit que mai aprendre a programar &#8220;precisament&#8221; ara que la IA ho pot fer per nosaltres, encara que els l\u00edders de la ind\u00fastria ens assegurin el contrari\u201d.<br \/>\nEl derecho a leer \u2013 Marta Peirano<br \/>\n<a href=\"https:\/\/elpais.com\/opinion\/2024-03-25\/el-derecho-a-leer.html\">https:\/\/elpais.com\/opinion\/2024-03-25\/el-derecho-a-leer.html<\/a><\/b><\/em><\/p>\n<p>Malgrat que pensem que les pantalles no han d\u2019estar gaire presents en el dia a dia dels nostres infants, les fam\u00edlies que organitzem l\u2019Scratch Day estem conven\u00e7uts que aprendre pensament computacional \u00e9s obrir el m\u00f3n digital als infants i que esdevinguin, en un futur, usuaris digitals cr\u00edtics amb les eines digitals.<\/p>\n<p>El dissabte 27 d\u2019abril<span style=\"font-weight: 400;\"> durem a terme a l\u2019Escola la 8a. edici\u00f3 de l\u2019Scratch Day. Una jornada en qu\u00e8 podrem compartir, descobrir, aprendre i passar-nos-ho b\u00e9 amb diversos materials relacionats amb la rob\u00f2tica i la programaci\u00f3.<\/span><\/p>\n<p><span style=\"font-weight: 400;\">El taller s\u2019adre\u00e7a a tot l&#8217;alumnat de l\u2019Escola. Volem que sigui una jornada familiar on fam\u00edlies i infants puguin compartir una bona estona.<\/span><\/p>\n<p><b>Qu\u00e8 podrem fer a l\u2019Scratch Day?<\/b><\/p>\n<p><span style=\"font-weight: 400;\">Disposarem de materials per a totes les edats, adaptats per a infants des d\u2019I3 fins a 6\u00e8. Entre d\u2019altres, tindrem:<\/span><span style=\"font-weight: 400;\"><br \/>\n<\/span><\/p>\n<ul>\n<li aria-level=\"1\"><span style=\"font-weight: 400;\"><b style=\"font-family: inherit; font-size: 1em;\"><a href=\"https:\/\/agora.xtec.cat\/escolaandersen\/wp-content\/uploads\/usu2380\/2024\/04\/blue-bot.jpg\"><img loading=\"lazy\" decoding=\"async\" class=\"alignnone wp-image-1406\" src=\"https:\/\/agora.xtec.cat\/escolaandersen\/wp-content\/uploads\/usu2380\/2024\/04\/blue-bot-150x150.jpg\" alt=\"\" width=\"67\" height=\"67\" srcset=\"https:\/\/agora.xtec.cat\/escolaandersen\/wp-content\/uploads\/usu2380\/2024\/04\/blue-bot-150x150.jpg 150w, https:\/\/agora.xtec.cat\/escolaandersen\/wp-content\/uploads\/usu2380\/2024\/04\/blue-bot.jpg 225w\" sizes=\"auto, (max-width: 67px) 100vw, 67px\" \/><\/a>\u00a0Blue bot: <\/b>\u00c9s un robot amb un aspecte senzill i atractiu dissenyat per a nens i nenes a partir de quatre anys. Es pot programar a trav\u00e9s dels botons superiors o a trav\u00e9s de l&#8217;aplicaci\u00f3 Blue-bot mitjan\u00e7ant blocs d&#8217;icones i enviar-ho al robot via Bluetooth.<\/span><\/li>\n<li aria-level=\"1\"><strong><a href=\"https:\/\/agora.xtec.cat\/escolaandersen\/wp-content\/uploads\/usu2380\/2024\/04\/tale-bot.jpg\"><img loading=\"lazy\" decoding=\"async\" class=\"alignnone wp-image-1407\" src=\"https:\/\/agora.xtec.cat\/escolaandersen\/wp-content\/uploads\/usu2380\/2024\/04\/tale-bot-150x150.jpg\" alt=\"\" width=\"67\" height=\"67\" srcset=\"https:\/\/agora.xtec.cat\/escolaandersen\/wp-content\/uploads\/usu2380\/2024\/04\/tale-bot-150x150.jpg 150w, https:\/\/agora.xtec.cat\/escolaandersen\/wp-content\/uploads\/usu2380\/2024\/04\/tale-bot.jpg 225w\" sizes=\"auto, (max-width: 67px) 100vw, 67px\" \/><\/a>\u00a0Tale Bot: <\/strong>\u00c9s un robot creat per apropar la rob\u00f2tica educativa a edats preescolars. Utilitza botons amb s\u00edmbols direccionals per guiar el robot i \u00e9s perfecte per a infants que encara no han apr\u00e8s a llegir. Serveix per introduir als m\u00e9s petits en conceptes b\u00e0sics de la codificaci\u00f3 com ara les ordres, les seq\u00fc\u00e8ncies i els bucles.<\/li>\n<li aria-level=\"1\"><b><a href=\"https:\/\/agora.xtec.cat\/escolaandersen\/wp-content\/uploads\/usu2380\/2024\/04\/codey-rockey.jpg\"><img loading=\"lazy\" decoding=\"async\" class=\"alignnone wp-image-1408\" src=\"https:\/\/agora.xtec.cat\/escolaandersen\/wp-content\/uploads\/usu2380\/2024\/04\/codey-rockey-150x150.jpg\" alt=\"\" width=\"69\" height=\"69\" srcset=\"https:\/\/agora.xtec.cat\/escolaandersen\/wp-content\/uploads\/usu2380\/2024\/04\/codey-rockey-150x150.jpg 150w, https:\/\/agora.xtec.cat\/escolaandersen\/wp-content\/uploads\/usu2380\/2024\/04\/codey-rockey.jpg 225w\" sizes=\"auto, (max-width: 69px) 100vw, 69px\" \/><\/a>\u00a0 Codey Rocky: <\/b>\u00c9s un robot que ofereix la possibilitat de dissenyar jocs o aplicacions de forma senzilla i variada. Disposa de sensors i actuadors integrats a trav\u00e9s dels quals podem reproduir m\u00fasica, seguir una llum, evitar obstacles, imitar expressions facials o comunicar-se amb un altre Codey Rocky.<\/li>\n<\/ul>\n<ul>\n<li aria-level=\"1\"><b><a href=\"https:\/\/agora.xtec.cat\/escolaandersen\/wp-content\/uploads\/usu2380\/2024\/04\/lego-spike-prime.jpg\"><img loading=\"lazy\" decoding=\"async\" class=\"alignnone wp-image-1409\" src=\"https:\/\/agora.xtec.cat\/escolaandersen\/wp-content\/uploads\/usu2380\/2024\/04\/lego-spike-prime-150x150.jpg\" alt=\"\" width=\"77\" height=\"77\" \/><\/a> LEGO SPIKE\u00a0 Prime: <\/b>\u00c9s una soluci\u00f3 que combina construcci\u00f3 amb programaci\u00f3 digital. Est\u00e0 dissenyat per impulsar l&#8217;aprenentatge STEAM. El kit incorpora peces de construcci\u00f3, diversos sensors, actuadors i un hub. Disposa d&#8217;un entorn de programaci\u00f3 que permet codificar el projecte utilitzant blocs d&#8217;icona, blocs de paraula (semblant a *Scratch) i tamb\u00e9 Python.<\/li>\n<li aria-level=\"1\"><b><a href=\"https:\/\/agora.xtec.cat\/escolaandersen\/wp-content\/uploads\/usu2380\/2024\/04\/microbit.jpg\"><img loading=\"lazy\" decoding=\"async\" class=\"alignnone wp-image-1410\" src=\"https:\/\/agora.xtec.cat\/escolaandersen\/wp-content\/uploads\/usu2380\/2024\/04\/microbit-150x150.jpg\" alt=\"\" width=\"69\" height=\"69\" \/><\/a> Placa micro:bit: <\/b>\u00c9s una placa programable, ideal per introduir a l&#8217;alumnat de prim\u00e0ria i secund\u00e0ria en el m\u00f3n de la programaci\u00f3 i rob\u00f2tica educativa. T\u00e9 diversos sensors i actuadors integrats que permeten realitzar centenars de projectes.<\/li>\n<\/ul>\n<p><span style=\"font-weight: 400;\">* Scratch \u00e9s un entorn de programaci\u00f3 desenvolupat pel MIT (Massachusetts Institute of Technology) adre\u00e7at a nens i joves amb la finalitat de fomentar el pensament creatiu.<\/span><\/p>\n<p>&nbsp;<\/p>\n<p><b>L\u2019HORARI ORIENTATIU DEL TALLER \u00c9S EL SEG\u00dcENT:<\/b><\/p>\n<p><span style=\"font-weight: 400;\">10\u202f a 2\/4 d\u201911 &#8211; Benvinguda a la 8a. edici\u00f3 Scratch Day i presentaci\u00f3 dels materials disponibles.<\/span><\/p>\n<p><span style=\"font-weight: 400;\">2\/4 d\u201911 a 2\/4 de 12 &#8211; Tastet de materials disponibles i realitzaci\u00f3 de projectes amb Scratch.<\/span><\/p>\n<p><span style=\"font-weight: 400;\">2\/4 de 12 a 12\u202f &#8211; Descans (hi haur\u00e0 begudes i esmorzar).<\/span><\/p>\n<p><span style=\"font-weight: 400;\">12\u202f a 2\/4 d\u20191 &#8211; Continuar projectes.<\/span><\/p>\n<p><span style=\"font-weight: 400;\">2\/4 d\u20191 a 2\/4 de 2 &#8211; Compartir i presentar projectes \/ Projecte tecnol\u00f2gic CS.<\/span><\/p>\n<p><span style=\"font-weight: 400;\">Endre\u00e7ar el material entre tots els assistents.<\/span><\/p>\n<p><b>Important:<\/b><\/p>\n<p><b>\u2013 Per poder preveure la quantitat de materials que necessitarem i esmorzar que caldr\u00e0 preparar, totes aquelles fam\u00edlies que vulgueu compartir el mat\u00ed amb nosaltres, podeu inscriure-us abans del dijous 25 d&#8217;abril mitjan\u00e7ant l&#8217;enlla\u00e7 al seg\u00fcent formulari: <\/b><a href=\"https:\/\/forms.gle\/sNHgBht4qJM9ZGvb6\"><b>https:\/\/forms.gle\/sNHgBht4qJM9ZGvb6<\/b><\/a><\/p>\n<p><b>\u2013 Animem aquelles fam\u00edlies que a casa tinguin algun joc relacionat amb la programaci\u00f3 a portar-lo i compartir l\u2019experi\u00e8ncia.<\/b><\/p>\n<p>Per a qualsevol consulta, podeu contactar amb nosaltres per correu electr\u00f2nic a l\u2019adre\u00e7a afa@andersen.cat o b\u00e9 trucant a l\u2019Escola.<\/p>\n<hr \/>\n<h1 dir=\"ltr\"><a id=\"seccio-2\"><\/a>PRIMER F\u00d2RUM DE DEBAT DE L&#8217;AFA<\/h1>\n<p>El \u00a0passat 4 d\u2019abril va tenir lloc el primer f\u00f2rum de debat que organitza l\u2019AFA per tal d\u2019afavorir un espai de di\u00e0leg entre fam\u00edlies on poder copsar el sentir sobre temes d\u2019inter\u00e8s que afecten el dia a dia dels infants de l\u2019escola. El primer f\u00f2rum de debat va abordar el tema de les activitats educatives que s\u2019organitzen a l\u2019hora del pati de migdia, un cop els infants ja han dinat.<\/p>\n<p>Enguany, a difer\u00e8ncia d\u2019anys anteriors, ha canviat el tipus d\u2019activitats que es donen a l\u2019hora del pati: ja no venen monitors experts en mat\u00e8ries concretes com serien l\u2019ordinografia, el modelatge, l\u2019escalada&#8230;Sin\u00f3 que les activitats les realitzen el propi equip de monitors que s\u2019encarrega de l\u2019espai de menjador. Aix\u00f2 fa que no hi hagi el nivell d\u2019activitats dirigides d\u2019altres anys. El motiu que va motivar aquest canvi va ser l\u2019increment de costos associats al dinar i aix\u00f2 va obligar a prescindir d\u2019aquestes activitats. Tot i aix\u00ed, donada la import\u00e0ncia educativa d\u2019aquest tipus d\u2019espais l\u00fadics que es donen despr\u00e9s del dinar i on es donen din\u00e0miques molt diferents a les dels espais purament acad\u00e8mics, aix\u00f2 segueix inquietant les fam\u00edlies i per aquest motiu es va optar per generar un f\u00f2rum de debat al voltant d\u2019aquest tema.<\/p>\n<p>Al f\u00f2rum hi van participar una dotzena de fam\u00edlies i va comptar, a m\u00e9s, amb la pres\u00e8ncia de la Dolors t\u00e8cnica de l\u2019AFA, la qual va permetre contextualitzar b\u00e9 el debat. Despr\u00e9s de compartir preocupacions, inquietuds i motivacions, es va poder arribar a una certa l\u00ednia de consens sobre cap a on invertir esfor\u00e7os de cara a propers anys. I \u00e9s que un dels temes que es va detectar que calia prioritzar seria el recuperar el tercer torn de menjador, caigut tamb\u00e9 amb els darrers increments de costos de menjador. Recuperar aquest torn permetria recuperar for\u00e7a m\u00e9s calma al menjador, reduir el temps d\u2019espera dels alumnes dels cursos mitjans i aix\u00f2 afavoriria un major benestar dels infants en aquesta hora tan delicada on els conflictes solen emergir amb m\u00e9s facilitat.<\/p>\n<p>El primer f\u00f2rum de debat, per tant, des de l\u2019AFA el valorem molt positivament ja que efectivament va permetre que aquelles fam\u00edlies amb inquietuds puguessin traslladar-les i compartir-les amb altres fam\u00edlies, fent evident que no tothom veu les coses de la mateixa manera per\u00f2 alhora que hi pot haver l\u00ednies de consens que ens poden fer avan\u00e7ar com escola, tot millorant la qualitat de l\u2019educaci\u00f3 que rep la nostra canalla.<\/p>\n<p><a href=\"https:\/\/agora.xtec.cat\/escolaandersen\/wp-content\/uploads\/usu2380\/2024\/04\/IMG_20240404_160459.jpg\"><img loading=\"lazy\" decoding=\"async\" class=\"aligncenter wp-image-1424 \" src=\"https:\/\/agora.xtec.cat\/escolaandersen\/wp-content\/uploads\/usu2380\/2024\/04\/IMG_20240404_160459.jpg\" alt=\"\" width=\"444\" height=\"320\" \/><\/a><a href=\"https:\/\/agora.xtec.cat\/escolaandersen\/wp-content\/uploads\/usu2380\/2024\/04\/IMG_20240404_160445.jpg\"><img loading=\"lazy\" decoding=\"async\" class=\"wp-image-1430 aligncenter\" src=\"https:\/\/agora.xtec.cat\/escolaandersen\/wp-content\/uploads\/usu2380\/2024\/04\/IMG_20240404_160445.jpg\" alt=\"\" width=\"446\" height=\"334\" \/><\/a><\/p>\n<hr \/>\n<h1 dir=\"ltr\"><a id=\"seccio-3\"><\/a>SORTIDA A LA NATURA<\/h1>\n<p>Saps que l\u2019Andersen t\u00e9 un tram de l\u2019anella verda apadrinat?<\/p>\n<p>Com es construeixen i per qu\u00e8 serveixen les caixes niu?<\/p>\n<p>Saps quins s\u00f3n els ocells m\u00e9s habituals que podem trobar als entorns de l&#8217;Andersen?<\/p>\n<p>No et perdis la Sortida a la Natura 2024!<\/p>\n<p>Aquest any, aprofitant que coincideix amb l&#8217;\u00e8poca d&#8217;aparellament de les aus, dedicarem la sortida a la natura als ocells. Recorrerem un tram de l&#8217;anella verda en la qual l\u2019Andersen hi t\u00e9 apadrinada una zona. I identificarem les diferents esp\u00e8cies d&#8217;ocells que hi podem trobar. Sobretot, si ho voleu veure tot d&#8217;a prop, no oblideu portar prism\u00e0tics!<\/p>\n<p>Tamb\u00e9 coneixerem per qu\u00e8 serveixen i com es fan les caixes niu. Visitarem el pou de gla\u00e7&#8230; I moltes sorpreses m\u00e9s que faran que, un any m\u00e9s, gaudim junts d\u2019una matinal a la natura. Us hi esperem!<\/p>\n<p><strong>Dia: 11 de maig.<\/strong><\/p>\n<p><strong>Horari: mat\u00ed (a partir de les 10)<\/strong><\/p>\n<table style=\"width: 100%; border-collapse: collapse; border-style: none;\">\n<tbody>\n<tr>\n<td style=\"width: 50%; border-style: none; vertical-align: top;\"><a href=\"https:\/\/agora.xtec.cat\/escolaandersen\/wp-content\/uploads\/usu2380\/2024\/04\/6f708bcd-ac02-49a9-959b-feb2baa59bf6-1.jpg\"><img loading=\"lazy\" decoding=\"async\" class=\"size-full wp-image-1429 aligncenter\" src=\"https:\/\/agora.xtec.cat\/escolaandersen\/wp-content\/uploads\/usu2380\/2024\/04\/6f708bcd-ac02-49a9-959b-feb2baa59bf6-1.jpg\" alt=\"\" width=\"676\" height=\"1024\" \/><\/a><\/td>\n<td style=\"width: 50%; border-style: none; vertical-align: top;\"><a href=\"https:\/\/agora.xtec.cat\/escolaandersen\/wp-content\/uploads\/usu2380\/2024\/04\/e62c8958-3f3f-4b75-bf4f-7cdaf70b7ff8-2.jpg\"><img loading=\"lazy\" decoding=\"async\" class=\" wp-image-1422 aligncenter\" src=\"https:\/\/agora.xtec.cat\/escolaandersen\/wp-content\/uploads\/usu2380\/2024\/04\/e62c8958-3f3f-4b75-bf4f-7cdaf70b7ff8-2.jpg\" alt=\"\" width=\"375\" height=\"666\" \/><\/a><\/td>\n<\/tr>\n<\/tbody>\n<\/table>\n<hr \/>\n<h1 dir=\"ltr\"><a id=\"seccio-4\"><\/a>VALORACI\u00d3 DIA DEL PENCAIRE<\/h1>\n<p>El dia 17 de mar\u00e7 vam celebrar el Dia del Pencaire. Moltes fam\u00edlies vam \u00a0passar un dia plegats tot feinejant i arreglant l&#8217;Escola. Aquest any vam poder fer molta feina: arreglar les sorreres, repintar els jocs de terra, envernissar taules i bancs del pati, arreglar la zona de l&#8217;hort, construir jardineres pels m\u00e9s petits, muntar un bid\u00f3 musical, etc.<\/p>\n<p>Despr\u00e9s d&#8217;un mat\u00ed de treball vam recuperar forces tot menjant un entrep\u00e0 i mandarines i vam gaudir de dinar tots plegats al pati de l&#8217;Escola. I a la tarda vam jugar un partit de futbol on petits i grans ho vam donar tot!!!<br \/>\nEl bon temps i les ganes de cuidar l&#8217;Escola van ajudar a que pass\u00e9ssim un dia fant\u00e0stic!!!<\/p>\n<p>Moltes gr\u00e0cies a tots els petits i grans pencaires!!<\/p>\n<p><a href=\"https:\/\/agora.xtec.cat\/escolaandersen\/wp-content\/uploads\/usu2380\/2024\/04\/a5b24eff-d06a-443b-9426-deb4689a7751.jpg\"><img loading=\"lazy\" decoding=\"async\" class=\"wp-image-1436 aligncenter\" src=\"https:\/\/agora.xtec.cat\/escolaandersen\/wp-content\/uploads\/usu2380\/2024\/04\/a5b24eff-d06a-443b-9426-deb4689a7751.jpg\" alt=\"\" width=\"411\" height=\"321\" \/><\/a><a href=\"https:\/\/agora.xtec.cat\/escolaandersen\/wp-content\/uploads\/usu2380\/2024\/04\/ecebfba5-f5f9-4d72-97c3-761f95f83b8b.jpg\"><img loading=\"lazy\" decoding=\"async\" class=\"wp-image-1434 aligncenter\" src=\"https:\/\/agora.xtec.cat\/escolaandersen\/wp-content\/uploads\/usu2380\/2024\/04\/ecebfba5-f5f9-4d72-97c3-761f95f83b8b.jpg\" alt=\"\" width=\"414\" height=\"311\" srcset=\"https:\/\/agora.xtec.cat\/escolaandersen\/wp-content\/uploads\/usu2380\/2024\/04\/ecebfba5-f5f9-4d72-97c3-761f95f83b8b.jpg 1600w, https:\/\/agora.xtec.cat\/escolaandersen\/wp-content\/uploads\/usu2380\/2024\/04\/ecebfba5-f5f9-4d72-97c3-761f95f83b8b-300x225.jpg 300w, https:\/\/agora.xtec.cat\/escolaandersen\/wp-content\/uploads\/usu2380\/2024\/04\/ecebfba5-f5f9-4d72-97c3-761f95f83b8b-1024x768.jpg 1024w, https:\/\/agora.xtec.cat\/escolaandersen\/wp-content\/uploads\/usu2380\/2024\/04\/ecebfba5-f5f9-4d72-97c3-761f95f83b8b-768x576.jpg 768w, https:\/\/agora.xtec.cat\/escolaandersen\/wp-content\/uploads\/usu2380\/2024\/04\/ecebfba5-f5f9-4d72-97c3-761f95f83b8b-1536x1152.jpg 1536w, https:\/\/agora.xtec.cat\/escolaandersen\/wp-content\/uploads\/usu2380\/2024\/04\/ecebfba5-f5f9-4d72-97c3-761f95f83b8b-200x150.jpg 200w\" sizes=\"auto, (max-width: 414px) 100vw, 414px\" \/><\/a><a href=\"https:\/\/agora.xtec.cat\/escolaandersen\/wp-content\/uploads\/usu2380\/2024\/04\/c53e66ae-c188-42b3-9345-fb077d4e0b90.jpg\"><img loading=\"lazy\" decoding=\"async\" class=\"wp-image-1435 aligncenter\" src=\"https:\/\/agora.xtec.cat\/escolaandersen\/wp-content\/uploads\/usu2380\/2024\/04\/c53e66ae-c188-42b3-9345-fb077d4e0b90.jpg\" alt=\"\" width=\"416\" height=\"234\" srcset=\"https:\/\/agora.xtec.cat\/escolaandersen\/wp-content\/uploads\/usu2380\/2024\/04\/c53e66ae-c188-42b3-9345-fb077d4e0b90.jpg 2048w, https:\/\/agora.xtec.cat\/escolaandersen\/wp-content\/uploads\/usu2380\/2024\/04\/c53e66ae-c188-42b3-9345-fb077d4e0b90-300x169.jpg 300w, https:\/\/agora.xtec.cat\/escolaandersen\/wp-content\/uploads\/usu2380\/2024\/04\/c53e66ae-c188-42b3-9345-fb077d4e0b90-1024x576.jpg 1024w, https:\/\/agora.xtec.cat\/escolaandersen\/wp-content\/uploads\/usu2380\/2024\/04\/c53e66ae-c188-42b3-9345-fb077d4e0b90-768x432.jpg 768w, https:\/\/agora.xtec.cat\/escolaandersen\/wp-content\/uploads\/usu2380\/2024\/04\/c53e66ae-c188-42b3-9345-fb077d4e0b90-1536x864.jpg 1536w\" sizes=\"auto, (max-width: 416px) 100vw, 416px\" \/><\/a><\/p>\n<hr \/>\n<hr \/>\n<h1 dir=\"ltr\"><a id=\"seccio-5\"><\/a>L&#8217;AGENDA<\/h1>\n<p><a href=\"https:\/\/agora.xtec.cat\/escolaandersen\/wp-content\/uploads\/usu2380\/2024\/04\/Yellow-Post-it-Note-Class-Reminder-Classroom-Announcement-6.png\"><img loading=\"lazy\" decoding=\"async\" class=\"wp-image-1453 aligncenter\" src=\"https:\/\/agora.xtec.cat\/escolaandersen\/wp-content\/uploads\/usu2380\/2024\/04\/Yellow-Post-it-Note-Class-Reminder-Classroom-Announcement-6.png\" alt=\"\" width=\"677\" height=\"738\" \/><\/a><\/p>\n<p>&nbsp;<\/p>\n<hr \/>\n<p>&nbsp;<\/p>\n","protected":false},"excerpt":{"rendered":"<p><a href=\"https:\/\/agora.xtec.cat\/escolaandersen\/wp-content\/uploads\/usu2380\/2023\/11\/cap_afainforma-3.png\"><\/a><\/p>\n<ul>\n<li dir=\"ltr\" aria-level=\"2\">\n<a href=\"#seccio-1\">SCRATCH DAY<\/a>\n<\/li>\n<li dir=\"ltr\" aria-level=\"2\">\n<a href=\"#seccio-2\">1r F\u00d2RUM DE DEBAT DE l&#8217;AFA<\/a>\n<\/li>\n<li dir=\"ltr\" aria-level=\"2\">\n<a href=\"#seccio-3\">SORTIDA A LA NATURA<\/a>\n<\/li>\n<li dir=\"ltr\" aria-level=\"2\">\n<a href=\"#seccio-4\">VALORACI\u00d3 DIA DEL PENCAIRE<\/a>\n<\/li>\n<li dir=\"ltr\" aria-level=\"2\">\n<a href=\"#seccio-5\">L&#8217;AGENDA<\/a>\n<\/li>\n<\/ul>\n<p><a id=\"seccio-1\"><\/a>SCRATCH DAY Andersen 8.0: Rob\u00f2tica i programaci\u00f3 per a totes les edats<br \/>\n&#8220;T\u00e9 m\u00e9s sentit que mai&hellip;  <a href=\"https:\/\/agora.xtec.cat\/escolaandersen\/afa\/afa-informa-41\/\" title=\"Read AFA informa 41\">Llegeix m\u00e9s\u00bb<\/a><\/p>\n","protected":false},"author":3,"featured_media":0,"comment_status":"open","ping_status":"closed","sticky":false,"template":"","format":"standard","meta":{"_bbp_topic_count":0,"_bbp_reply_count":0,"_bbp_total_topic_count":0,"_bbp_total_reply_count":0,"_bbp_voice_count":0,"_bbp_anonymous_reply_count":0,"_bbp_topic_count_hidden":0,"_bbp_reply_count_hidden":0,"_bbp_forum_subforum_count":0,"footnotes":""},"categories":[7],"tags":[],"class_list":["post-1382","post","type-post","status-publish","format-standard","hentry","category-afa"],"post_mailing_queue_ids":[],"_links":{"self":[{"href":"https:\/\/agora.xtec.cat\/escolaandersen\/wp-json\/wp\/v2\/posts\/1382","targetHints":{"allow":["GET"]}}],"collection":[{"href":"https:\/\/agora.xtec.cat\/escolaandersen\/wp-json\/wp\/v2\/posts"}],"about":[{"href":"https:\/\/agora.xtec.cat\/escolaandersen\/wp-json\/wp\/v2\/types\/post"}],"author":[{"embeddable":true,"href":"https:\/\/agora.xtec.cat\/escolaandersen\/wp-json\/wp\/v2\/users\/3"}],"replies":[{"embeddable":true,"href":"https:\/\/agora.xtec.cat\/escolaandersen\/wp-json\/wp\/v2\/comments?post=1382"}],"version-history":[{"count":5,"href":"https:\/\/agora.xtec.cat\/escolaandersen\/wp-json\/wp\/v2\/posts\/1382\/revisions"}],"predecessor-version":[{"id":1459,"href":"https:\/\/agora.xtec.cat\/escolaandersen\/wp-json\/wp\/v2\/posts\/1382\/revisions\/1459"}],"wp:attachment":[{"href":"https:\/\/agora.xtec.cat\/escolaandersen\/wp-json\/wp\/v2\/media?parent=1382"}],"wp:term":[{"taxonomy":"category","embeddable":true,"href":"https:\/\/agora.xtec.cat\/escolaandersen\/wp-json\/wp\/v2\/categories?post=1382"},{"taxonomy":"post_tag","embeddable":true,"href":"https:\/\/agora.xtec.cat\/escolaandersen\/wp-json\/wp\/v2\/tags?post=1382"}],"curies":[{"name":"wp","href":"https:\/\/api.w.org\/{rel}","templated":true}]}}