{"id":1369,"date":"2024-03-21T18:25:51","date_gmt":"2024-03-21T17:25:51","guid":{"rendered":"https:\/\/agora.xtec.cat\/escolaandersen\/?p=1369"},"modified":"2024-03-21T18:25:51","modified_gmt":"2024-03-21T17:25:51","slug":"jornades-de-la-solidaritat-els-tresors-de-la-vellesa","status":"publish","type":"post","link":"https:\/\/agora.xtec.cat\/escolaandersen\/general\/jornades-de-la-solidaritat-els-tresors-de-la-vellesa\/","title":{"rendered":"Jornades de la Solidaritat: &#8220;Els tresors de la vellesa&#8221;"},"content":{"rendered":"<p>Benvolgudes fam\u00edlies,<\/p>\n<p>Aquest mat\u00ed, dins les activitats de les <em>Jornades de la Solidaritat<\/em>, l&#8217;alumnat de 4t ha anat a visitar la Resid\u00e8ncia El Nadal. All\u00e0, petits i grans hem pogut gaudir de bona companyia i viure una experi\u00e8ncia emotiva i entranyable. Hem pogut riure, conversar i jugar amb els avis i \u00e0vies que ens explicaven emocionats que ells tamb\u00e9 havien estat nens ja fa molts anys.<\/p>\n<p><a href=\"https:\/\/drive.google.com\/drive\/folders\/1mWPjMhKolZ-pQ4hVotRfmKfVuh-qTUZ9?usp=sharing\" target=\"_blank\" rel=\"noopener\">Aqu\u00ed podeu veure algunes fotos del mat\u00ed<\/a><\/p>\n<p><a href=\"https:\/\/agora.xtec.cat\/escolaandersen\/wp-content\/uploads\/usu2380\/2024\/03\/WhatsApp-Image-2024-03-21-at-18.16.24-5.jpeg\"><img loading=\"lazy\" decoding=\"async\" class=\"alignnone size-large wp-image-1371\" src=\"https:\/\/agora.xtec.cat\/escolaandersen\/wp-content\/uploads\/usu2380\/2024\/03\/WhatsApp-Image-2024-03-21-at-18.16.24-5-1024x768.jpeg\" alt=\"\" width=\"1024\" height=\"768\" srcset=\"https:\/\/agora.xtec.cat\/escolaandersen\/wp-content\/uploads\/usu2380\/2024\/03\/WhatsApp-Image-2024-03-21-at-18.16.24-5-1024x768.jpeg 1024w, https:\/\/agora.xtec.cat\/escolaandersen\/wp-content\/uploads\/usu2380\/2024\/03\/WhatsApp-Image-2024-03-21-at-18.16.24-5-300x225.jpeg 300w, https:\/\/agora.xtec.cat\/escolaandersen\/wp-content\/uploads\/usu2380\/2024\/03\/WhatsApp-Image-2024-03-21-at-18.16.24-5-768x576.jpeg 768w, https:\/\/agora.xtec.cat\/escolaandersen\/wp-content\/uploads\/usu2380\/2024\/03\/WhatsApp-Image-2024-03-21-at-18.16.24-5-1536x1152.jpeg 1536w, https:\/\/agora.xtec.cat\/escolaandersen\/wp-content\/uploads\/usu2380\/2024\/03\/WhatsApp-Image-2024-03-21-at-18.16.24-5-200x150.jpeg 200w, https:\/\/agora.xtec.cat\/escolaandersen\/wp-content\/uploads\/usu2380\/2024\/03\/WhatsApp-Image-2024-03-21-at-18.16.24-5.jpeg 1600w\" sizes=\"auto, (max-width: 1024px) 100vw, 1024px\" \/><\/a><\/p>\n","protected":false},"excerpt":{"rendered":"<p>Benvolgudes fam\u00edlies, Aquest mat\u00ed, dins les activitats de les Jornades de la Solidaritat, l&#8217;alumnat de 4t ha anat a visitar la Resid\u00e8ncia El Nadal. All\u00e0, petits i grans hem pogut gaudir de bona companyia i viure una experi\u00e8ncia emotiva i entranyable. Hem pogut riure, conversar i jugar amb els avis i \u00e0vies que ens explicaven [&hellip;]<\/p>\n","protected":false},"author":4,"featured_media":1372,"comment_status":"open","ping_status":"closed","sticky":false,"template":"","format":"standard","meta":{"_bbp_topic_count":0,"_bbp_reply_count":0,"_bbp_total_topic_count":0,"_bbp_total_reply_count":0,"_bbp_voice_count":0,"_bbp_anonymous_reply_count":0,"_bbp_topic_count_hidden":0,"_bbp_reply_count_hidden":0,"_bbp_forum_subforum_count":0,"site-sidebar-layout":"default","site-content-layout":"","ast-site-content-layout":"","site-content-style":"default","site-sidebar-style":"default","ast-global-header-display":"","ast-banner-title-visibility":"","ast-main-header-display":"","ast-hfb-above-header-display":"","ast-hfb-below-header-display":"","ast-hfb-mobile-header-display":"","site-post-title":"","ast-breadcrumbs-content":"","ast-featured-img":"","footer-sml-layout":"","theme-transparent-header-meta":"","adv-header-id-meta":"","stick-header-meta":"","header-above-stick-meta":"","header-main-stick-meta":"","header-below-stick-meta":"","astra-migrate-meta-layouts":"default","ast-page-background-enabled":"default","ast-page-background-meta":{"desktop":{"background-color":"var(--ast-global-color-4)","background-image":"","background-repeat":"repeat","background-position":"center center","background-size":"auto","background-attachment":"scroll","background-type":"","background-media":"","overlay-type":"","overlay-color":"","overlay-opacity":"","overlay-gradient":""},"tablet":{"background-color":"","background-image":"","background-repeat":"repeat","background-position":"center center","background-size":"auto","background-attachment":"scroll","background-type":"","background-media":"","overlay-type":"","overlay-color":"","overlay-opacity":"","overlay-gradient":""},"mobile":{"background-color":"","background-image":"","background-repeat":"repeat","background-position":"center center","background-size":"auto","background-attachment":"scroll","background-type":"","background-media":"","overlay-type":"","overlay-color":"","overlay-opacity":"","overlay-gradient":""}},"ast-content-background-meta":{"desktop":{"background-color":"var(--ast-global-color-5)","background-image":"","background-repeat":"repeat","background-position":"center center","background-size":"auto","background-attachment":"scroll","background-type":"","background-media":"","overlay-type":"","overlay-color":"","overlay-opacity":"","overlay-gradient":""},"tablet":{"background-color":"var(--ast-global-color-5)","background-image":"","background-repeat":"repeat","background-position":"center center","background-size":"auto","background-attachment":"scroll","background-type":"","background-media":"","overlay-type":"","overlay-color":"","overlay-opacity":"","overlay-gradient":""},"mobile":{"background-color":"var(--ast-global-color-5)","background-image":"","background-repeat":"repeat","background-position":"center center","background-size":"auto","background-attachment":"scroll","background-type":"","background-media":"","overlay-type":"","overlay-color":"","overlay-opacity":"","overlay-gradient":""}},"footnotes":""},"categories":[1,4],"tags":[],"class_list":["post-1369","post","type-post","status-publish","format-standard","has-post-thumbnail","hentry","category-general","category-portada"],"post_mailing_queue_ids":[],"_links":{"self":[{"href":"https:\/\/agora.xtec.cat\/escolaandersen\/wp-json\/wp\/v2\/posts\/1369","targetHints":{"allow":["GET"]}}],"collection":[{"href":"https:\/\/agora.xtec.cat\/escolaandersen\/wp-json\/wp\/v2\/posts"}],"about":[{"href":"https:\/\/agora.xtec.cat\/escolaandersen\/wp-json\/wp\/v2\/types\/post"}],"author":[{"embeddable":true,"href":"https:\/\/agora.xtec.cat\/escolaandersen\/wp-json\/wp\/v2\/users\/4"}],"replies":[{"embeddable":true,"href":"https:\/\/agora.xtec.cat\/escolaandersen\/wp-json\/wp\/v2\/comments?post=1369"}],"version-history":[{"count":3,"href":"https:\/\/agora.xtec.cat\/escolaandersen\/wp-json\/wp\/v2\/posts\/1369\/revisions"}],"predecessor-version":[{"id":1374,"href":"https:\/\/agora.xtec.cat\/escolaandersen\/wp-json\/wp\/v2\/posts\/1369\/revisions\/1374"}],"wp:featuredmedia":[{"embeddable":true,"href":"https:\/\/agora.xtec.cat\/escolaandersen\/wp-json\/wp\/v2\/media\/1372"}],"wp:attachment":[{"href":"https:\/\/agora.xtec.cat\/escolaandersen\/wp-json\/wp\/v2\/media?parent=1369"}],"wp:term":[{"taxonomy":"category","embeddable":true,"href":"https:\/\/agora.xtec.cat\/escolaandersen\/wp-json\/wp\/v2\/categories?post=1369"},{"taxonomy":"post_tag","embeddable":true,"href":"https:\/\/agora.xtec.cat\/escolaandersen\/wp-json\/wp\/v2\/tags?post=1369"}],"curies":[{"name":"wp","href":"https:\/\/api.w.org\/{rel}","templated":true}]}}