{"id":1361,"date":"2024-03-18T22:10:03","date_gmt":"2024-03-18T21:10:03","guid":{"rendered":"https:\/\/agora.xtec.cat\/escolaandersen\/?p=1361"},"modified":"2024-03-18T22:13:21","modified_gmt":"2024-03-18T21:13:21","slug":"1r-dia-colonies-i5-el-moli-de-la-riera","status":"publish","type":"post","link":"https:\/\/agora.xtec.cat\/escolaandersen\/general\/1r-dia-colonies-i5-el-moli-de-la-riera\/","title":{"rendered":"1r dia col\u00f2nies I5 El Mol\u00ed de la Riera"},"content":{"rendered":"<p>Fam\u00edlies,<\/p>\n<p>Ja estem a les acaballes del primer dia de col\u00f2nies. Ha estat un dia espl\u00e8ndid i els vostres fills i filles s&#8217;ho han passat molt b\u00e9 fent diferents activitats que ens han proposat a la casa de col\u00f2nies &#8220;<em>El Mol\u00ed de la Riera&#8221;<\/em>: hem fet xapes amb el nostre nom, hem descobert els diferents oficis que es feien abans relacionats amb la pagesia&#8230;<\/p>\n<p>Un cop hem pujat a les habitacions, hem fet els llits, hem posat els sacs i hem agafat els lots&#8230; despr\u00e9s d&#8217;un bon sopar no hi podia faltar un divertit joc de nit i l&#8217;esperada &#8220;disco&#8221;. Hem ballat i hem gaudit d&#8217;uns bons moments tots junts.<\/p>\n<p>Bona nit i fins dem\u00e0!!<\/p>\n<p><a href=\"https:\/\/agora.xtec.cat\/escolaandersen\/wp-content\/uploads\/usu2380\/2024\/03\/WhatsApp-Image-2024-03-18-at-22.05.36.jpeg\"><img loading=\"lazy\" decoding=\"async\" class=\"alignnone size-large wp-image-1365\" src=\"https:\/\/agora.xtec.cat\/escolaandersen\/wp-content\/uploads\/usu2380\/2024\/03\/WhatsApp-Image-2024-03-18-at-22.05.36-577x1024.jpeg\" alt=\"\" width=\"577\" height=\"1024\" srcset=\"https:\/\/agora.xtec.cat\/escolaandersen\/wp-content\/uploads\/usu2380\/2024\/03\/WhatsApp-Image-2024-03-18-at-22.05.36-577x1024.jpeg 577w, https:\/\/agora.xtec.cat\/escolaandersen\/wp-content\/uploads\/usu2380\/2024\/03\/WhatsApp-Image-2024-03-18-at-22.05.36-169x300.jpeg 169w, https:\/\/agora.xtec.cat\/escolaandersen\/wp-content\/uploads\/usu2380\/2024\/03\/WhatsApp-Image-2024-03-18-at-22.05.36-768x1364.jpeg 768w, https:\/\/agora.xtec.cat\/escolaandersen\/wp-content\/uploads\/usu2380\/2024\/03\/WhatsApp-Image-2024-03-18-at-22.05.36-865x1536.jpeg 865w, https:\/\/agora.xtec.cat\/escolaandersen\/wp-content\/uploads\/usu2380\/2024\/03\/WhatsApp-Image-2024-03-18-at-22.05.36.jpeg 901w\" sizes=\"auto, (max-width: 577px) 100vw, 577px\" \/><\/a><\/p>\n<p><a href=\"https:\/\/drive.google.com\/drive\/folders\/1jWMw1treWZTMnyIBvbES-TRYx5U67zHw?usp=sharing\" target=\"_blank\" rel=\"noopener\">Enlla\u00e7 per veure les fotos a la carpeta del Drive<\/a><\/p>\n<p>&nbsp;<\/p>\n","protected":false},"excerpt":{"rendered":"<p>Fam\u00edlies,<br \/>\nJa estem a les acaballes del primer dia de col\u00f2nies. Ha estat un dia espl\u00e8ndid i els vostres fills i filles s&#8217;ho han passat molt b\u00e9 fent diferents activitats que ens han proposat a la casa de col\u00f2nies &#8220;El Mol\u00ed de la Riera&#8221;: hem fet&hellip;  <a href=\"https:\/\/agora.xtec.cat\/escolaandersen\/general\/1r-dia-colonies-i5-el-moli-de-la-riera\/\" title=\"Read 1r dia col\u00f2nies I5 El Mol\u00ed de la Riera\">Llegeix m\u00e9s\u00bb<\/a><\/p>\n","protected":false},"author":4,"featured_media":0,"comment_status":"open","ping_status":"closed","sticky":false,"template":"","format":"standard","meta":{"_bbp_topic_count":0,"_bbp_reply_count":0,"_bbp_total_topic_count":0,"_bbp_total_reply_count":0,"_bbp_voice_count":0,"_bbp_anonymous_reply_count":0,"_bbp_topic_count_hidden":0,"_bbp_reply_count_hidden":0,"_bbp_forum_subforum_count":0,"footnotes":""},"categories":[1,4],"tags":[],"class_list":["post-1361","post","type-post","status-publish","format-standard","hentry","category-general","category-portada"],"post_mailing_queue_ids":[],"_links":{"self":[{"href":"https:\/\/agora.xtec.cat\/escolaandersen\/wp-json\/wp\/v2\/posts\/1361","targetHints":{"allow":["GET"]}}],"collection":[{"href":"https:\/\/agora.xtec.cat\/escolaandersen\/wp-json\/wp\/v2\/posts"}],"about":[{"href":"https:\/\/agora.xtec.cat\/escolaandersen\/wp-json\/wp\/v2\/types\/post"}],"author":[{"embeddable":true,"href":"https:\/\/agora.xtec.cat\/escolaandersen\/wp-json\/wp\/v2\/users\/4"}],"replies":[{"embeddable":true,"href":"https:\/\/agora.xtec.cat\/escolaandersen\/wp-json\/wp\/v2\/comments?post=1361"}],"version-history":[{"count":4,"href":"https:\/\/agora.xtec.cat\/escolaandersen\/wp-json\/wp\/v2\/posts\/1361\/revisions"}],"predecessor-version":[{"id":1366,"href":"https:\/\/agora.xtec.cat\/escolaandersen\/wp-json\/wp\/v2\/posts\/1361\/revisions\/1366"}],"wp:attachment":[{"href":"https:\/\/agora.xtec.cat\/escolaandersen\/wp-json\/wp\/v2\/media?parent=1361"}],"wp:term":[{"taxonomy":"category","embeddable":true,"href":"https:\/\/agora.xtec.cat\/escolaandersen\/wp-json\/wp\/v2\/categories?post=1361"},{"taxonomy":"post_tag","embeddable":true,"href":"https:\/\/agora.xtec.cat\/escolaandersen\/wp-json\/wp\/v2\/tags?post=1361"}],"curies":[{"name":"wp","href":"https:\/\/api.w.org\/{rel}","templated":true}]}}