{"id":1306,"date":"2024-03-13T19:50:06","date_gmt":"2024-03-13T18:50:06","guid":{"rendered":"https:\/\/agora.xtec.cat\/escolaandersen\/?p=1306"},"modified":"2024-03-13T19:51:57","modified_gmt":"2024-03-13T18:51:57","slug":"afa-informa-40","status":"publish","type":"post","link":"https:\/\/agora.xtec.cat\/escolaandersen\/afa\/afa-informa-40\/","title":{"rendered":"AFA informa 40"},"content":{"rendered":"<p><a href=\"https:\/\/agora.xtec.cat\/escolaandersen\/wp-content\/uploads\/usu2380\/2023\/11\/cap_afainforma.png\"><img loading=\"lazy\" decoding=\"async\" class=\"alignnone size-large wp-image-904\" src=\"https:\/\/agora.xtec.cat\/escolaandersen\/wp-content\/uploads\/usu2380\/2023\/11\/cap_afainforma-1024x178.png\" alt=\"\" width=\"1024\" height=\"178\" srcset=\"https:\/\/agora.xtec.cat\/escolaandersen\/wp-content\/uploads\/usu2380\/2023\/11\/cap_afainforma-1024x178.png 1024w, https:\/\/agora.xtec.cat\/escolaandersen\/wp-content\/uploads\/usu2380\/2023\/11\/cap_afainforma-300x52.png 300w, https:\/\/agora.xtec.cat\/escolaandersen\/wp-content\/uploads\/usu2380\/2023\/11\/cap_afainforma-768x133.png 768w, https:\/\/agora.xtec.cat\/escolaandersen\/wp-content\/uploads\/usu2380\/2023\/11\/cap_afainforma.png 1280w\" sizes=\"auto, (max-width: 1024px) 100vw, 1024px\" \/><\/a><\/p>\n<ul>\n<li dir=\"ltr\" aria-level=\"2\">\n<p dir=\"ltr\" role=\"presentation\"><a href=\"#seccio-1\">DIA DEL PENCAIRE<\/a><\/p>\n<\/li>\n<li dir=\"ltr\" aria-level=\"2\">\n<p dir=\"ltr\" role=\"presentation\"><a href=\"#seccio-2\">XERRADA PER A LES FAM\u00cdLIES: &#8220;A casa, llegim! (O com acompanyar el proc\u00e9s lector dels nostres infants)&#8221;<\/a><\/p>\n<\/li>\n<li dir=\"ltr\" aria-level=\"2\">\n<p dir=\"ltr\" role=\"presentation\"><a href=\"#seccio-3\">VALORACI\u00d3 XERRADA ESCOLA VERDA<\/a><\/p>\n<\/li>\n<li dir=\"ltr\" aria-level=\"2\">\n<p dir=\"ltr\" role=\"presentation\"><a href=\"#seccio-4\">L&#8217;AGENDA<\/a><\/p>\n<\/li>\n<\/ul>\n<h1 dir=\"ltr\"><a id=\"seccio-1\"><\/a>DIA DEL PENCAIRE<\/h1>\n<p><span style=\"font-weight: 400;\">Benvolgudes fam\u00edlies,<\/span><\/p>\n<p><span style=\"font-weight: 400;\">Us convidem a participar al <strong>Dia del Pencaire<\/strong> el proper <strong>diumenge 17 de mar\u00e7<\/strong> a partir de les <strong>9.30 h<\/strong>. <\/span>Es tracta d\u2019un dia per compartir tots plegats col\u00b7laborant en el manteniment i millora de l\u2019Escola. \u00c9s una trobada pensada per promoure la participaci\u00f3 de totes les fam\u00edlies que formem part de l\u2019Escola (petits i grans) en la millora i manteniment dels espais. Espais educatius i de contacte amb la natura.<\/p>\n<p>Durant la jornada hi haur\u00e0 un munt d\u2019activitats adre\u00e7ades a totes les fam\u00edlies i aix\u00ed poder posar el nostre granet de sorra. Des de l\u2019AFA fem un gran esfor\u00e7 per organitzar <strong>esdeveniments que fomentin la conviv\u00e8ncia i la col\u00b7laboraci\u00f3 entre les fam\u00edlies i creiem que la participaci\u00f3 de tothom \u00e9s molt important i alhora un eix vertebrador del nostre model d\u2019escola<\/strong>.<\/p>\n<p>Es per tot aix\u00f2 que us convidem a participar en el Dia del Pencaire i a compartir aquesta experi\u00e8ncia amb la fam\u00edlia i amics. Tothom hi \u00e9s benvingut!<\/p>\n<p>Aprofitem per agrair-vos la vostra col\u00b7laboraci\u00f3 i suport. Entre tots millorem els espais de joc de la nostra mainada.<\/p>\n<p>Us hi esperem!<\/p>\n<p><a href=\"https:\/\/agora.xtec.cat\/escolaandersen\/wp-content\/uploads\/usu2380\/2024\/03\/Captura-de-pantalla-2024-03-12-a-les-15.39.29.png\"><img loading=\"lazy\" decoding=\"async\" class=\"wp-image-1312 aligncenter\" src=\"https:\/\/agora.xtec.cat\/escolaandersen\/wp-content\/uploads\/usu2380\/2024\/03\/Captura-de-pantalla-2024-03-12-a-les-15.39.29.png\" alt=\"\" width=\"491\" height=\"447\" srcset=\"https:\/\/agora.xtec.cat\/escolaandersen\/wp-content\/uploads\/usu2380\/2024\/03\/Captura-de-pantalla-2024-03-12-a-les-15.39.29.png 934w, https:\/\/agora.xtec.cat\/escolaandersen\/wp-content\/uploads\/usu2380\/2024\/03\/Captura-de-pantalla-2024-03-12-a-les-15.39.29-300x273.png 300w, https:\/\/agora.xtec.cat\/escolaandersen\/wp-content\/uploads\/usu2380\/2024\/03\/Captura-de-pantalla-2024-03-12-a-les-15.39.29-768x699.png 768w\" sizes=\"auto, (max-width: 491px) 100vw, 491px\" \/><\/a><\/p>\n<h1 dir=\"ltr\"><\/h1>\n<h1 dir=\"ltr\"><a id=\"seccio-2\"><\/a>XERRADA PER A LES FAM\u00cdLIES: &#8220;A casa, llegim! (O com acompanyar el proc\u00e9s lector dels nostres infants)&#8221;<\/h1>\n<p><strong>Sant Jordi<\/strong> ja s&#8217;acosta i, des de l&#8217;AFA, escalfem motors! Ens agrada llegir i per aix\u00f2 us hem preparat una <strong>xerrada per saber com transmetre a les nostres criatures aquesta passi\u00f3 per la lectura<\/strong> (una eina, d&#8217;altra banda, per millorar la comprensi\u00f3 lectora i per combatre l&#8217;abandonament de la lectura a l&#8217;adolesc\u00e8ncia!).<\/p>\n<p>Aix\u00ed doncs, apunteu: el dia <strong>16 d&#8217;abril<\/strong>, a les <strong>19.30h<\/strong>, veniu a la Biblioteca a la xerrada <em><strong>&#8220;A casa, llegim! (O com acompanyar el proc\u00e9s lector dels nostres infants)&#8221;<\/strong><\/em>. L&#8217;encarregada de fer-la ser\u00e0 l&#8217;<strong>Stel\u00b7la Camacho<\/strong>, mestra i especialista en Literatura infantil i juvenil. Una de les dues cares visibles de la llibreria <strong>El Petit Tresor<\/strong>, on dinamitza clubs de lectura i altres tallers entorn els llibres i l&#8217;art.<\/p>\n<p>Aquesta xerrada l&#8217;enfoca com una oportunitat per entusiasmar a les fam\u00edlies en l&#8217;experi\u00e8ncia de llegir amb la canalla i en el context de casa. Ens oferir\u00e0 idees claus per a crear ambients de lectura i h\u00e0bits lectors plaents. I, a m\u00e9s a m\u00e9s, remenarem llibres i farem un recorregut de tipologia de llibres dels 3 als 12 anys. Tamb\u00e9 sortirem amb una guia de lectura imprescindible sota al bra\u00e7 i, per qui ho necessiti, recomanacions per regalar el dia de Sant Jordi!<\/p>\n<p><em><strong>Dia: 16 abril 2024<\/strong><\/em><\/p>\n<p><em><strong>Lloc: Biblioteca de l&#8217;Escola (no cal inscripci\u00f3).<\/strong><\/em><\/p>\n<p><em><strong>Hora: 19.30h (duraci\u00f3: 1h)<\/strong><\/em><\/p>\n<p>Us hi esperem!!!<\/p>\n<p style=\"text-align: center;\"><a href=\"https:\/\/agora.xtec.cat\/escolaandersen\/wp-content\/uploads\/usu2380\/2024\/03\/Captura-de-pantalla-2024-03-12-a-les-15.26.08.png\"><img loading=\"lazy\" decoding=\"async\" class=\"wp-image-1311 aligncenter\" src=\"https:\/\/agora.xtec.cat\/escolaandersen\/wp-content\/uploads\/usu2380\/2024\/03\/Captura-de-pantalla-2024-03-12-a-les-15.26.08.png\" alt=\"\" width=\"456\" height=\"451\" \/>@QuentinBlake<\/a><\/p>\n<hr \/>\n<h1 dir=\"ltr\"><a id=\"seccio-3\"><\/a>VALORACI\u00d3 XERRADA ESCOLA VERDA<\/h1>\n<p>El passat divendres 23 de febrer vam organitzar la xerrada sobre <strong>Escola Verda i sostenibilitat<\/strong>. La veritat \u00e9s que va ser molt interessant el que ens van explicar tan l&#8217;<strong>Arnau Amat<\/strong>, professor de did\u00e0ctica de les ci\u00e8ncies a la Uvic-Ucc i pare de l&#8217;escola, com <strong>Quim Benito<\/strong>, responsable de la XesVic. De la nostra escola, vam comptar amb les explicacions tamb\u00e9 molt interessants de la cap d&#8217;estudis, la <strong>Judith Moruno,<\/strong> la <strong>Pili Canal<\/strong> i la <strong>Laura Ordeig,<\/strong> com a respresentants de centre de la XesVic. A tots ells i elles volem agrair el temps que ens van dedicar i fer-los saber que, malgrat que l&#8217;assist\u00e8ncia de fam\u00edlies va ser m\u00ednima, els que hi vam ser ens vam endur alguna idea nova a casa sobre com haur\u00edem de treballar per donar continu\u00eftat a l&#8217;educaci\u00f3 sostenible que ja reben els nostres infants als centres.<\/p>\n<p><a href=\"https:\/\/agora.xtec.cat\/escolaandersen\/wp-content\/uploads\/usu2380\/2024\/03\/Captura-de-pantalla-2024-03-12-a-les-16.30.23.png\"><img loading=\"lazy\" decoding=\"async\" class=\"wp-image-1316 aligncenter\" src=\"https:\/\/agora.xtec.cat\/escolaandersen\/wp-content\/uploads\/usu2380\/2024\/03\/Captura-de-pantalla-2024-03-12-a-les-16.30.23.png\" alt=\"\" width=\"614\" height=\"455\" srcset=\"https:\/\/agora.xtec.cat\/escolaandersen\/wp-content\/uploads\/usu2380\/2024\/03\/Captura-de-pantalla-2024-03-12-a-les-16.30.23.png 974w, https:\/\/agora.xtec.cat\/escolaandersen\/wp-content\/uploads\/usu2380\/2024\/03\/Captura-de-pantalla-2024-03-12-a-les-16.30.23-300x222.png 300w, https:\/\/agora.xtec.cat\/escolaandersen\/wp-content\/uploads\/usu2380\/2024\/03\/Captura-de-pantalla-2024-03-12-a-les-16.30.23-768x569.png 768w\" sizes=\"auto, (max-width: 614px) 100vw, 614px\" \/><\/a><\/p>\n<p>Pel que fa al taller que vam organitzar a partir de les 17h per a les fam\u00edlies i criatures va tenir for\u00e7a assist\u00e8ncia dels infants m\u00e9s menuts de l&#8217;escola els quals van disfrutar embrutant-se les mans tot fent les bombes de llavors. Per al taller vam comptar amb materials que ens va portar l&#8217;Eva Estell\u00e9, mare de l&#8217;Escola, a qui tamb\u00e9 li volem agrair el seu entusiasme i habitual generositat amb tot el que fem des de l&#8217;AFA.<\/p>\n<p>El Joc de l&#8217;Oca gegant que van dur els representants de la XesVic tamb\u00e9 va ser un \u00e8xit.<\/p>\n<p>Moltes gr\u00e0cies a tothom que hi va participar!<\/p>\n<hr \/>\n<h1 dir=\"ltr\"><a id=\"seccio-4\"><\/a>L&#8217;AGENDA<\/h1>\n<p><a href=\"https:\/\/agora.xtec.cat\/escolaandersen\/wp-content\/uploads\/usu2380\/2024\/03\/Yellow-Post-it-Note-Class-Reminder-Classroom-Announcement-5-1.png\"><img loading=\"lazy\" decoding=\"async\" class=\" wp-image-1325 aligncenter\" src=\"https:\/\/agora.xtec.cat\/escolaandersen\/wp-content\/uploads\/usu2380\/2024\/03\/Yellow-Post-it-Note-Class-Reminder-Classroom-Announcement-5-1.png\" alt=\"\" width=\"695\" height=\"685\" \/><\/a><\/p>\n<hr \/>\n","protected":false},"excerpt":{"rendered":"<p><a href=\"https:\/\/agora.xtec.cat\/escolaandersen\/wp-content\/uploads\/usu2380\/2023\/11\/cap_afainforma.png\"><\/a><\/p>\n<ul>\n<li dir=\"ltr\" aria-level=\"2\">\n<a href=\"#seccio-1\">DIA DEL PENCAIRE<\/a>\n<\/li>\n<li dir=\"ltr\" aria-level=\"2\">\n<a href=\"#seccio-2\">XERRADA PER A LES FAM\u00cdLIES: &#8220;A casa, llegim! (O com acompanyar el proc\u00e9s lector dels nostres infants)&#8221;<\/a>\n<\/li>\n<li dir=\"ltr\" aria-level=\"2\">\n<a href=\"#seccio-3\">VALORACI\u00d3 XERRADA ESCOLA VERDA<\/a>\n<\/li>\n<li dir=\"ltr\" aria-level=\"2\">\n<a href=\"#seccio-4\">L&#8217;AGENDA<\/a>\n<\/li>\n<\/ul>\n<p><a id=\"seccio-1\"><\/a>DIA DEL PENCAIRE<br \/>\nBenvolgudes fam\u00edlies,<br \/>\nUs convidem a participar al Dia del&hellip;  <a href=\"https:\/\/agora.xtec.cat\/escolaandersen\/afa\/afa-informa-40\/\" title=\"Read AFA informa 40\">Llegeix m\u00e9s\u00bb<\/a><\/p>\n","protected":false},"author":3,"featured_media":0,"comment_status":"open","ping_status":"closed","sticky":false,"template":"","format":"standard","meta":{"_bbp_topic_count":0,"_bbp_reply_count":0,"_bbp_total_topic_count":0,"_bbp_total_reply_count":0,"_bbp_voice_count":0,"_bbp_anonymous_reply_count":0,"_bbp_topic_count_hidden":0,"_bbp_reply_count_hidden":0,"_bbp_forum_subforum_count":0,"footnotes":""},"categories":[7],"tags":[],"class_list":["post-1306","post","type-post","status-publish","format-standard","hentry","category-afa"],"post_mailing_queue_ids":[],"_links":{"self":[{"href":"https:\/\/agora.xtec.cat\/escolaandersen\/wp-json\/wp\/v2\/posts\/1306","targetHints":{"allow":["GET"]}}],"collection":[{"href":"https:\/\/agora.xtec.cat\/escolaandersen\/wp-json\/wp\/v2\/posts"}],"about":[{"href":"https:\/\/agora.xtec.cat\/escolaandersen\/wp-json\/wp\/v2\/types\/post"}],"author":[{"embeddable":true,"href":"https:\/\/agora.xtec.cat\/escolaandersen\/wp-json\/wp\/v2\/users\/3"}],"replies":[{"embeddable":true,"href":"https:\/\/agora.xtec.cat\/escolaandersen\/wp-json\/wp\/v2\/comments?post=1306"}],"version-history":[{"count":6,"href":"https:\/\/agora.xtec.cat\/escolaandersen\/wp-json\/wp\/v2\/posts\/1306\/revisions"}],"predecessor-version":[{"id":1328,"href":"https:\/\/agora.xtec.cat\/escolaandersen\/wp-json\/wp\/v2\/posts\/1306\/revisions\/1328"}],"wp:attachment":[{"href":"https:\/\/agora.xtec.cat\/escolaandersen\/wp-json\/wp\/v2\/media?parent=1306"}],"wp:term":[{"taxonomy":"category","embeddable":true,"href":"https:\/\/agora.xtec.cat\/escolaandersen\/wp-json\/wp\/v2\/categories?post=1306"},{"taxonomy":"post_tag","embeddable":true,"href":"https:\/\/agora.xtec.cat\/escolaandersen\/wp-json\/wp\/v2\/tags?post=1306"}],"curies":[{"name":"wp","href":"https:\/\/api.w.org\/{rel}","templated":true}]}}